{"id":100010,"date":"2018-03-11T10:21:21","date_gmt":"2018-03-11T10:21:21","guid":{"rendered":"https:\/\/www.deberes.net\/tesis\/sin-categoria\/impacto-del-consumo-de-tabaco-en-extremadura\/"},"modified":"2018-03-11T10:21:21","modified_gmt":"2018-03-11T10:21:21","slug":"impacto-del-consumo-de-tabaco-en-extremadura","status":"publish","type":"post","link":"https:\/\/www.deberes.net\/tesis\/extremadura\/impacto-del-consumo-de-tabaco-en-extremadura\/","title":{"rendered":"Impacto del consumo de tabaco en extremadura"},"content":{"rendered":"<h2>Tesis doctoral de <strong> Pedro Garcia Ramos <\/strong><\/h2>\n<p>1.\tAunque en 10 a\u00f1os se ha experimentado una notable mejora frente al consumo de tabaco, \u00e9ste sigue constituyendo un grav\u00edsimo problema de salud p\u00fablica en extremadura. No obstante es necesario poner de relieva que la disminuci\u00f3n de la preValencia del consumo en una d\u00e9cada y la mejora en las condiciones de vida, ha hecho descender la mortalidad atribuible a su consumo.  2.\tPermitir fumar en espacios cerrados, en presencia de personas no fumadoras, es una forma de conculcar derechos fundamentales, como es el derecho a la salud. Es necesario constatar la similitud del impacto entre tabaquismo voluntario e involuntario en el sexo femenino, hasta el punto que para las enfermedades cardiovasculares, son superiores las tasas de mortalidad en el tabaquismo involuntario.   3.\tLa sociedad y sus medios de opini\u00f3n y comunicaci\u00f3n han banalizado el problema desde hace siglos, sirva como ejemplo el hecho de que el tabaco causa en extremadura, al d\u00eda, las mismas muertes que ha producido la violencia de g\u00e9nero en 7 a\u00f1os.   4.\tEl \u00abbalance  social\u00bb, teniendo en cuenta p\u00e9rdidas y ganancias para extremadura durante 2006 fue de  menos -460.477.885 \u00e2,\u00ac, una reducci\u00f3n del 5% de la preValencia comportar\u00eda un ahorro de 187 vidas, un descenso de 8.596.539 \u00e2,\u00ac en gastos sanitarios y una reducci\u00f3n de 52.438.162 \u00e2,\u00ac de las p\u00e9rdidas de productividad por enfermedad y muerte prematuras, cada a\u00f1o.  5.\tEn extremadura, el estado actual de difusi\u00f3n del tabaquismo, se corresponder\u00eda con la fase final de la fase iii del modelo descriptivo de la epidemia de tabaquismo. No obstante, son imprescindibles reformas legales que aten\u00faen el impacto de esta larga epidemia.<\/p>\n<p>&nbsp;<\/p>\n<h3>Datos acad\u00e9micos de la tesis doctoral \u00ab<strong>Impacto del consumo de tabaco en extremadura<\/strong>\u00ab<\/h3>\n<ul>\n<li><strong>T\u00edtulo de la tesis:<\/strong>\u00a0 Impacto del consumo de tabaco en extremadura <\/li>\n<li><strong>Autor:<\/strong>\u00a0 Pedro Garcia Ramos <\/li>\n<li><strong>Universidad:<\/strong>\u00a0 Extremadura<\/li>\n<li><strong>Fecha de lectura de la tesis:<\/strong>\u00a0 26\/03\/2010<\/li>\n<\/ul>\n<p>&nbsp;<\/p>\n<h3>Direcci\u00f3n y tribunal<\/h3>\n<ul>\n<li><strong>Director de la tesis<\/strong>\n<ul>\n<li>Jos\u00e9 Enrique Campillo \u00e1lvarez<\/li>\n<\/ul>\n<\/li>\n<li><strong>Tribunal<\/strong>\n<ul>\n<li>Presidente del tribunal: bernat Soria escoms <\/li>\n<li>Mar\u00eda \u00e1ngeles Tormo Garc\u00eda (vocal)<\/li>\n<li>Mar\u00eda etelvina Andreu s\u00e1nchez (vocal)<\/li>\n<li>Juan  j. Llaneza llaneza (vocal)<\/li>\n<\/ul>\n<\/li>\n<\/ul>\n<p>&nbsp;<\/p>\n","protected":false},"excerpt":{"rendered":"<p>Tesis doctoral de Pedro Garcia Ramos 1. Aunque en 10 a\u00f1os se ha experimentado una notable mejora frente al consumo [&hellip;]<\/p>\n","protected":false},"author":1,"featured_media":0,"comment_status":"open","ping_status":"open","sticky":false,"template":"","format":"standard","meta":{"site-sidebar-layout":"default","site-content-layout":"","ast-site-content-layout":"","site-content-style":"default","site-sidebar-style":"default","ast-global-header-display":"","ast-banner-title-visibility":"","ast-main-header-display":"","ast-hfb-above-header-display":"","ast-hfb-below-header-display":"","ast-hfb-mobile-header-display":"","site-post-title":"","ast-breadcrumbs-content":"","ast-featured-img":"","footer-sml-layout":"","theme-transparent-header-meta":"","adv-header-id-meta":"","stick-header-meta":"","header-above-stick-meta":"","header-main-stick-meta":"","header-below-stick-meta":"","astra-migrate-meta-layouts":"default","ast-page-background-enabled":"default","ast-page-background-meta":{"desktop":{"background-color":"var(--ast-global-color-4)","background-image":"","background-repeat":"repeat","background-position":"center center","background-size":"auto","background-attachment":"scroll","background-type":"","background-media":"","overlay-type":"","overlay-color":"","overlay-gradient":""},"tablet":{"background-color":"","background-image":"","background-repeat":"repeat","background-position":"center center","background-size":"auto","background-attachment":"scroll","background-type":"","background-media":"","overlay-type":"","overlay-color":"","overlay-gradient":""},"mobile":{"background-color":"","background-image":"","background-repeat":"repeat","background-position":"center center","background-size":"auto","background-attachment":"scroll","background-type":"","background-media":"","overlay-type":"","overlay-color":"","overlay-gradient":""}},"ast-content-background-meta":{"desktop":{"background-color":"var(--ast-global-color-5)","background-image":"","background-repeat":"repeat","background-position":"center center","background-size":"auto","background-attachment":"scroll","background-type":"","background-media":"","overlay-type":"","overlay-color":"","overlay-gradient":""},"tablet":{"background-color":"var(--ast-global-color-5)","background-image":"","background-repeat":"repeat","background-position":"center center","background-size":"auto","background-attachment":"scroll","background-type":"","background-media":"","overlay-type":"","overlay-color":"","overlay-gradient":""},"mobile":{"background-color":"var(--ast-global-color-5)","background-image":"","background-repeat":"repeat","background-position":"center center","background-size":"auto","background-attachment":"scroll","background-type":"","background-media":"","overlay-type":"","overlay-color":"","overlay-gradient":""}},"footnotes":""},"categories":[963,1086,949,17524,967],"tags":[11639,1743,203870,127185,46478,203869],"class_list":["post-100010","post","type-post","status-publish","format-standard","hentry","category-economia-sectorial","category-epidemiologia","category-extremadura","category-fisiologia-ambiental","category-salud-publica","tag-bernat-soria-escoms","tag-jose-enrique-campillo-alvarez","tag-juan-j-llaneza-llaneza","tag-maria-angeles-tormo-garcia","tag-maria-etelvina-andreu-sanchez","tag-pedro-garcia-ramos"],"_links":{"self":[{"href":"https:\/\/www.deberes.net\/tesis\/wp-json\/wp\/v2\/posts\/100010","targetHints":{"allow":["GET"]}}],"collection":[{"href":"https:\/\/www.deberes.net\/tesis\/wp-json\/wp\/v2\/posts"}],"about":[{"href":"https:\/\/www.deberes.net\/tesis\/wp-json\/wp\/v2\/types\/post"}],"author":[{"embeddable":true,"href":"https:\/\/www.deberes.net\/tesis\/wp-json\/wp\/v2\/users\/1"}],"replies":[{"embeddable":true,"href":"https:\/\/www.deberes.net\/tesis\/wp-json\/wp\/v2\/comments?post=100010"}],"version-history":[{"count":0,"href":"https:\/\/www.deberes.net\/tesis\/wp-json\/wp\/v2\/posts\/100010\/revisions"}],"wp:attachment":[{"href":"https:\/\/www.deberes.net\/tesis\/wp-json\/wp\/v2\/media?parent=100010"}],"wp:term":[{"taxonomy":"category","embeddable":true,"href":"https:\/\/www.deberes.net\/tesis\/wp-json\/wp\/v2\/categories?post=100010"},{"taxonomy":"post_tag","embeddable":true,"href":"https:\/\/www.deberes.net\/tesis\/wp-json\/wp\/v2\/tags?post=100010"}],"curies":[{"name":"wp","href":"https:\/\/api.w.org\/{rel}","templated":true}]}}