{"id":100028,"date":"2018-03-11T10:21:21","date_gmt":"2018-03-11T10:21:21","guid":{"rendered":"https:\/\/www.deberes.net\/tesis\/sin-categoria\/psicomotricidad-y-salud-aportaciones-desde-el-trabajo-practico\/"},"modified":"2018-03-11T10:21:21","modified_gmt":"2018-03-11T10:21:21","slug":"psicomotricidad-y-salud-aportaciones-desde-el-trabajo-practico","status":"publish","type":"post","link":"https:\/\/www.deberes.net\/tesis\/extremadura\/psicomotricidad-y-salud-aportaciones-desde-el-trabajo-practico\/","title":{"rendered":"Psicomotricidad y salud: aportaciones desde el trabajo pr\u00e1ctico"},"content":{"rendered":"<h2>Tesis doctoral de <strong> Antonio  Javier \u00e1lvarez Mart\u00ednez <\/strong><\/h2>\n<p>El objetivo de la tesis ha sido el de analizar la psicomotricidad desde un punto de vista interdisciplinario, revisando su evoluci\u00f3n hist\u00f3rica e intentando finalmente investigar alguna de las aplicaciones terap\u00e9uticas de la misma.  se estudian los conceptos, imagen y esquema corporal, desde una \u00f3ptica inter y  transdisciplinar, haciendo hincapi\u00e9 en la relaci\u00f3n entre psicomotricidad y equilibrio con el medio. La pr\u00e1ctica psicomotriz facilita el equilibrio adaptativo, la homeostasia adaptativa y por lo tanto la salud.  se hace una aproximaci\u00f3n hist\u00f3rica a la psicomotricidad, haciendo especial referencia a las aportaciones de wallon, piaget, ajuriaguerra, la escuela psicoanal\u00edtica y la escuela francesa de la psicomotricidad vivenciada, acotando la definici\u00f3n de psicomotricidad y analizando su proyecci\u00f3n en espa\u00f1a.  la tesis, con una casu\u00edstica de catorce pacientes, incluidos los controles,  demuestra que la implementaci\u00f3n de un programa psicomotriz mantenido durante dos a\u00f1os, con el a\u00f1adido de un programa de estimulaci\u00f3n vest\u00edbulo- propioceptiva favorece el desarrollo de las habilidades motrices est\u00e1ticas y din\u00e1micas, la construcci\u00f3n del esquema corporal, la regulaci\u00f3n del tono y la capacidad de comunicaci\u00f3n en todos sus aspectos. Esta mejor\u00eda de las capacidades tanto psicomotoras como cognitivas, genera equilibrio con el medio y por lo tanto, salud.<\/p>\n<p>&nbsp;<\/p>\n<h3>Datos acad\u00e9micos de la tesis doctoral \u00ab<strong>Psicomotricidad y salud: aportaciones desde el trabajo pr\u00e1ctico<\/strong>\u00ab<\/h3>\n<ul>\n<li><strong>T\u00edtulo de la tesis:<\/strong>\u00a0 Psicomotricidad y salud: aportaciones desde el trabajo pr\u00e1ctico <\/li>\n<li><strong>Autor:<\/strong>\u00a0 Antonio  Javier \u00e1lvarez Mart\u00ednez <\/li>\n<li><strong>Universidad:<\/strong>\u00a0 Extremadura<\/li>\n<li><strong>Fecha de lectura de la tesis:<\/strong>\u00a0 26\/03\/2010<\/li>\n<\/ul>\n<p>&nbsp;<\/p>\n<h3>Direcci\u00f3n y tribunal<\/h3>\n<ul>\n<li><strong>Director de la tesis<\/strong>\n<ul>\n<li>Florencio Vicente Castro<\/li>\n<\/ul>\n<\/li>\n<li><strong>Tribunal<\/strong>\n<ul>\n<li>Presidente del tribunal: gonzalo Sampascual maicas <\/li>\n<li>Mar\u00eda isabel Fajardo caldera (vocal)<\/li>\n<li>eliseo alfonso Barca lozano (vocal)<\/li>\n<li>Antonio Mesonero valhondo (vocal)<\/li>\n<\/ul>\n<\/li>\n<\/ul>\n<p>&nbsp;<\/p>\n","protected":false},"excerpt":{"rendered":"<p>Tesis doctoral de Antonio Javier \u00e1lvarez Mart\u00ednez El objetivo de la tesis ha sido el de analizar la psicomotricidad desde [&hellip;]<\/p>\n","protected":false},"author":1,"featured_media":0,"comment_status":"open","ping_status":"open","sticky":false,"template":"","format":"standard","meta":{"site-sidebar-layout":"default","site-content-layout":"","ast-site-content-layout":"","site-content-style":"default","site-sidebar-style":"default","ast-global-header-display":"","ast-banner-title-visibility":"","ast-main-header-display":"","ast-hfb-above-header-display":"","ast-hfb-below-header-display":"","ast-hfb-mobile-header-display":"","site-post-title":"","ast-breadcrumbs-content":"","ast-featured-img":"","footer-sml-layout":"","theme-transparent-header-meta":"","adv-header-id-meta":"","stick-header-meta":"","header-above-stick-meta":"","header-main-stick-meta":"","header-below-stick-meta":"","astra-migrate-meta-layouts":"default","ast-page-background-enabled":"default","ast-page-background-meta":{"desktop":{"background-color":"var(--ast-global-color-4)","background-image":"","background-repeat":"repeat","background-position":"center center","background-size":"auto","background-attachment":"scroll","background-type":"","background-media":"","overlay-type":"","overlay-color":"","overlay-gradient":""},"tablet":{"background-color":"","background-image":"","background-repeat":"repeat","background-position":"center center","background-size":"auto","background-attachment":"scroll","background-type":"","background-media":"","overlay-type":"","overlay-color":"","overlay-gradient":""},"mobile":{"background-color":"","background-image":"","background-repeat":"repeat","background-position":"center center","background-size":"auto","background-attachment":"scroll","background-type":"","background-media":"","overlay-type":"","overlay-color":"","overlay-gradient":""}},"ast-content-background-meta":{"desktop":{"background-color":"var(--ast-global-color-5)","background-image":"","background-repeat":"repeat","background-position":"center center","background-size":"auto","background-attachment":"scroll","background-type":"","background-media":"","overlay-type":"","overlay-color":"","overlay-gradient":""},"tablet":{"background-color":"var(--ast-global-color-5)","background-image":"","background-repeat":"repeat","background-position":"center center","background-size":"auto","background-attachment":"scroll","background-type":"","background-media":"","overlay-type":"","overlay-color":"","overlay-gradient":""},"mobile":{"background-color":"var(--ast-global-color-5)","background-image":"","background-repeat":"repeat","background-position":"center center","background-size":"auto","background-attachment":"scroll","background-type":"","background-media":"","overlay-type":"","overlay-color":"","overlay-gradient":""}},"footnotes":""},"categories":[949,12380],"tags":[203897,55354,21321,7144,5138,56535],"class_list":["post-100028","post","type-post","status-publish","format-standard","hentry","category-extremadura","category-sector-de-la-salud","tag-antonio-javier-alvarez-Martinez","tag-antonio-mesonero-valhondo","tag-eliseo-alfonso-barca-lozano","tag-florencio-vicente-castro","tag-gonzalo-sampascual-maicas","tag-maria-isabel-fajardo-caldera"],"_links":{"self":[{"href":"https:\/\/www.deberes.net\/tesis\/wp-json\/wp\/v2\/posts\/100028","targetHints":{"allow":["GET"]}}],"collection":[{"href":"https:\/\/www.deberes.net\/tesis\/wp-json\/wp\/v2\/posts"}],"about":[{"href":"https:\/\/www.deberes.net\/tesis\/wp-json\/wp\/v2\/types\/post"}],"author":[{"embeddable":true,"href":"https:\/\/www.deberes.net\/tesis\/wp-json\/wp\/v2\/users\/1"}],"replies":[{"embeddable":true,"href":"https:\/\/www.deberes.net\/tesis\/wp-json\/wp\/v2\/comments?post=100028"}],"version-history":[{"count":0,"href":"https:\/\/www.deberes.net\/tesis\/wp-json\/wp\/v2\/posts\/100028\/revisions"}],"wp:attachment":[{"href":"https:\/\/www.deberes.net\/tesis\/wp-json\/wp\/v2\/media?parent=100028"}],"wp:term":[{"taxonomy":"category","embeddable":true,"href":"https:\/\/www.deberes.net\/tesis\/wp-json\/wp\/v2\/categories?post=100028"},{"taxonomy":"post_tag","embeddable":true,"href":"https:\/\/www.deberes.net\/tesis\/wp-json\/wp\/v2\/tags?post=100028"}],"curies":[{"name":"wp","href":"https:\/\/api.w.org\/{rel}","templated":true}]}}