{"id":10010,"date":"1996-01-01T00:00:00","date_gmt":"1996-01-01T00:00:00","guid":{"rendered":"https:\/\/www.deberes.net\/tesis\/1996\/01\/01\/die-linguistische-forschung-am-herder-institut-leipzig\/"},"modified":"1996-01-01T00:00:00","modified_gmt":"1996-01-01T00:00:00","slug":"die-linguistische-forschung-am-herder-institut-leipzig","status":"publish","type":"post","link":"https:\/\/www.deberes.net\/tesis\/linguistica\/die-linguistische-forschung-am-herder-institut-leipzig\/","title":{"rendered":"Die linguistische forschung am herder-institut leipzig."},"content":{"rendered":"<h2>Tesis doctoral de <strong> Jan\u00e9 Marta Fern\u00e1ndez Villanueva <\/strong><\/h2>\n<p>Presentacion y critica de las investigaciones linguisticas llevadas a cabo en el instituto herder de la universidad de leipzig, desde su creacion a finales de los a\u00f1os sesenta bajo la direccion del profesor gerhard helbig. Las aportaciones de este grupo investigador han determinado de forma decisiva e indiscutible los ambitos y metodos de investigacion de la gramatica alemana para la ense\u00f1anza del aleman como lengua extranjera (daf). La aportacion de la tesis radica en primer lugar en una profunda y contrastada revision historica de corrientes y teorias gramaticales que han determinado las investigaciones del grupo del instituto herder.  en segundo lugar se analiza criticamente los campos de investigacion y las principales teorias desarrolladas por el grupo (teoria de Valencias y casos, estudios lexicologicos de los \u00abfunktionsworter\u00bb), asi como la adaptacion de los resultados en materiales de soporte para la ense\u00f1anza del aleman como lengua extranjera:  gramaticas y diccionarios.<\/p>\n<p>&nbsp;<\/p>\n<h3>Datos acad\u00e9micos de la tesis doctoral \u00ab<strong>Die linguistische forschung am herder-institut leipzig.<\/strong>\u00ab<\/h3>\n<ul>\n<li><strong>T\u00edtulo de la tesis:<\/strong>\u00a0 Die linguistische forschung am herder-institut leipzig. <\/li>\n<li><strong>Autor:<\/strong>\u00a0 Jan\u00e9 Marta Fern\u00e1ndez Villanueva <\/li>\n<li><strong>Universidad:<\/strong>\u00a0 Barcelona<\/li>\n<li><strong>Fecha de lectura de la tesis:<\/strong>\u00a0 01\/01\/1996<\/li>\n<\/ul>\n<p>&nbsp;<\/p>\n<h3>Direcci\u00f3n y tribunal<\/h3>\n<ul>\n<li><strong>Director de la tesis<\/strong>\n<ul>\n<li>Gerhard Helbig<\/li>\n<\/ul>\n<\/li>\n<li><strong>Tribunal<\/strong>\n<ul>\n<li>Presidente del tribunal: M  I.teresa Zurdo Ruiz-ayucar <\/li>\n<li>Germ\u00e1n Ruip\u00e9rez Garc\u00eda (vocal)<\/li>\n<li>Pilar Estelrich Arce (vocal)<\/li>\n<li>Andreu Castell  Vicente (vocal)<\/li>\n<\/ul>\n<\/li>\n<\/ul>\n<p>&nbsp;<\/p>\n","protected":false},"excerpt":{"rendered":"<p>Tesis doctoral de Jan\u00e9 Marta Fern\u00e1ndez Villanueva Presentacion y critica de las investigaciones linguisticas llevadas a cabo en el instituto [&hellip;]<\/p>\n","protected":false},"author":1,"featured_media":0,"comment_status":"open","ping_status":"open","sticky":false,"template":"","format":"standard","meta":{"site-sidebar-layout":"default","site-content-layout":"","ast-site-content-layout":"","site-content-style":"default","site-sidebar-style":"default","ast-global-header-display":"","ast-banner-title-visibility":"","ast-main-header-display":"","ast-hfb-above-header-display":"","ast-hfb-below-header-display":"","ast-hfb-mobile-header-display":"","site-post-title":"","ast-breadcrumbs-content":"","ast-featured-img":"","footer-sml-layout":"","theme-transparent-header-meta":"","adv-header-id-meta":"","stick-header-meta":"","header-above-stick-meta":"","header-main-stick-meta":"","header-below-stick-meta":"","astra-migrate-meta-layouts":"default","ast-page-background-enabled":"default","ast-page-background-meta":{"desktop":{"background-color":"var(--ast-global-color-4)","background-image":"","background-repeat":"repeat","background-position":"center center","background-size":"auto","background-attachment":"scroll","background-type":"","background-media":"","overlay-type":"","overlay-color":"","overlay-gradient":""},"tablet":{"background-color":"","background-image":"","background-repeat":"repeat","background-position":"center center","background-size":"auto","background-attachment":"scroll","background-type":"","background-media":"","overlay-type":"","overlay-color":"","overlay-gradient":""},"mobile":{"background-color":"","background-image":"","background-repeat":"repeat","background-position":"center center","background-size":"auto","background-attachment":"scroll","background-type":"","background-media":"","overlay-type":"","overlay-color":"","overlay-gradient":""}},"ast-content-background-meta":{"desktop":{"background-color":"var(--ast-global-color-5)","background-image":"","background-repeat":"repeat","background-position":"center center","background-size":"auto","background-attachment":"scroll","background-type":"","background-media":"","overlay-type":"","overlay-color":"","overlay-gradient":""},"tablet":{"background-color":"var(--ast-global-color-5)","background-image":"","background-repeat":"repeat","background-position":"center center","background-size":"auto","background-attachment":"scroll","background-type":"","background-media":"","overlay-type":"","overlay-color":"","overlay-gradient":""},"mobile":{"background-color":"var(--ast-global-color-5)","background-image":"","background-repeat":"repeat","background-position":"center center","background-size":"auto","background-attachment":"scroll","background-type":"","background-media":"","overlay-type":"","overlay-color":"","overlay-gradient":""}},"footnotes":""},"categories":[951,1891,59,60],"tags":[33820,33817,8355,33816,33818,33819],"class_list":["post-10010","post","type-post","status-publish","format-standard","hentry","category-barcelona","category-ensenanza-de-lenguas","category-linguistica","category-linguistica-aplicada","tag-andreu-castell-vicente","tag-gerhard-helbig","tag-german-ruiperez-garcia","tag-jane-marta-fernandez-villanueva","tag-m-i-teresa-zurdo-ruiz-ayucar","tag-pilar-estelrich-arce"],"_links":{"self":[{"href":"https:\/\/www.deberes.net\/tesis\/wp-json\/wp\/v2\/posts\/10010","targetHints":{"allow":["GET"]}}],"collection":[{"href":"https:\/\/www.deberes.net\/tesis\/wp-json\/wp\/v2\/posts"}],"about":[{"href":"https:\/\/www.deberes.net\/tesis\/wp-json\/wp\/v2\/types\/post"}],"author":[{"embeddable":true,"href":"https:\/\/www.deberes.net\/tesis\/wp-json\/wp\/v2\/users\/1"}],"replies":[{"embeddable":true,"href":"https:\/\/www.deberes.net\/tesis\/wp-json\/wp\/v2\/comments?post=10010"}],"version-history":[{"count":0,"href":"https:\/\/www.deberes.net\/tesis\/wp-json\/wp\/v2\/posts\/10010\/revisions"}],"wp:attachment":[{"href":"https:\/\/www.deberes.net\/tesis\/wp-json\/wp\/v2\/media?parent=10010"}],"wp:term":[{"taxonomy":"category","embeddable":true,"href":"https:\/\/www.deberes.net\/tesis\/wp-json\/wp\/v2\/categories?post=10010"},{"taxonomy":"post_tag","embeddable":true,"href":"https:\/\/www.deberes.net\/tesis\/wp-json\/wp\/v2\/tags?post=10010"}],"curies":[{"name":"wp","href":"https:\/\/api.w.org\/{rel}","templated":true}]}}