{"id":100106,"date":"2010-05-04T00:00:00","date_gmt":"2010-05-04T00:00:00","guid":{"rendered":"https:\/\/www.deberes.net\/tesis\/sin-categoria\/una-nacion-o-muchas-patrias-soberanas-territorios-identidades-e-independencias-en-el-nuevo-reino-de-granada-1780-1816\/"},"modified":"2010-05-04T00:00:00","modified_gmt":"2010-05-04T00:00:00","slug":"una-nacion-o-muchas-patrias-soberanas-territorios-identidades-e-independencias-en-el-nuevo-reino-de-granada-1780-1816","status":"publish","type":"post","link":"https:\/\/www.deberes.net\/tesis\/historia-social-y-cultural-de-america\/una-nacion-o-muchas-patrias-soberanas-territorios-identidades-e-independencias-en-el-nuevo-reino-de-granada-1780-1816\/","title":{"rendered":"Una naci\u00f3n o muchas patrias soberanas. territorios, identidades  e independencias en el nuevo reino de granada, 1780-1816"},"content":{"rendered":"<h2>Tesis doctoral de <strong> Ana Catalina Reyes  C\u00e1rdenas <\/strong><\/h2>\n<p>Esta tesis estudia el establecimiento de la primera rep\u00fablica en el nuevo reino de granada. Este periodo ha sido descuidado por la historiograf\u00eda colombiana que hasta nuestros d\u00edas lo ha denominado, de forma despectiva, como la patria boba, rest\u00e1ndole  la complejidad que merece  un periodo de transici\u00f3n entre el antiguo r\u00e9gimen, y la modernidad pol\u00edtica, al tiempo que se da la ruptura con la sujeci\u00f3n colonial. La tesis  aborda, en primer lugar, la reconstrucci\u00f3n de lo que era el virreinato en el tard\u00edo colonial en cuanto a su organizaci\u00f3n territorial y poblacional. La estructura y  jerarqu\u00edas territoriales coloniales y los desajustes que sufren en el \u00faltimo cuarto del siglo xviii como consecuencia de las reformas borb\u00f3nicas, son claves para entender los conflictos pol\u00edticos en la primera rep\u00fablica. En segundo lugar, a pesar de que la acci\u00f3n pol\u00edtica que conduce a la inauguraci\u00f3n de la primer rep\u00fablica est\u00e1 en manos de las elites criollas, es necesario entender el funcionamiento de la sociedad de castas neogranadina, que determinar\u00e1 las limitaciones del nuevo proyecto pol\u00edtico y las dificultades para que se de una inclusi\u00f3n como nuevos ciudadanos de gran parte de poblaci\u00f3n compuesta por libres de colores, ind\u00edgenas y esclavos. El  eje de la tesis, que se aparta de las explicaciones convencionales de caracterizar el periodo como el enfrentamiento entre dos modelos de organizaci\u00f3n del nuevo estado, uno centralista y otro federalista,  pretende, por el contrario, demostrar que las dificultades para consolidar la primera republica, son el resultado de la explosi\u00f3n de m\u00faltiples soberan\u00edas locales aut\u00f3nomas enfrentadas entre si, incluso en algunos casos por medio de las armas. Esta multiplicidad de soberan\u00edas develan las tensiones entre un orden local fuerte  representado por ciudades villas y parroquias e incluso sitios, crisoles en los que se han tejido lazos de identidad, que se enfrentan con un orden provincial endeble, y un orden nacional inexistente. La tesis intenta hacer evidente que la adhesi\u00f3n a uno u otro bando,   patriota, realista, centralista o federalista,  no respond\u00eda tanto a convicciones ideol\u00f3gicas  sino a la garant\u00edas que este pudiera proporcionar a las localidades. Estos proyectos locales no solo convocan a las elites criollas, sino que en algunos casos, grupos como mulatos, pardos, libres e ind\u00edgenas, defender\u00e1n estos proyectos incluso desplazando   aspiraciones \u00e9tnicas y sociales propias.<\/p>\n<p>&nbsp;<\/p>\n<h3>Datos acad\u00e9micos de la tesis doctoral \u00ab<strong>Una naci\u00f3n o muchas patrias soberanas. territorios, identidades  e independencias en el nuevo reino de granada, 1780-1816<\/strong>\u00ab<\/h3>\n<ul>\n<li><strong>T\u00edtulo de la tesis:<\/strong>\u00a0 Una naci\u00f3n o muchas patrias soberanas. territorios, identidades  e independencias en el nuevo reino de granada, 1780-1816 <\/li>\n<li><strong>Autor:<\/strong>\u00a0 Ana Catalina Reyes  C\u00e1rdenas <\/li>\n<li><strong>Universidad:<\/strong>\u00a0 Pablo de olavide<\/li>\n<li><strong>Fecha de lectura de la tesis:<\/strong>\u00a0 05\/04\/2010<\/li>\n<\/ul>\n<p>&nbsp;<\/p>\n<h3>Direcci\u00f3n y tribunal<\/h3>\n<ul>\n<li><strong>Director de la tesis<\/strong>\n<ul>\n<li>Juan Marchena Fernandez<\/li>\n<\/ul>\n<\/li>\n<li><strong>Tribunal<\/strong>\n<ul>\n<li>Presidente del tribunal: manuel Chust calero <\/li>\n<li>Jos\u00e9 Mar\u00eda Miura andrades (vocal)<\/li>\n<li>charles joseph Esdaile (vocal)<\/li>\n<li>Luis Javier Ortiz mesa (vocal)<\/li>\n<\/ul>\n<\/li>\n<\/ul>\n<p>&nbsp;<\/p>\n","protected":false},"excerpt":{"rendered":"<p>Tesis doctoral de Ana Catalina Reyes C\u00e1rdenas Esta tesis estudia el establecimiento de la primera rep\u00fablica en el nuevo reino [&hellip;]<\/p>\n","protected":false},"author":1,"featured_media":0,"comment_status":"open","ping_status":"open","sticky":false,"template":"","format":"standard","meta":{"site-sidebar-layout":"default","site-content-layout":"","ast-site-content-layout":"","site-content-style":"default","site-sidebar-style":"default","ast-global-header-display":"","ast-banner-title-visibility":"","ast-main-header-display":"","ast-hfb-above-header-display":"","ast-hfb-below-header-display":"","ast-hfb-mobile-header-display":"","site-post-title":"","ast-breadcrumbs-content":"","ast-featured-img":"","footer-sml-layout":"","theme-transparent-header-meta":"","adv-header-id-meta":"","stick-header-meta":"","header-above-stick-meta":"","header-main-stick-meta":"","header-below-stick-meta":"","astra-migrate-meta-layouts":"default","ast-page-background-enabled":"default","ast-page-background-meta":{"desktop":{"background-color":"var(--ast-global-color-4)","background-image":"","background-repeat":"repeat","background-position":"center center","background-size":"auto","background-attachment":"scroll","background-type":"","background-media":"","overlay-type":"","overlay-color":"","overlay-gradient":""},"tablet":{"background-color":"","background-image":"","background-repeat":"repeat","background-position":"center center","background-size":"auto","background-attachment":"scroll","background-type":"","background-media":"","overlay-type":"","overlay-color":"","overlay-gradient":""},"mobile":{"background-color":"","background-image":"","background-repeat":"repeat","background-position":"center center","background-size":"auto","background-attachment":"scroll","background-type":"","background-media":"","overlay-type":"","overlay-color":"","overlay-gradient":""}},"ast-content-background-meta":{"desktop":{"background-color":"var(--ast-global-color-5)","background-image":"","background-repeat":"repeat","background-position":"center center","background-size":"auto","background-attachment":"scroll","background-type":"","background-media":"","overlay-type":"","overlay-color":"","overlay-gradient":""},"tablet":{"background-color":"var(--ast-global-color-5)","background-image":"","background-repeat":"repeat","background-position":"center center","background-size":"auto","background-attachment":"scroll","background-type":"","background-media":"","overlay-type":"","overlay-color":"","overlay-gradient":""},"mobile":{"background-color":"var(--ast-global-color-5)","background-image":"","background-repeat":"repeat","background-position":"center center","background-size":"auto","background-attachment":"scroll","background-type":"","background-media":"","overlay-type":"","overlay-color":"","overlay-gradient":""}},"footnotes":""},"categories":[6480,37286],"tags":[204038,193186,191022,8769,204039,65578],"class_list":["post-100106","post","type-post","status-publish","format-standard","hentry","category-historia-social-y-cultural-de-america","category-pablo-de-olavide","tag-ana-catalina-reyes-cardenas","tag-charles-joseph-esdaile","tag-jose-maria-miura-andrades","tag-juan-marchena-fernandez","tag-luis-javier-ortiz-mesa","tag-manuel-chust-calero"],"_links":{"self":[{"href":"https:\/\/www.deberes.net\/tesis\/wp-json\/wp\/v2\/posts\/100106","targetHints":{"allow":["GET"]}}],"collection":[{"href":"https:\/\/www.deberes.net\/tesis\/wp-json\/wp\/v2\/posts"}],"about":[{"href":"https:\/\/www.deberes.net\/tesis\/wp-json\/wp\/v2\/types\/post"}],"author":[{"embeddable":true,"href":"https:\/\/www.deberes.net\/tesis\/wp-json\/wp\/v2\/users\/1"}],"replies":[{"embeddable":true,"href":"https:\/\/www.deberes.net\/tesis\/wp-json\/wp\/v2\/comments?post=100106"}],"version-history":[{"count":0,"href":"https:\/\/www.deberes.net\/tesis\/wp-json\/wp\/v2\/posts\/100106\/revisions"}],"wp:attachment":[{"href":"https:\/\/www.deberes.net\/tesis\/wp-json\/wp\/v2\/media?parent=100106"}],"wp:term":[{"taxonomy":"category","embeddable":true,"href":"https:\/\/www.deberes.net\/tesis\/wp-json\/wp\/v2\/categories?post=100106"},{"taxonomy":"post_tag","embeddable":true,"href":"https:\/\/www.deberes.net\/tesis\/wp-json\/wp\/v2\/tags?post=100106"}],"curies":[{"name":"wp","href":"https:\/\/api.w.org\/{rel}","templated":true}]}}