{"id":100109,"date":"2010-06-04T00:00:00","date_gmt":"2010-06-04T00:00:00","guid":{"rendered":"https:\/\/www.deberes.net\/tesis\/sin-categoria\/analisis-molecular-y-genetico-de-mecanismos-implicados-en-el-aclaramiento-de-beta-amiloide-a-traves-de-los-plexos-coroideos-en-la-enfermedad-de-alzheimer\/"},"modified":"2010-06-04T00:00:00","modified_gmt":"2010-06-04T00:00:00","slug":"analisis-molecular-y-genetico-de-mecanismos-implicados-en-el-aclaramiento-de-beta-amiloide-a-traves-de-los-plexos-coroideos-en-la-enfermedad-de-alzheimer","status":"publish","type":"post","link":"https:\/\/www.deberes.net\/tesis\/sin-categoria\/analisis-molecular-y-genetico-de-mecanismos-implicados-en-el-aclaramiento-de-beta-amiloide-a-traves-de-los-plexos-coroideos-en-la-enfermedad-de-alzheimer\/","title":{"rendered":"An\u00e1lisis molecular y gen\u00e9tico de mecanismos implicados en el aclaramiento de beta-amiloide a trav\u00e9s  de los plexos coroideos en la enfermedad de alzheimer"},"content":{"rendered":"<h2>Tesis doctoral de <strong> Teodoro Vargas Alonso <\/strong><\/h2>\n<p>La enfermedad de alzheimer (ea) es una enfermedad compleja asociada al envejecimiento en la que influyen tanto factores de riesgo gen\u00e9ticos como ambientales. Ni los factores ambientales ni los gen\u00e9ticos por separado causan la enfermedad, siendo neces arios pero no suficientes para el desarrollo de la misma. En esta enfermedad, el p\u00e9ptido a? (Beta-amiloide) se acumula en el cerebro posiblemente debido a un deficiente aclaramiento desde el sistema nervioso central hacia la sangre. En este contexto,  los receptores lrp1 y lrp2\/megalina, factores neurotr\u00f3ficos como el igf-i, que participa en procesos neuroprotectores en el cerebro y ligandos de a?, Como transtirretina, gelsolina o apo e, juegan un papel importante en el proceso de aclaramiento de  a? Desde el cerebro hacia la sangre y cuya alteraci\u00f3n podr\u00eda producir una acumulaci\u00f3n de a? En el cerebro con la consiguiente formaci\u00f3n de placas seniles.  el objetivo de este trabajo es, por una parte, estudiar mecanismos patol\u00f3gicos implicados en el transporte o aclaramiento de a? A trav\u00e9s de la barrera que separa la sangre del l\u00edquido cefalorraqu\u00eddeo a nivel de los plexos coroideos. Para ello se estudiaron alteraciones relacionadas con supervivencia celular y alteraciones estructurales que s e producen en las c\u00e9lulas, y que comprometen la funci\u00f3n de la barrera, limitando de esta forma el transporte de a? Hacia la sangre. Los resultados nos han permitido describir nuevos mecanismos patol\u00f3gicos asociados al proceso de aclaramiento del a? A  trav\u00e9s de los plexos coroideos que implican alteraciones funcionales y estructurales, tales como disfunci\u00f3n mitocondrial y alteraciones en la integridad de la monocapa celular de dicha barrera. por otro lado, se estudiaron genes candidatos, relacion ados con el proceso de aclaramiento del a? A nivel de los plexos coroideos, como posibles factores de riesgo de la ea. Para ello se desarrollaron estudios de asociaci\u00f3n gen\u00e9tica en los genes lrp2\/megalina (receptor de a?), Gsn y ttr (prote\u00ednas de uni \u00f3n a a?) E igf-i (factor neurotr\u00f3fico regulador del transporte de a? Y sus ligandos). Se han analizado polimorfismos en estos genes mediante estudios de asociaci\u00f3n gen\u00e9tica en muestras caso-control. Estos estudios representan una poderosa herramienta  para detectar nuevos factores gen\u00e9ticos de riesgo en las enfermedades complejas.  los resultados de asociaci\u00f3n positiva en los genes lrp2\/megalina, gsn e igf-i, refuerzan la hip\u00f3tesis de que el proceso de aclaramiento del a? A nivel de los plexos co<\/p>\n<p>&nbsp;<\/p>\n<h3>Datos acad\u00e9micos de la tesis doctoral \u00ab<strong>An\u00e1lisis molecular y gen\u00e9tico de mecanismos implicados en el aclaramiento de beta-amiloide a trav\u00e9s  de los plexos coroideos en la enfermedad de alzheimer<\/strong>\u00ab<\/h3>\n<ul>\n<li><strong>T\u00edtulo de la tesis:<\/strong>\u00a0 An\u00e1lisis molecular y gen\u00e9tico de mecanismos implicados en el aclaramiento de beta-amiloide a trav\u00e9s  de los plexos coroideos en la enfermedad de alzheimer <\/li>\n<li><strong>Autor:<\/strong>\u00a0 Teodoro Vargas Alonso <\/li>\n<li><strong>Universidad:<\/strong>\u00a0 Complutense de Madrid<\/li>\n<li><strong>Fecha de lectura de la tesis:<\/strong>\u00a0 06\/04\/2010<\/li>\n<\/ul>\n<p>&nbsp;<\/p>\n<h3>Direcci\u00f3n y tribunal<\/h3>\n<ul>\n<li><strong>Director de la tesis<\/strong>\n<ul>\n<li>Eva Carro D\u00edaz<\/li>\n<\/ul>\n<\/li>\n<li><strong>Tribunal<\/strong>\n<ul>\n<li>Presidente del tribunal: Juan  Carlos Leza cerro <\/li>\n<li>ignacio Torres alem\u00e1n (vocal)<\/li>\n<li>Fernando Valdivieso amate (vocal)<\/li>\n<li>isidro Ferrer abizanda (vocal)<\/li>\n<\/ul>\n<\/li>\n<\/ul>\n<p>&nbsp;<\/p>\n","protected":false},"excerpt":{"rendered":"<p>Tesis doctoral de Teodoro Vargas Alonso La enfermedad de alzheimer (ea) es una enfermedad compleja asociada al envejecimiento en la [&hellip;]<\/p>\n","protected":false},"author":1,"featured_media":0,"comment_status":"open","ping_status":"open","sticky":false,"template":"","format":"standard","meta":{"site-sidebar-layout":"default","site-content-layout":"","ast-site-content-layout":"","site-content-style":"default","site-sidebar-style":"default","ast-global-header-display":"","ast-banner-title-visibility":"","ast-main-header-display":"","ast-hfb-above-header-display":"","ast-hfb-below-header-display":"","ast-hfb-mobile-header-display":"","site-post-title":"","ast-breadcrumbs-content":"","ast-featured-img":"","footer-sml-layout":"","theme-transparent-header-meta":"","adv-header-id-meta":"","stick-header-meta":"","header-above-stick-meta":"","header-main-stick-meta":"","header-below-stick-meta":"","astra-migrate-meta-layouts":"default","ast-page-background-enabled":"default","ast-page-background-meta":{"desktop":{"background-color":"var(--ast-global-color-4)","background-image":"","background-repeat":"repeat","background-position":"center center","background-size":"auto","background-attachment":"scroll","background-type":"","background-media":"","overlay-type":"","overlay-color":"","overlay-gradient":""},"tablet":{"background-color":"","background-image":"","background-repeat":"repeat","background-position":"center center","background-size":"auto","background-attachment":"scroll","background-type":"","background-media":"","overlay-type":"","overlay-color":"","overlay-gradient":""},"mobile":{"background-color":"","background-image":"","background-repeat":"repeat","background-position":"center center","background-size":"auto","background-attachment":"scroll","background-type":"","background-media":"","overlay-type":"","overlay-color":"","overlay-gradient":""}},"ast-content-background-meta":{"desktop":{"background-color":"var(--ast-global-color-5)","background-image":"","background-repeat":"repeat","background-position":"center center","background-size":"auto","background-attachment":"scroll","background-type":"","background-media":"","overlay-type":"","overlay-color":"","overlay-gradient":""},"tablet":{"background-color":"var(--ast-global-color-5)","background-image":"","background-repeat":"repeat","background-position":"center center","background-size":"auto","background-attachment":"scroll","background-type":"","background-media":"","overlay-type":"","overlay-color":"","overlay-gradient":""},"mobile":{"background-color":"var(--ast-global-color-5)","background-image":"","background-repeat":"repeat","background-position":"center center","background-size":"auto","background-attachment":"scroll","background-type":"","background-media":"","overlay-type":"","overlay-color":"","overlay-gradient":""}},"footnotes":""},"categories":[1],"tags":[129040,14429,6465,13845,134330,204045],"class_list":["post-100109","post","type-post","status-publish","format-standard","hentry","category-sin-categoria","tag-eva-carro-diaz","tag-fernando-valdivieso-amate","tag-ignacio-torres-aleman","tag-isidro-ferrer-abizanda","tag-juan-carlos-leza-cerro","tag-teodoro-vargas-alonso"],"_links":{"self":[{"href":"https:\/\/www.deberes.net\/tesis\/wp-json\/wp\/v2\/posts\/100109","targetHints":{"allow":["GET"]}}],"collection":[{"href":"https:\/\/www.deberes.net\/tesis\/wp-json\/wp\/v2\/posts"}],"about":[{"href":"https:\/\/www.deberes.net\/tesis\/wp-json\/wp\/v2\/types\/post"}],"author":[{"embeddable":true,"href":"https:\/\/www.deberes.net\/tesis\/wp-json\/wp\/v2\/users\/1"}],"replies":[{"embeddable":true,"href":"https:\/\/www.deberes.net\/tesis\/wp-json\/wp\/v2\/comments?post=100109"}],"version-history":[{"count":0,"href":"https:\/\/www.deberes.net\/tesis\/wp-json\/wp\/v2\/posts\/100109\/revisions"}],"wp:attachment":[{"href":"https:\/\/www.deberes.net\/tesis\/wp-json\/wp\/v2\/media?parent=100109"}],"wp:term":[{"taxonomy":"category","embeddable":true,"href":"https:\/\/www.deberes.net\/tesis\/wp-json\/wp\/v2\/categories?post=100109"},{"taxonomy":"post_tag","embeddable":true,"href":"https:\/\/www.deberes.net\/tesis\/wp-json\/wp\/v2\/tags?post=100109"}],"curies":[{"name":"wp","href":"https:\/\/api.w.org\/{rel}","templated":true}]}}