{"id":100117,"date":"2010-06-04T00:00:00","date_gmt":"2010-06-04T00:00:00","guid":{"rendered":"https:\/\/www.deberes.net\/tesis\/sin-categoria\/la-inmigracion-gallega-en-el-sur-del-gran-buenos-aires-1869-1960\/"},"modified":"2010-06-04T00:00:00","modified_gmt":"2010-06-04T00:00:00","slug":"la-inmigracion-gallega-en-el-sur-del-gran-buenos-aires-1869-1960","status":"publish","type":"post","link":"https:\/\/www.deberes.net\/tesis\/santiago-de-compostela\/la-inmigracion-gallega-en-el-sur-del-gran-buenos-aires-1869-1960\/","title":{"rendered":"La inmigraci\u00f3n gallega en el sur del gran buenos aires, 1869-1960"},"content":{"rendered":"<h2>Tesis doctoral de <strong> Ruy Gonzalo Far\u00edas Iglesias <\/strong><\/h2>\n<p>La tesis se encuadra dentro del giro aperturista que en los \u00faltimos a\u00f1os lleva a los estudios sobre la inmigraci\u00f3n espa\u00f1ola en la argentina, por marcos temporales y espaciales distintos del cl\u00e1sico de buenos aires en tiempos de las migraciones masivas (1880-1930). Utilizando una metodolog\u00eda que combina el enfoque estad\u00edstico y cuantitativo con las fuentes cualitativas, y la escala macroanal\u00edtica con la micro, buscamos iluminar las caracter\u00edsticas b\u00e1sicas de la presencia gallega (composici\u00f3n provincial, municipal, sexual y etaria), los principales indicadores de su integraci\u00f3n o fusi\u00f3n (patrones de asentamiento, conducta matrimonial, participaci\u00f3n en asociaciones voluntarias \u00e9tnicas e inserci\u00f3n socioprofesional), e incursionar en aspectos tales como su participaci\u00f3n en la formaci\u00f3n de la sociedad civil, la pol\u00edtica local, etc. La investigaci\u00f3n dio lugar a m\u00faltiples conclusiones. En primer lugar, que desde finales del siglo xix los gallegos fueron de modo invariable en torno al 70 % del total espa\u00f1ol. Dada la debilidad de la base demogr\u00e1fica preexistente y el car\u00e1cter b\u00e1sicamente rural que hasta entonces hab\u00eda tenido el \u00e1rea, es dif\u00edcil encontrar en la argentina otro caso en el que hayan contribuido de un modo m\u00e1s decisivo al proceso de crecimiento demogr\u00e1fico, urbanizaci\u00f3n y desarrollo de una estructura productiva, capaz de crear una de las concentraciones urbanas, industriales y proletarias m\u00e1s importantes del pa\u00eds. Lejos de distribuirse de manera uniforme, tuvieron al principio un patr\u00f3n de asentamiento altamente concentrado, lo que hizo que se hallaran sobrerrepresentados en algunas de las zonas de mayor densidad industrial. No obstante, en las seis primeras d\u00e9cadas del siglo xx la \u00c2\u00bfmancha\u00c2\u00bf poblacional gallega se extendi\u00f3 paulatinamente desde el \u00e1rea c\u00e9ntrica del partido hacia sus zonas aleda\u00f1as y, m\u00e1s tarde, hacia otros puntos m\u00e1s apartados, manifestando un lento pero imparable proceso de descentralizaci\u00f3n. La inserci\u00f3n socioprofesional del grupo se verific\u00f3 de manera preponderante dentro del proletariado urbano con y sin cualificaci\u00f3n. Si bien existi\u00f3 cierta movilidad ocupacional que, al mismo tiempo, implic\u00f3 una transferencia de personas desde el sector secundario de la econom\u00eda al terciario, de ning\u00fan modo se trat\u00f3 de un traspaso masivo. Cuando menos hasta 1930 los gallegos desarrollaron una conducta matrimonial marcadamente endog\u00e1mica. En el balance del per\u00edodo, ocho de cada diez se casaron con otro espa\u00f1ol, siete con otro gallego, y cinco con una persona oriunda de su misma provincia. No obstante, ese comportamiento endog\u00e1mico resulta a\u00fan m\u00e1s pronunciado en el caso de las mujeres. Los gallegos participaron de un amplio movimiento asociativo de base \u00e9tnica, pudiendo encontr\u00e1rselos tanto en el gen\u00e9rico espa\u00f1ol como en las asociaciones puramente gallegas de car\u00e1cter macro y microterritorial. No obstante, el desarrollo de una notable conducta \u00e9tnica no les impidi\u00f3 integrarse plenamente en la vida de la sociedad local, militar en los \u00e1mbitos de sociabilidad e instituciones de la misma, participar como miembros activos en las problem\u00e1ticas que la afectaron, en la pol\u00edtica, etc.<\/p>\n<p>&nbsp;<\/p>\n<h3>Datos acad\u00e9micos de la tesis doctoral \u00ab<strong>La inmigraci\u00f3n gallega en el sur del gran buenos aires, 1869-1960<\/strong>\u00ab<\/h3>\n<ul>\n<li><strong>T\u00edtulo de la tesis:<\/strong>\u00a0 La inmigraci\u00f3n gallega en el sur del gran buenos aires, 1869-1960 <\/li>\n<li><strong>Autor:<\/strong>\u00a0 Ruy Gonzalo Far\u00edas Iglesias <\/li>\n<li><strong>Universidad:<\/strong>\u00a0 Santiago de compostela<\/li>\n<li><strong>Fecha de lectura de la tesis:<\/strong>\u00a0 06\/04\/2010<\/li>\n<\/ul>\n<p>&nbsp;<\/p>\n<h3>Direcci\u00f3n y tribunal<\/h3>\n<ul>\n<li><strong>Director de la tesis<\/strong>\n<ul>\n<li>Xose Manoel Nu\u00f1ez Seixas<\/li>\n<\/ul>\n<\/li>\n<li><strong>Tribunal<\/strong>\n<ul>\n<li>Presidente del tribunal: ramon Villares paz <\/li>\n<li>Luis Alberto Romero (vocal)<\/li>\n<li>oscar Alvarez  gila (vocal)<\/li>\n<li>Fernando Devoto (vocal)<\/li>\n<\/ul>\n<\/li>\n<\/ul>\n<p>&nbsp;<\/p>\n","protected":false},"excerpt":{"rendered":"<p>Tesis doctoral de Ruy Gonzalo Far\u00edas Iglesias La tesis se encuadra dentro del giro aperturista que en los \u00faltimos a\u00f1os [&hellip;]<\/p>\n","protected":false},"author":1,"featured_media":0,"comment_status":"open","ping_status":"open","sticky":false,"template":"","format":"standard","meta":{"site-sidebar-layout":"default","site-content-layout":"","ast-site-content-layout":"","site-content-style":"default","site-sidebar-style":"default","ast-global-header-display":"","ast-banner-title-visibility":"","ast-main-header-display":"","ast-hfb-above-header-display":"","ast-hfb-below-header-display":"","ast-hfb-mobile-header-display":"","site-post-title":"","ast-breadcrumbs-content":"","ast-featured-img":"","footer-sml-layout":"","theme-transparent-header-meta":"","adv-header-id-meta":"","stick-header-meta":"","header-above-stick-meta":"","header-main-stick-meta":"","header-below-stick-meta":"","astra-migrate-meta-layouts":"default","ast-page-background-enabled":"default","ast-page-background-meta":{"desktop":{"background-color":"var(--ast-global-color-4)","background-image":"","background-repeat":"repeat","background-position":"center center","background-size":"auto","background-attachment":"scroll","background-type":"","background-media":"","overlay-type":"","overlay-color":"","overlay-gradient":""},"tablet":{"background-color":"","background-image":"","background-repeat":"repeat","background-position":"center center","background-size":"auto","background-attachment":"scroll","background-type":"","background-media":"","overlay-type":"","overlay-color":"","overlay-gradient":""},"mobile":{"background-color":"","background-image":"","background-repeat":"repeat","background-position":"center center","background-size":"auto","background-attachment":"scroll","background-type":"","background-media":"","overlay-type":"","overlay-color":"","overlay-gradient":""}},"ast-content-background-meta":{"desktop":{"background-color":"var(--ast-global-color-5)","background-image":"","background-repeat":"repeat","background-position":"center center","background-size":"auto","background-attachment":"scroll","background-type":"","background-media":"","overlay-type":"","overlay-color":"","overlay-gradient":""},"tablet":{"background-color":"var(--ast-global-color-5)","background-image":"","background-repeat":"repeat","background-position":"center center","background-size":"auto","background-attachment":"scroll","background-type":"","background-media":"","overlay-type":"","overlay-color":"","overlay-gradient":""},"mobile":{"background-color":"var(--ast-global-color-5)","background-image":"","background-repeat":"repeat","background-position":"center center","background-size":"auto","background-attachment":"scroll","background-type":"","background-media":"","overlay-type":"","overlay-color":"","overlay-gradient":""}},"footnotes":""},"categories":[1816,6049,977],"tags":[204064,204063,44895,2911,204062,138651],"class_list":["post-100117","post","type-post","status-publish","format-standard","hentry","category-historia-contemporanea","category-historia-contemporanea-del-area-americana","category-santiago-de-compostela","tag-fernando-devoto","tag-luis-alberto-romero","tag-oscar-alvarez-gila","tag-ramon-villares-paz","tag-ruy-gonzalo-farias-iglesias","tag-xose-manoel-nunez-seixas"],"_links":{"self":[{"href":"https:\/\/www.deberes.net\/tesis\/wp-json\/wp\/v2\/posts\/100117","targetHints":{"allow":["GET"]}}],"collection":[{"href":"https:\/\/www.deberes.net\/tesis\/wp-json\/wp\/v2\/posts"}],"about":[{"href":"https:\/\/www.deberes.net\/tesis\/wp-json\/wp\/v2\/types\/post"}],"author":[{"embeddable":true,"href":"https:\/\/www.deberes.net\/tesis\/wp-json\/wp\/v2\/users\/1"}],"replies":[{"embeddable":true,"href":"https:\/\/www.deberes.net\/tesis\/wp-json\/wp\/v2\/comments?post=100117"}],"version-history":[{"count":0,"href":"https:\/\/www.deberes.net\/tesis\/wp-json\/wp\/v2\/posts\/100117\/revisions"}],"wp:attachment":[{"href":"https:\/\/www.deberes.net\/tesis\/wp-json\/wp\/v2\/media?parent=100117"}],"wp:term":[{"taxonomy":"category","embeddable":true,"href":"https:\/\/www.deberes.net\/tesis\/wp-json\/wp\/v2\/categories?post=100117"},{"taxonomy":"post_tag","embeddable":true,"href":"https:\/\/www.deberes.net\/tesis\/wp-json\/wp\/v2\/tags?post=100117"}],"curies":[{"name":"wp","href":"https:\/\/api.w.org\/{rel}","templated":true}]}}