{"id":100203,"date":"2010-12-04T00:00:00","date_gmt":"2010-12-04T00:00:00","guid":{"rendered":"https:\/\/www.deberes.net\/tesis\/sin-categoria\/la-ontologa%c2%ada-de-la-historia-de-nietzsche\/"},"modified":"2010-12-04T00:00:00","modified_gmt":"2010-12-04T00:00:00","slug":"la-ontologa%c2%ada-de-la-historia-de-nietzsche","status":"publish","type":"post","link":"https:\/\/www.deberes.net\/tesis\/sin-categoria\/la-ontologa%c2%ada-de-la-historia-de-nietzsche\/","title":{"rendered":"La ontolog\u00eda de la historia de nietzsche"},"content":{"rendered":"<h2>Tesis doctoral de <strong> David Puche Diaz <\/strong><\/h2>\n<p>El punto de partida de esta investigaci\u00f3n es el hecho, constatado por nietzsche, de que occidente siempre ha estado en crisis. Si bien el hombre, en cuanto tal, es esencialmente nihilista, en occidente la crisis ha sido advertida desde siempre, marca ndo toda su autorreflexi\u00f3n. Sin embargo, tal crisis constitutiva se agrava en la modernidad tard\u00eda, lo que conduce a un estado (que afecta a la \u00e9poca de nietzsche y afectar\u00eda a\u00fan hoy a la nuestra) de estancamiento, de improductividad cultural e hist\u00f3 rica. Nos hallar\u00edamos, seg\u00fan los an\u00e1lisis de nietzsche, ante una autoperpetuaci\u00f3n indefinida del mismo estado de cosas, lo cual implica la destrucci\u00f3n del car\u00e1cter creador del hombre y, en \u00faltima instancia, la destrucci\u00f3n de la posibilidad misma de l a libertad, que en la ontolog\u00eda nietzscheana se revela como la posibilidad de una re-creaci\u00f3n continua del mundo. Estar\u00edamos as\u00ed, tal vez, ante un \u00c2\u00bffinal de la historia\u00c2\u00bf nada halag\u00ed\u00bce\u00f1o.   partiendo de este diagn\u00f3stico de la tardomodernidad, me propon go llevar a cabo un estudio de la ontolog\u00eda nietzscheana, a la que me refiero como \u00c2\u00bfontolog\u00eda de la historia\u00c2\u00bf (o \u00c2\u00bfde la cultura\u00c2\u00bf), la cual, intento mostrar, no se decanta ni por un radical historicismo (de corte relativista) ni por un antihistoricism o reaccionario (biologicista), como frecuentemente se\u00f1ala la cr\u00edtica, sino que a\u00fana en un \u00fanico y coherente discurso la \u00c2\u00bfnaturaleza de la historia\u00c2\u00bf y la \u00c2\u00bfhistoria de la naturaleza\u00c2\u00bf humanas. De esta forma, la reflexi\u00f3n en torno a la historicidad es un a reflexi\u00f3n en torno a la naturaleza humana, y viceversa. La reconstrucci\u00f3n de la ontolog\u00eda nietzscheana, partiendo de esto, seguir\u00e1 en todo momento el concepto de lo ahist\u00f3rico, que considero el concepto central de todo el pensamiento nietzscheano. Mostrar\u00e9 c\u00f3mo aqu\u00e9l es una modulaci\u00f3n del concepto de lo dionis\u00edaco, y c\u00f3mo, a su vez, tiene su prolongaci\u00f3n en el eterno retorno de lo mismo, en cuanto interpretaci\u00f3n nietzscheana de la temporalidad originaria y, por tanto, clave para una reconstruc ci\u00f3n (cultural y pol\u00edtica) de la historicidad que pueda \u00c2\u00bfdesbloquear\u00c2\u00bf la historia. A partir de dicho an\u00e1lisis deducir\u00e9 estructuralmente el resto de los grandes \u00c2\u00bfr\u00f3tulos\u00c2\u00bf del pensamiento nietzscheano, mostrando la unidad esencial del mismo, en el que no se produce ruptura alguna.<\/p>\n<p>&nbsp;<\/p>\n<h3>Datos acad\u00e9micos de la tesis doctoral \u00ab<strong>La ontolog\u00eda de la historia de nietzsche<\/strong>\u00ab<\/h3>\n<ul>\n<li><strong>T\u00edtulo de la tesis:<\/strong>\u00a0 La ontolog\u00eda de la historia de nietzsche <\/li>\n<li><strong>Autor:<\/strong>\u00a0 David Puche Diaz <\/li>\n<li><strong>Universidad:<\/strong>\u00a0 Complutense de Madrid<\/li>\n<li><strong>Fecha de lectura de la tesis:<\/strong>\u00a0 12\/04\/2010<\/li>\n<\/ul>\n<p>&nbsp;<\/p>\n<h3>Direcci\u00f3n y tribunal<\/h3>\n<ul>\n<li><strong>Director de la tesis<\/strong>\n<ul>\n<li>Juan  Manuel Navarro Cordon<\/li>\n<\/ul>\n<\/li>\n<li><strong>Tribunal<\/strong>\n<ul>\n<li>Presidente del tribunal: Jos\u00e9 Luis Pardo tor\u00edo <\/li>\n<li>Mar\u00eda Jes\u00fas Mingot marcilla (vocal)<\/li>\n<li>Jos\u00e9 Emilio Esteban enguita (vocal)<\/li>\n<li>diego S\u00e1nchez meca (vocal)<\/li>\n<\/ul>\n<\/li>\n<\/ul>\n<p>&nbsp;<\/p>\n","protected":false},"excerpt":{"rendered":"<p>Tesis doctoral de David Puche Diaz El punto de partida de esta investigaci\u00f3n es el hecho, constatado por nietzsche, de [&hellip;]<\/p>\n","protected":false},"author":1,"featured_media":0,"comment_status":"open","ping_status":"open","sticky":false,"template":"","format":"standard","meta":{"site-sidebar-layout":"default","site-content-layout":"","ast-site-content-layout":"","site-content-style":"default","site-sidebar-style":"default","ast-global-header-display":"","ast-banner-title-visibility":"","ast-main-header-display":"","ast-hfb-above-header-display":"","ast-hfb-below-header-display":"","ast-hfb-mobile-header-display":"","site-post-title":"","ast-breadcrumbs-content":"","ast-featured-img":"","footer-sml-layout":"","theme-transparent-header-meta":"","adv-header-id-meta":"","stick-header-meta":"","header-above-stick-meta":"","header-main-stick-meta":"","header-below-stick-meta":"","astra-migrate-meta-layouts":"default","ast-page-background-enabled":"default","ast-page-background-meta":{"desktop":{"background-color":"var(--ast-global-color-4)","background-image":"","background-repeat":"repeat","background-position":"center center","background-size":"auto","background-attachment":"scroll","background-type":"","background-media":"","overlay-type":"","overlay-color":"","overlay-gradient":""},"tablet":{"background-color":"","background-image":"","background-repeat":"repeat","background-position":"center center","background-size":"auto","background-attachment":"scroll","background-type":"","background-media":"","overlay-type":"","overlay-color":"","overlay-gradient":""},"mobile":{"background-color":"","background-image":"","background-repeat":"repeat","background-position":"center center","background-size":"auto","background-attachment":"scroll","background-type":"","background-media":"","overlay-type":"","overlay-color":"","overlay-gradient":""}},"ast-content-background-meta":{"desktop":{"background-color":"var(--ast-global-color-5)","background-image":"","background-repeat":"repeat","background-position":"center center","background-size":"auto","background-attachment":"scroll","background-type":"","background-media":"","overlay-type":"","overlay-color":"","overlay-gradient":""},"tablet":{"background-color":"var(--ast-global-color-5)","background-image":"","background-repeat":"repeat","background-position":"center center","background-size":"auto","background-attachment":"scroll","background-type":"","background-media":"","overlay-type":"","overlay-color":"","overlay-gradient":""},"mobile":{"background-color":"var(--ast-global-color-5)","background-image":"","background-repeat":"repeat","background-position":"center center","background-size":"auto","background-attachment":"scroll","background-type":"","background-media":"","overlay-type":"","overlay-color":"","overlay-gradient":""}},"footnotes":""},"categories":[1],"tags":[204191,17243,96684,31505,5344,204192],"class_list":["post-100203","post","type-post","status-publish","format-standard","hentry","category-sin-categoria","tag-david-puche-diaz","tag-diego-sanchez-meca","tag-jose-emilio-esteban-enguita","tag-jose-luis-pardo-torio","tag-juan-manuel-navarro-cordon","tag-maria-jesus-mingot-marcilla"],"_links":{"self":[{"href":"https:\/\/www.deberes.net\/tesis\/wp-json\/wp\/v2\/posts\/100203","targetHints":{"allow":["GET"]}}],"collection":[{"href":"https:\/\/www.deberes.net\/tesis\/wp-json\/wp\/v2\/posts"}],"about":[{"href":"https:\/\/www.deberes.net\/tesis\/wp-json\/wp\/v2\/types\/post"}],"author":[{"embeddable":true,"href":"https:\/\/www.deberes.net\/tesis\/wp-json\/wp\/v2\/users\/1"}],"replies":[{"embeddable":true,"href":"https:\/\/www.deberes.net\/tesis\/wp-json\/wp\/v2\/comments?post=100203"}],"version-history":[{"count":0,"href":"https:\/\/www.deberes.net\/tesis\/wp-json\/wp\/v2\/posts\/100203\/revisions"}],"wp:attachment":[{"href":"https:\/\/www.deberes.net\/tesis\/wp-json\/wp\/v2\/media?parent=100203"}],"wp:term":[{"taxonomy":"category","embeddable":true,"href":"https:\/\/www.deberes.net\/tesis\/wp-json\/wp\/v2\/categories?post=100203"},{"taxonomy":"post_tag","embeddable":true,"href":"https:\/\/www.deberes.net\/tesis\/wp-json\/wp\/v2\/tags?post=100203"}],"curies":[{"name":"wp","href":"https:\/\/api.w.org\/{rel}","templated":true}]}}