{"id":100243,"date":"2018-03-11T10:21:41","date_gmt":"2018-03-11T10:21:41","guid":{"rendered":"https:\/\/www.deberes.net\/tesis\/sin-categoria\/las-vinetas-de-prensa-como-genero-perioda%c2%adstico-entre-la-opinion-y-el-humor\/"},"modified":"2018-03-11T10:21:41","modified_gmt":"2018-03-11T10:21:41","slug":"las-vinetas-de-prensa-como-genero-perioda%c2%adstico-entre-la-opinion-y-el-humor","status":"publish","type":"post","link":"https:\/\/www.deberes.net\/tesis\/prensa\/las-vinetas-de-prensa-como-genero-perioda%c2%adstico-entre-la-opinion-y-el-humor\/","title":{"rendered":"Las vi\u00f1etas de prensa como g\u00e9nero period\u00edstico: entre la opini\u00f3n y el humor"},"content":{"rendered":"<h2>Tesis doctoral de <strong> Ricardo Angel Tejeiro Salguero <\/strong><\/h2>\n<p>T\u00edtulo de la tesis: las vi\u00f1etas de prensa como g\u00e9nero period\u00edstico: entre la opini\u00f3n y el humor resumen: esta tesis se plantea con el objetivo general de conocer el papel de las vi\u00f1etas de prensa y de sus autores dentro del panorama period\u00edstico actual, en general, y de los g\u00e9neros period\u00edsticos en particular. La tesis se divide en 5 partes. La primera parte (cap\u00edtulos 1 y 2) plantea la justificaci\u00f3n, objetivos, hip\u00f3tesis y metodolog\u00eda utilizada. La segunda parte (cap\u00edtulos 3 a 6) tiene car\u00e1cter de estudio introductorio y analiza temas como la denominaci\u00f3n y clasificaci\u00f3n de las vi\u00f1etas de prensa, su desarrollo hist\u00f3rico, la bibliograf\u00eda disponible, la relaci\u00f3n de las vi\u00f1etas con el periodismo, y los recursos utilizados en las mismas, con especial referencia al humor. La tercera parte incluye 5 estudios con los que se complementa lo presentado en la parte anterior, y que recogen el punto de vista de las empresas period\u00edsticas, de los autores de vi\u00f1etas, y de los lectores; para ello se entrevista a 7 subdirectores o responsables de opini\u00f3n de varios diarios andaluces, as\u00ed como a 21 autores de vi\u00f1etas de esta comunidad aut\u00f3noma, adem\u00e1s de aplicar un cuestionario a 228 lectores de diarios. La cuarta parte presenta el an\u00e1lisis de los datos y las conclusiones, mientras que la quinta parte incluye las referencias bibliogr\u00e1ficas y los anexos. Los resultados permiten extraer las siguientes conclusiones: (1) hist\u00f3ricamente, las vi\u00f1etas se han desarrollado como un instrumento de expresi\u00f3n de opiniones cr\u00edticas sobre determinadas personas, grupos sociales, costumbres y tradiciones; (2) no existe un acuerdo en torno a la definici\u00f3n y conceptualizaci\u00f3n de las vi\u00f1etas de prensa; (3) las vi\u00f1etas est\u00e1n presentes en la pr\u00e1ctica totalidad de los diarios andaluces, y aproximadamente en la mitad de las ediciones digitales de los mismos; (4) entre las condiciones jur\u00eddicas y laborales de los vi\u00f1etistas de andaluc\u00eda predomina la situaci\u00f3n de free lance o colaborador externo, con salario escaso y sin formaci\u00f3n espec\u00edfica, informaci\u00f3n, retroalimentaci\u00f3n formal o apoyo institucional por parte del diario; (5) las vi\u00f1etas de prensa constituyen un claro ejemplo de periodismo de opini\u00f3n, un g\u00e9nero de autor similar a las columnas escritas; frente a ellas, las tiras c\u00f3micas son tambi\u00e9n un g\u00e9nero de autor pero con el entretenimiento como finalidad. Se defiende el car\u00e1cter instrumental (y no finalista) del humor en las vi\u00f1etas de prensa y se rechazan por tanto denominaciones como \u00abchiste\u00bb o \u00abhumor gr\u00e1fico\u00bb.<\/p>\n<p>&nbsp;<\/p>\n<h3>Datos acad\u00e9micos de la tesis doctoral \u00ab<strong>Las vi\u00f1etas de prensa como g\u00e9nero period\u00edstico: entre la opini\u00f3n y el humor<\/strong>\u00ab<\/h3>\n<ul>\n<li><strong>T\u00edtulo de la tesis:<\/strong>\u00a0 Las vi\u00f1etas de prensa como g\u00e9nero period\u00edstico: entre la opini\u00f3n y el humor <\/li>\n<li><strong>Autor:<\/strong>\u00a0 Ricardo Angel Tejeiro Salguero <\/li>\n<li><strong>Universidad:<\/strong>\u00a0 M\u00e1laga<\/li>\n<li><strong>Fecha de lectura de la tesis:<\/strong>\u00a0 13\/04\/2010<\/li>\n<\/ul>\n<p>&nbsp;<\/p>\n<h3>Direcci\u00f3n y tribunal<\/h3>\n<ul>\n<li><strong>Director de la tesis<\/strong>\n<ul>\n<li>Teodoro Le\u00f3n Gross<\/li>\n<\/ul>\n<\/li>\n<li><strong>Tribunal<\/strong>\n<ul>\n<li>Presidente del tribunal: Jos\u00e9 Luis Martinez albertos <\/li>\n<li>Manuel Pelegrina del rio (vocal)<\/li>\n<li>pedro Farias garcia (vocal)<\/li>\n<li>Fernando L\u00f3pez pan (vocal)<\/li>\n<\/ul>\n<\/li>\n<\/ul>\n<p>&nbsp;<\/p>\n","protected":false},"excerpt":{"rendered":"<p>Tesis doctoral de Ricardo Angel Tejeiro Salguero T\u00edtulo de la tesis: las vi\u00f1etas de prensa como g\u00e9nero period\u00edstico: entre la [&hellip;]<\/p>\n","protected":false},"author":1,"featured_media":0,"comment_status":"open","ping_status":"open","sticky":false,"template":"","format":"standard","meta":{"site-sidebar-layout":"default","site-content-layout":"","ast-site-content-layout":"","site-content-style":"default","site-sidebar-style":"default","ast-global-header-display":"","ast-banner-title-visibility":"","ast-main-header-display":"","ast-hfb-above-header-display":"","ast-hfb-below-header-display":"","ast-hfb-mobile-header-display":"","site-post-title":"","ast-breadcrumbs-content":"","ast-featured-img":"","footer-sml-layout":"","theme-transparent-header-meta":"","adv-header-id-meta":"","stick-header-meta":"","header-above-stick-meta":"","header-main-stick-meta":"","header-below-stick-meta":"","astra-migrate-meta-layouts":"default","ast-page-background-enabled":"default","ast-page-background-meta":{"desktop":{"background-color":"var(--ast-global-color-4)","background-image":"","background-repeat":"repeat","background-position":"center center","background-size":"auto","background-attachment":"scroll","background-type":"","background-media":"","overlay-type":"","overlay-color":"","overlay-gradient":""},"tablet":{"background-color":"","background-image":"","background-repeat":"repeat","background-position":"center center","background-size":"auto","background-attachment":"scroll","background-type":"","background-media":"","overlay-type":"","overlay-color":"","overlay-gradient":""},"mobile":{"background-color":"","background-image":"","background-repeat":"repeat","background-position":"center center","background-size":"auto","background-attachment":"scroll","background-type":"","background-media":"","overlay-type":"","overlay-color":"","overlay-gradient":""}},"ast-content-background-meta":{"desktop":{"background-color":"var(--ast-global-color-5)","background-image":"","background-repeat":"repeat","background-position":"center center","background-size":"auto","background-attachment":"scroll","background-type":"","background-media":"","overlay-type":"","overlay-color":"","overlay-gradient":""},"tablet":{"background-color":"var(--ast-global-color-5)","background-image":"","background-repeat":"repeat","background-position":"center center","background-size":"auto","background-attachment":"scroll","background-type":"","background-media":"","overlay-type":"","overlay-color":"","overlay-gradient":""},"mobile":{"background-color":"var(--ast-global-color-5)","background-image":"","background-repeat":"repeat","background-position":"center center","background-size":"auto","background-attachment":"scroll","background-type":"","background-media":"","overlay-type":"","overlay-color":"","overlay-gradient":""}},"footnotes":""},"categories":[7834,5051,4841],"tags":[18114,5208,50429,4830,50428,48498],"class_list":["post-100243","post","type-post","status-publish","format-standard","hentry","category-malaga","category-medios-de-comunicacion-de-masas","category-prensa","tag-fernando-lopez-pan","tag-jose-luis-Martinez-albertos","tag-manuel-pelegrina-del-rio","tag-pedro-farias-garcia","tag-ricardo-angel-tejeiro-salguero","tag-teodoro-leon-gross"],"_links":{"self":[{"href":"https:\/\/www.deberes.net\/tesis\/wp-json\/wp\/v2\/posts\/100243","targetHints":{"allow":["GET"]}}],"collection":[{"href":"https:\/\/www.deberes.net\/tesis\/wp-json\/wp\/v2\/posts"}],"about":[{"href":"https:\/\/www.deberes.net\/tesis\/wp-json\/wp\/v2\/types\/post"}],"author":[{"embeddable":true,"href":"https:\/\/www.deberes.net\/tesis\/wp-json\/wp\/v2\/users\/1"}],"replies":[{"embeddable":true,"href":"https:\/\/www.deberes.net\/tesis\/wp-json\/wp\/v2\/comments?post=100243"}],"version-history":[{"count":0,"href":"https:\/\/www.deberes.net\/tesis\/wp-json\/wp\/v2\/posts\/100243\/revisions"}],"wp:attachment":[{"href":"https:\/\/www.deberes.net\/tesis\/wp-json\/wp\/v2\/media?parent=100243"}],"wp:term":[{"taxonomy":"category","embeddable":true,"href":"https:\/\/www.deberes.net\/tesis\/wp-json\/wp\/v2\/categories?post=100243"},{"taxonomy":"post_tag","embeddable":true,"href":"https:\/\/www.deberes.net\/tesis\/wp-json\/wp\/v2\/tags?post=100243"}],"curies":[{"name":"wp","href":"https:\/\/api.w.org\/{rel}","templated":true}]}}