{"id":100288,"date":"2018-03-11T10:21:41","date_gmt":"2018-03-11T10:21:41","guid":{"rendered":"https:\/\/www.deberes.net\/tesis\/sin-categoria\/equinos-picassianos\/"},"modified":"2018-03-11T10:21:41","modified_gmt":"2018-03-11T10:21:41","slug":"equinos-picassianos","status":"publish","type":"post","link":"https:\/\/www.deberes.net\/tesis\/sin-categoria\/equinos-picassianos\/","title":{"rendered":"Equinos picassianos."},"content":{"rendered":"<h2>Tesis doctoral de <strong> Jos\u00e9 Antonio Barbadilla Trompeta <\/strong><\/h2>\n<p>Con este trabajo de investigaci\u00f3n hemos querido conocer y profundizar en la obra de picasso, a trav\u00e9s de la figura emblem\u00e1tica del caballo para as\u00ed establecer cada una de las relaciones simb\u00f3licas del equino con el mundo personal y social del artista .   el trabajo que exponemos a continuaci\u00f3n es el resultado de toda la investigaci\u00f3n, estudio y b\u00fasqueda, tanto a nivel te\u00f3rico como pr\u00e1ctico, de las obras equinas picassianas. Hemos intentado mostrar la gran diversidad de obras del artista referidas  al tema del caballo. Descubrimos que picasso en muchas de esas obras se sent\u00eda tan identificado con el equino como cuando en otras de sus obras lo estaba con el minotauro. Hemos ido confeccionando y mostrando  los resultados obtenidos, as\u00ed como los comentarios y observaciones pensando  no s\u00f3lo en ellos como parte de este trabajo sino plante\u00e1ndolos tambi\u00e9n como futuras l\u00edneas para una futura investigaci\u00f3n equina tanto a nivel personal del artista como a nivel general en el mundo art\u00edstico del ca ballo.   \tel trabajo lo hemos dividido en dos apartados fundamentales, un apartado de fundamentaci\u00f3n te\u00f3rica que ocupa desde el cap\u00edtulo ii al cap\u00edtulo viii y otra parte dedicada a la recopilaci\u00f3n de obras en las que el equino es protagonista en la e xtensa obra de picasso, y que ocupa  el cap\u00edtulo ix. En el apartado de fundamentaci\u00f3n te\u00f3rica, hemos tratado de realizar un repaso por los diferentes aspectos y cuestiones que entroncan directamente su obra con los equinos.   \ten el primer cap\u00edtulo h emos desarrollado una introducci\u00f3n general al mundo del arte relacionado con la figura del caballo, siguiendo el recorrido de las diferentes edades del hombre a lo largo de la historia. Hemos realizado un breve seguimiento por  las constantes represe ntaciones equinas que nos ha servido para delimitar un marco te\u00f3rico en el que hemos revisado las manifestaciones art\u00edsticas  y cambios estil\u00edsticos desde los inicios de lo art\u00edstico hasta acabar llegando al protagonista de nuestro trabajo: el equino  picassiano.  \ten el segundo cap\u00edtulo nos introducimos en el terreno de la infancia y la juventud del artista desde 1881, fecha de su nacimiento, hasta 1905, a\u00f1o en el que creemos que el artista ha logrado introducirse de lleno en el dif\u00edcil mundo ar t\u00edstico de par\u00eds. \u00e9poca, adem\u00e1s, en la que se comienza a vislumbrar que tras el aspecto formal del animal que picasso pintaba, se esconden las claves que nos ayudar\u00e1n a descifrar y comprender mejor el verdadero significado que ten\u00eda para \u00e9l el caball<\/p>\n<p>&nbsp;<\/p>\n<h3>Datos acad\u00e9micos de la tesis doctoral \u00ab<strong>Equinos picassianos.<\/strong>\u00ab<\/h3>\n<ul>\n<li><strong>T\u00edtulo de la tesis:<\/strong>\u00a0 Equinos picassianos. <\/li>\n<li><strong>Autor:<\/strong>\u00a0 Jos\u00e9 Antonio Barbadilla Trompeta <\/li>\n<li><strong>Universidad:<\/strong>\u00a0 Complutense de Madrid<\/li>\n<li><strong>Fecha de lectura de la tesis:<\/strong>\u00a0 16\/04\/2010<\/li>\n<\/ul>\n<p>&nbsp;<\/p>\n<h3>Direcci\u00f3n y tribunal<\/h3>\n<ul>\n<li><strong>Director de la tesis<\/strong>\n<ul>\n<li>Manuel Carlos Barbero Richart<\/li>\n<\/ul>\n<\/li>\n<li><strong>Tribunal<\/strong>\n<ul>\n<li>Presidente del tribunal: gema-matilde Navarro goig <\/li>\n<li>rosell Meseguer mayoral (vocal)<\/li>\n<li>Mar\u00eda carmen Grau bernardo (vocal)<\/li>\n<li>Fernando Bolivar galiano (vocal)<\/li>\n<\/ul>\n<\/li>\n<\/ul>\n<p>&nbsp;<\/p>\n","protected":false},"excerpt":{"rendered":"<p>Tesis doctoral de Jos\u00e9 Antonio Barbadilla Trompeta Con este trabajo de investigaci\u00f3n hemos querido conocer y profundizar en la obra [&hellip;]<\/p>\n","protected":false},"author":1,"featured_media":0,"comment_status":"open","ping_status":"open","sticky":false,"template":"","format":"standard","meta":{"site-sidebar-layout":"default","site-content-layout":"","ast-site-content-layout":"","site-content-style":"default","site-sidebar-style":"default","ast-global-header-display":"","ast-banner-title-visibility":"","ast-main-header-display":"","ast-hfb-above-header-display":"","ast-hfb-below-header-display":"","ast-hfb-mobile-header-display":"","site-post-title":"","ast-breadcrumbs-content":"","ast-featured-img":"","footer-sml-layout":"","theme-transparent-header-meta":"","adv-header-id-meta":"","stick-header-meta":"","header-above-stick-meta":"","header-main-stick-meta":"","header-below-stick-meta":"","astra-migrate-meta-layouts":"default","ast-page-background-enabled":"default","ast-page-background-meta":{"desktop":{"background-color":"var(--ast-global-color-4)","background-image":"","background-repeat":"repeat","background-position":"center center","background-size":"auto","background-attachment":"scroll","background-type":"","background-media":"","overlay-type":"","overlay-color":"","overlay-gradient":""},"tablet":{"background-color":"","background-image":"","background-repeat":"repeat","background-position":"center center","background-size":"auto","background-attachment":"scroll","background-type":"","background-media":"","overlay-type":"","overlay-color":"","overlay-gradient":""},"mobile":{"background-color":"","background-image":"","background-repeat":"repeat","background-position":"center center","background-size":"auto","background-attachment":"scroll","background-type":"","background-media":"","overlay-type":"","overlay-color":"","overlay-gradient":""}},"ast-content-background-meta":{"desktop":{"background-color":"var(--ast-global-color-5)","background-image":"","background-repeat":"repeat","background-position":"center center","background-size":"auto","background-attachment":"scroll","background-type":"","background-media":"","overlay-type":"","overlay-color":"","overlay-gradient":""},"tablet":{"background-color":"var(--ast-global-color-5)","background-image":"","background-repeat":"repeat","background-position":"center center","background-size":"auto","background-attachment":"scroll","background-type":"","background-media":"","overlay-type":"","overlay-color":"","overlay-gradient":""},"mobile":{"background-color":"var(--ast-global-color-5)","background-image":"","background-repeat":"repeat","background-position":"center center","background-size":"auto","background-attachment":"scroll","background-type":"","background-media":"","overlay-type":"","overlay-color":"","overlay-gradient":""}},"footnotes":""},"categories":[1],"tags":[21770,161016,204323,143393,85248,156462],"class_list":["post-100288","post","type-post","status-publish","format-standard","hentry","category-sin-categoria","tag-fernando-bolivar-galiano","tag-gema-matilde-navarro-goig","tag-jose-antonio-barbadilla-trompeta","tag-manuel-carlos-barbero-richart","tag-maria-carmen-grau-bernardo","tag-rosell-meseguer-mayoral"],"_links":{"self":[{"href":"https:\/\/www.deberes.net\/tesis\/wp-json\/wp\/v2\/posts\/100288","targetHints":{"allow":["GET"]}}],"collection":[{"href":"https:\/\/www.deberes.net\/tesis\/wp-json\/wp\/v2\/posts"}],"about":[{"href":"https:\/\/www.deberes.net\/tesis\/wp-json\/wp\/v2\/types\/post"}],"author":[{"embeddable":true,"href":"https:\/\/www.deberes.net\/tesis\/wp-json\/wp\/v2\/users\/1"}],"replies":[{"embeddable":true,"href":"https:\/\/www.deberes.net\/tesis\/wp-json\/wp\/v2\/comments?post=100288"}],"version-history":[{"count":0,"href":"https:\/\/www.deberes.net\/tesis\/wp-json\/wp\/v2\/posts\/100288\/revisions"}],"wp:attachment":[{"href":"https:\/\/www.deberes.net\/tesis\/wp-json\/wp\/v2\/media?parent=100288"}],"wp:term":[{"taxonomy":"category","embeddable":true,"href":"https:\/\/www.deberes.net\/tesis\/wp-json\/wp\/v2\/categories?post=100288"},{"taxonomy":"post_tag","embeddable":true,"href":"https:\/\/www.deberes.net\/tesis\/wp-json\/wp\/v2\/tags?post=100288"}],"curies":[{"name":"wp","href":"https:\/\/api.w.org\/{rel}","templated":true}]}}