{"id":100314,"date":"2018-03-11T10:21:46","date_gmt":"2018-03-11T10:21:46","guid":{"rendered":"https:\/\/www.deberes.net\/tesis\/sin-categoria\/modelo-de-alfabetizacion-digital-para-profesores-universitarios-a-partir-de-un-estudio-empa%c2%adrico-de-la-universidad-autonoma-de-chiapas-mexico\/"},"modified":"2018-03-11T10:21:46","modified_gmt":"2018-03-11T10:21:46","slug":"modelo-de-alfabetizacion-digital-para-profesores-universitarios-a-partir-de-un-estudio-empa%c2%adrico-de-la-universidad-autonoma-de-chiapas-mexico","status":"publish","type":"post","link":"https:\/\/www.deberes.net\/tesis\/preparacion-de-profesores\/modelo-de-alfabetizacion-digital-para-profesores-universitarios-a-partir-de-un-estudio-empa%c2%adrico-de-la-universidad-autonoma-de-chiapas-mexico\/","title":{"rendered":"Modelo de alfabetizaci\u00f3n digital para profesores universitarios a partir de un estudio emp\u00edrico de la universidad aut\u00f3noma de chiapas, m\u00e9xico"},"content":{"rendered":"<h2>Tesis doctoral de <strong> Rebeca Garz\u00f3n Clemente <\/strong><\/h2>\n<p>Se presenta un modelo de alfabetizaci\u00f3n digital para los docentes de la universidad aut\u00f3noma de chiapas, que tiene su base en un estudio emp\u00edrico dividido en dos fases: un an\u00e1lisis cualitativo de las pol\u00edticas de gesti\u00f3n de autoridades universitarias respecto a la inclusi\u00f3n de las tecnolog\u00edas en la vida acad\u00e9mica de la instituci\u00f3n; y un diagn\u00f3stico sobre la disposici\u00f3n, uso real, innovaci\u00f3n educativa, actitudes y valoraci\u00f3n de los profesores sobre la inclusi\u00f3n de las tecnolog\u00eda de la informaci\u00f3n y la comunicaci\u00f3n (tic) en su pr\u00e1ctica docente. el modelo incluye aspectos sobre la gesti\u00f3n institucional, la infraestructura tecnol\u00f3gica, el proceso de formaci\u00f3n en tic de los profesores y una propuesta de inserci\u00f3n integral de las tecnolog\u00edas en el curr\u00edculo universitario.<\/p>\n<p>&nbsp;<\/p>\n<h3>Datos acad\u00e9micos de la tesis doctoral \u00ab<strong>Modelo de alfabetizaci\u00f3n digital para profesores universitarios a partir de un estudio emp\u00edrico de la universidad aut\u00f3noma de chiapas, m\u00e9xico<\/strong>\u00ab<\/h3>\n<ul>\n<li><strong>T\u00edtulo de la tesis:<\/strong>\u00a0 Modelo de alfabetizaci\u00f3n digital para profesores universitarios a partir de un estudio emp\u00edrico de la universidad aut\u00f3noma de chiapas, m\u00e9xico <\/li>\n<li><strong>Autor:<\/strong>\u00a0 Rebeca Garz\u00f3n Clemente <\/li>\n<li><strong>Universidad:<\/strong>\u00a0 Salamanca<\/li>\n<li><strong>Fecha de lectura de la tesis:<\/strong>\u00a0 16\/04\/2010<\/li>\n<\/ul>\n<p>&nbsp;<\/p>\n<h3>Direcci\u00f3n y tribunal<\/h3>\n<ul>\n<li><strong>Director de la tesis<\/strong>\n<ul>\n<li>Joaquin Garcia Carrasco<\/li>\n<\/ul>\n<\/li>\n<li><strong>Tribunal<\/strong>\n<ul>\n<li>Presidente del tribunal: gonzalo Jover olmeda <\/li>\n<li>bego\u00f1a Gros salvat (vocal)<\/li>\n<li>Carlos Ferr\u00e1s sexto (vocal)<\/li>\n<li>bernardo Gargallo lopez (vocal)<\/li>\n<\/ul>\n<\/li>\n<\/ul>\n<p>&nbsp;<\/p>\n","protected":false},"excerpt":{"rendered":"<p>Tesis doctoral de Rebeca Garz\u00f3n Clemente Se presenta un modelo de alfabetizaci\u00f3n digital para los docentes de la universidad aut\u00f3noma [&hellip;]<\/p>\n","protected":false},"author":1,"featured_media":0,"comment_status":"open","ping_status":"open","sticky":false,"template":"","format":"standard","meta":{"site-sidebar-layout":"default","site-content-layout":"","ast-site-content-layout":"","site-content-style":"default","site-sidebar-style":"default","ast-global-header-display":"","ast-banner-title-visibility":"","ast-main-header-display":"","ast-hfb-above-header-display":"","ast-hfb-below-header-display":"","ast-hfb-mobile-header-display":"","site-post-title":"","ast-breadcrumbs-content":"","ast-featured-img":"","footer-sml-layout":"","theme-transparent-header-meta":"","adv-header-id-meta":"","stick-header-meta":"","header-above-stick-meta":"","header-main-stick-meta":"","header-below-stick-meta":"","astra-migrate-meta-layouts":"default","ast-page-background-enabled":"default","ast-page-background-meta":{"desktop":{"background-color":"var(--ast-global-color-4)","background-image":"","background-repeat":"repeat","background-position":"center center","background-size":"auto","background-attachment":"scroll","background-type":"","background-media":"","overlay-type":"","overlay-color":"","overlay-gradient":""},"tablet":{"background-color":"","background-image":"","background-repeat":"repeat","background-position":"center center","background-size":"auto","background-attachment":"scroll","background-type":"","background-media":"","overlay-type":"","overlay-color":"","overlay-gradient":""},"mobile":{"background-color":"","background-image":"","background-repeat":"repeat","background-position":"center center","background-size":"auto","background-attachment":"scroll","background-type":"","background-media":"","overlay-type":"","overlay-color":"","overlay-gradient":""}},"ast-content-background-meta":{"desktop":{"background-color":"var(--ast-global-color-5)","background-image":"","background-repeat":"repeat","background-position":"center center","background-size":"auto","background-attachment":"scroll","background-type":"","background-media":"","overlay-type":"","overlay-color":"","overlay-gradient":""},"tablet":{"background-color":"var(--ast-global-color-5)","background-image":"","background-repeat":"repeat","background-position":"center center","background-size":"auto","background-attachment":"scroll","background-type":"","background-media":"","overlay-type":"","overlay-color":"","overlay-gradient":""},"mobile":{"background-color":"var(--ast-global-color-5)","background-image":"","background-repeat":"repeat","background-position":"center center","background-size":"auto","background-attachment":"scroll","background-type":"","background-media":"","overlay-type":"","overlay-color":"","overlay-gradient":""}},"footnotes":""},"categories":[2233,7611,1288,9386],"tags":[47876,77132,21259,18266,9442,204358],"class_list":["post-100314","post","type-post","status-publish","format-standard","hentry","category-metodos-pedagogicos","category-organizacion-y-direccion-de-las-instituciones-educativas","category-preparacion-de-profesores","category-salamanca","tag-begona-gros-salvat","tag-bernardo-gargallo-lopez","tag-carlos-ferras-sexto","tag-gonzalo-jover-olmeda","tag-joaquin-garcia-carrasco","tag-rebeca-garzon-clemente"],"_links":{"self":[{"href":"https:\/\/www.deberes.net\/tesis\/wp-json\/wp\/v2\/posts\/100314","targetHints":{"allow":["GET"]}}],"collection":[{"href":"https:\/\/www.deberes.net\/tesis\/wp-json\/wp\/v2\/posts"}],"about":[{"href":"https:\/\/www.deberes.net\/tesis\/wp-json\/wp\/v2\/types\/post"}],"author":[{"embeddable":true,"href":"https:\/\/www.deberes.net\/tesis\/wp-json\/wp\/v2\/users\/1"}],"replies":[{"embeddable":true,"href":"https:\/\/www.deberes.net\/tesis\/wp-json\/wp\/v2\/comments?post=100314"}],"version-history":[{"count":0,"href":"https:\/\/www.deberes.net\/tesis\/wp-json\/wp\/v2\/posts\/100314\/revisions"}],"wp:attachment":[{"href":"https:\/\/www.deberes.net\/tesis\/wp-json\/wp\/v2\/media?parent=100314"}],"wp:term":[{"taxonomy":"category","embeddable":true,"href":"https:\/\/www.deberes.net\/tesis\/wp-json\/wp\/v2\/categories?post=100314"},{"taxonomy":"post_tag","embeddable":true,"href":"https:\/\/www.deberes.net\/tesis\/wp-json\/wp\/v2\/tags?post=100314"}],"curies":[{"name":"wp","href":"https:\/\/api.w.org\/{rel}","templated":true}]}}