{"id":100336,"date":"2018-03-11T10:21:46","date_gmt":"2018-03-11T10:21:46","guid":{"rendered":"https:\/\/www.deberes.net\/tesis\/sin-categoria\/la-evolucion-tecnologica-del-disco-artificial-segun-la-teoria-del-ciclo-de-vida-del-producto\/"},"modified":"2018-03-11T10:21:46","modified_gmt":"2018-03-11T10:21:46","slug":"la-evolucion-tecnologica-del-disco-artificial-segun-la-teoria-del-ciclo-de-vida-del-producto","status":"publish","type":"post","link":"https:\/\/www.deberes.net\/tesis\/economia-del-cambio-tecnologico\/la-evolucion-tecnologica-del-disco-artificial-segun-la-teoria-del-ciclo-de-vida-del-producto\/","title":{"rendered":"La evoluci\u00f3n tecnol\u00f3gica del disco artificial seg\u00fan la teor\u00eda del ciclo de vida del producto"},"content":{"rendered":"<h2>Tesis doctoral de <strong> David Barber\u00e1 Tom\u00e1s <\/strong><\/h2>\n<p>La teor\u00eda del ciclo de vida del producto (en adelante, tcvp) caracteriza el cambio tecnol\u00f3gico que experimenta un producto a lo largo de su ciclo de vida como una secuencia de variaci\u00f3n-selecci\u00f3n. Las fases iniciales del ciclo de vida de un producto est\u00e1n caracterizadas por una gran variedad tecnol\u00f3gica, debido a que existe una alta incertidumbre respecto a las prestaciones de las diferentes soluciones tecnol\u00f3gicas propuestas. Sin embargo, esta incertidumbre se reduce con el tiempo, y esta reducci\u00f3n provoca que, en fases m\u00e1s maduras del ciclo de vida, de toda esta variedad tecnol\u00f3gica existente en el mercado emerja un \u00fanico dise\u00f1o hegem\u00f3nico, llamado dise\u00f1o dominante. El ejemplo empleado por lo com\u00fan para ilustrar la tcvp es la historia temprana del autom\u00f3vil: mientras que en 1900, en los or\u00edgenes de su desarrollo, tres soluciones distintas estaban presentes con cuotas similares en el mercado (el autom\u00f3vil con motor el\u00e9ctrico, con motor de gasolina o con motor de vapor), en la d\u00e9cada de 1920 el autom\u00f3vil con motor de gasolina se impuso como dise\u00f1o dominante.  pero en la tcvp la secuencia de variedad-selecci\u00f3n es concebida como una secuencia ahist\u00f3rica. Esto es, asume que todas las variantes rivales aparecen en el mercado al mismo tiempo, y no tiene en cuenta la influencia del diferente ritmo de aparici\u00f3n de estas variantes rivales en los posteriores procesos de emergencia del dise\u00f1o dominante. Esta tesis doctoral pretende completar el marco te\u00f3rico de la tcvp para que sea capaz de incluir la inherente historicidad de la aparici\u00f3n de nuevas tecnolog\u00edas. Para ello, compararemos los patrones evolutivos que se derivan de nuestro marco te\u00f3rico con la evoluci\u00f3n tecnol\u00f3gica de una pr\u00f3tesis quir\u00fargica, el disco artificial para la columna vertebral. En nuestro caso, el diferente ritmo de aparici\u00f3n en el mercado de las dos principales soluciones tecnol\u00f3gicas propuestas se debe a la menor \u00abresistencia tecnol\u00f3gica\u00bb de una de ellas, cuyo funcionamiento se inspiraba en otro implante traumatol\u00f3gico, la pr\u00f3tesis de cadera.   para operacionalizar el concepto de \u00abresistencia tecnol\u00f3gica\u00bb hemos propuesto una secuencia tecnol\u00f3gica distinta a la de variedad-selecci\u00f3n. La secuencia variedad-selecci\u00f3n es una secuencia estrictamente \u00abpoblacional\u00bbesto es, describe la distinta frecuencia de las soluciones presentes a lo largo del ciclo de vida: en las fases tempranas distintas soluciones tendr\u00e1n diversas frecuencias de aparici\u00f3n, sin que ninguna supere en mucho a las dem\u00e1s; pero en las fases m\u00e1s maduras la frecuencia de una de ellas (el dise\u00f1o dominante) ser\u00e1 mucho mayor que la del resto. Sin embargo, este tipo de medidas no aluden a la naturaleza interna del dise\u00f1o, ni explican las razones de la distinta aparici\u00f3n hist\u00f3rica de la variedad tecnol\u00f3gica al principio del ciclo; simplemente muestran la disminuci\u00f3n de esta variedad a medida que avanza el ciclo y emerge un dise\u00f1o dominante. Nuestra secuencia es m\u00e1s \u00abinternalista\u00bb: describe el cambio tecnol\u00f3gico en t\u00e9rminos de su naturaleza. Por naturaleza del cambio tecnol\u00f3gico entendemos los cambios en las caracter\u00edsticas t\u00e9cnicas de un producto, en los servicios que proporciona y\/o en la complejidad de las relaciones entre unos y otros.   nuestro marco te\u00f3rico se sintetiza en una secuencia que describe de manera general y cronol\u00f3gica los diferentes cambios que experimentan estas caracter\u00edsticas t\u00e9cnicas y de servicio a lo largo del ciclo de vida. De esta manera pretendemos identificar el eslab\u00f3n concreto de la secuencia donde se sit\u00faa la resistencia tecnol\u00f3gica que estanca la evoluci\u00f3n de una de las soluciones tecnol\u00f3gicas rivales. En concreto, hemos localizado la raz\u00f3n de la menor resistencia tecnol\u00f3gica de los discos artificiales inspirados en la cadera en la menor complejidad de los redise\u00f1os que siguieron a los primeros fracasos cl\u00ednicos del dise\u00f1o primitivo. Estos fracasos implicaron la aparici\u00f3n de nuevos componentes que intentaban mejorar las prestaciones del dise\u00f1o primitivo, pero mientras que en el disco inspirado en la cadera estos nuevos componentes no \u00abcomplejizaron\u00bb en exceso el producto, en el otro tipo de dise\u00f1o la resistencia tecnol\u00f3gica se localiz\u00f3 precisamente en el esfuerzo por deshacer la complejidad que produjo la introducci\u00f3n de nuevos componentes. Los discos inspirados en la pr\u00f3tesis de cadera se ahorraron este esfuerzo \u00abdes-complejizador\u00bb gracias a que ya hab\u00eda sido realizado con anterioridad, precisamente en el desarrollo tecnol\u00f3gico previo de las pr\u00f3tesis de cadera.<\/p>\n<p>&nbsp;<\/p>\n<h3>Datos acad\u00e9micos de la tesis doctoral \u00ab<strong>La evoluci\u00f3n tecnol\u00f3gica del disco artificial seg\u00fan la teor\u00eda del ciclo de vida del producto<\/strong>\u00ab<\/h3>\n<ul>\n<li><strong>T\u00edtulo de la tesis:<\/strong>\u00a0 La evoluci\u00f3n tecnol\u00f3gica del disco artificial seg\u00fan la teor\u00eda del ciclo de vida del producto <\/li>\n<li><strong>Autor:<\/strong>\u00a0 David Barber\u00e1 Tom\u00e1s <\/li>\n<li><strong>Universidad:<\/strong>\u00a0 Polit\u00e9cnica de Valencia<\/li>\n<li><strong>Fecha de lectura de la tesis:<\/strong>\u00a0 16\/04\/2010<\/li>\n<\/ul>\n<p>&nbsp;<\/p>\n<h3>Direcci\u00f3n y tribunal<\/h3>\n<ul>\n<li><strong>Director de la tesis<\/strong>\n<ul>\n<li>Fernando Jim\u00e9nez Saez<\/li>\n<\/ul>\n<\/li>\n<li><strong>Tribunal<\/strong>\n<ul>\n<li>Presidente del tribunal: eliseo G\u00f3mez-senent mart\u00ednez <\/li>\n<li>davide Consoli (vocal)<\/li>\n<li>jon mikel Zabala iturriagagoitia (vocal)<\/li>\n<li>julio SanJuan  arias (vocal)<\/li>\n<\/ul>\n<\/li>\n<\/ul>\n<p>&nbsp;<\/p>\n","protected":false},"excerpt":{"rendered":"<p>Tesis doctoral de David Barber\u00e1 Tom\u00e1s La teor\u00eda del ciclo de vida del producto (en adelante, tcvp) caracteriza el cambio [&hellip;]<\/p>\n","protected":false},"author":1,"featured_media":0,"comment_status":"open","ping_status":"open","sticky":false,"template":"","format":"standard","meta":{"site-sidebar-layout":"default","site-content-layout":"","ast-site-content-layout":"","site-content-style":"default","site-sidebar-style":"default","ast-global-header-display":"","ast-banner-title-visibility":"","ast-main-header-display":"","ast-hfb-above-header-display":"","ast-hfb-below-header-display":"","ast-hfb-mobile-header-display":"","site-post-title":"","ast-breadcrumbs-content":"","ast-featured-img":"","footer-sml-layout":"","theme-transparent-header-meta":"","adv-header-id-meta":"","stick-header-meta":"","header-above-stick-meta":"","header-main-stick-meta":"","header-below-stick-meta":"","astra-migrate-meta-layouts":"default","ast-page-background-enabled":"default","ast-page-background-meta":{"desktop":{"background-color":"var(--ast-global-color-4)","background-image":"","background-repeat":"repeat","background-position":"center center","background-size":"auto","background-attachment":"scroll","background-type":"","background-media":"","overlay-type":"","overlay-color":"","overlay-gradient":""},"tablet":{"background-color":"","background-image":"","background-repeat":"repeat","background-position":"center center","background-size":"auto","background-attachment":"scroll","background-type":"","background-media":"","overlay-type":"","overlay-color":"","overlay-gradient":""},"mobile":{"background-color":"","background-image":"","background-repeat":"repeat","background-position":"center center","background-size":"auto","background-attachment":"scroll","background-type":"","background-media":"","overlay-type":"","overlay-color":"","overlay-gradient":""}},"ast-content-background-meta":{"desktop":{"background-color":"var(--ast-global-color-5)","background-image":"","background-repeat":"repeat","background-position":"center center","background-size":"auto","background-attachment":"scroll","background-type":"","background-media":"","overlay-type":"","overlay-color":"","overlay-gradient":""},"tablet":{"background-color":"var(--ast-global-color-5)","background-image":"","background-repeat":"repeat","background-position":"center center","background-size":"auto","background-attachment":"scroll","background-type":"","background-media":"","overlay-type":"","overlay-color":"","overlay-gradient":""},"mobile":{"background-color":"var(--ast-global-color-5)","background-image":"","background-repeat":"repeat","background-position":"center center","background-size":"auto","background-attachment":"scroll","background-type":"","background-media":"","overlay-type":"","overlay-color":"","overlay-gradient":""}},"footnotes":""},"categories":[836,34346,1795,991,16820],"tags":[204393,199187,39286,148710,148709,27487],"class_list":["post-100336","post","type-post","status-publish","format-standard","hentry","category-economia-del-cambio-tecnologico","category-evolucion-cultural","category-historia-de-la-tecnologia","category-innovacion-tecnologica","category-politecnica-de-valencia","tag-david-barbera-tomas","tag-davide-consoli","tag-eliseo-gomez-senent-Martinez","tag-fernando-jimenez-saez","tag-jon-mikel-zabala-iturriagagoitia","tag-julio-sanjuan-arias"],"_links":{"self":[{"href":"https:\/\/www.deberes.net\/tesis\/wp-json\/wp\/v2\/posts\/100336","targetHints":{"allow":["GET"]}}],"collection":[{"href":"https:\/\/www.deberes.net\/tesis\/wp-json\/wp\/v2\/posts"}],"about":[{"href":"https:\/\/www.deberes.net\/tesis\/wp-json\/wp\/v2\/types\/post"}],"author":[{"embeddable":true,"href":"https:\/\/www.deberes.net\/tesis\/wp-json\/wp\/v2\/users\/1"}],"replies":[{"embeddable":true,"href":"https:\/\/www.deberes.net\/tesis\/wp-json\/wp\/v2\/comments?post=100336"}],"version-history":[{"count":0,"href":"https:\/\/www.deberes.net\/tesis\/wp-json\/wp\/v2\/posts\/100336\/revisions"}],"wp:attachment":[{"href":"https:\/\/www.deberes.net\/tesis\/wp-json\/wp\/v2\/media?parent=100336"}],"wp:term":[{"taxonomy":"category","embeddable":true,"href":"https:\/\/www.deberes.net\/tesis\/wp-json\/wp\/v2\/categories?post=100336"},{"taxonomy":"post_tag","embeddable":true,"href":"https:\/\/www.deberes.net\/tesis\/wp-json\/wp\/v2\/tags?post=100336"}],"curies":[{"name":"wp","href":"https:\/\/api.w.org\/{rel}","templated":true}]}}