{"id":100361,"date":"2018-03-11T10:21:46","date_gmt":"2018-03-11T10:21:46","guid":{"rendered":"https:\/\/www.deberes.net\/tesis\/sin-categoria\/la-libertad-intelectual-como-principio-fundamental-de-la-biblioteconomia-y-documentacion-estudio-comparado-latinoamericano\/"},"modified":"2018-03-11T10:21:46","modified_gmt":"2018-03-11T10:21:46","slug":"la-libertad-intelectual-como-principio-fundamental-de-la-biblioteconomia-y-documentacion-estudio-comparado-latinoamericano","status":"publish","type":"post","link":"https:\/\/www.deberes.net\/tesis\/documentacion-automatizada\/la-libertad-intelectual-como-principio-fundamental-de-la-biblioteconomia-y-documentacion-estudio-comparado-latinoamericano\/","title":{"rendered":"La libertad intelectual como principio fundamental de la biblioteconomia y documentacion: estudio comparado latinoamericano"},"content":{"rendered":"<h2>Tesis doctoral de <strong> Martin Alonso Estrada Cuzcano <\/strong><\/h2>\n<p>Se revisan las fuentes internacionales sobre el acceso y libertad de informaci\u00f3n, as\u00ed como los contenidos de las constituciones latinoamericanas. existen coincidencias entre los investigadores en determinar que el art\u00edculo 19 de la declaraci\u00f3n universal de los derechos humanos es el hito fundamental en este tipo de libertades. Desde entonces ha surgido una serie de figuras jur\u00eddicas relativas al acceso y libertad de informaci\u00f3n: h\u00e1beas data, autodeterminaci\u00f3n informativa, acceso a la informaci\u00f3n p\u00fablica, informaci\u00f3n de dominio p\u00fablico, el acceso y servicio universal, entre otras. a partir de la dudh y como una vertiente se va configurando la \u00ablibertad intelectual\u00bb, que se considera un principio fundamental en la biblioteconom\u00eda y documentaci\u00f3n y que tiene como elementos fundamentales a la privacidad y confidencialidad y al acceso equitativo a la informaci\u00f3n, que han adquirido importancia especialmente en entornor digitales. Se realiza una aproximaci\u00f3n hist\u00f3rica de dos instituciones pioneras en la enunciaci\u00f3n de la libertad intelectual: american llibrary association y la internacional federation of library associations and institutions. incluye un estudio comparada de cinco pa\u00edses latinoamericanos: argentina, brasil, m\u00e9jico, chile y per\u00fa, que tiene como finalidad demostrar que hay tres elementos fundamentales para que la libertad intelectual pueda desarrollarse. El primer elemento es el estado, que promulga leyes y elabora los planes y pol\u00edticas de gobierno; el segundo elemento son los gremios o colectivos profesionales, que deben incluir en sus c\u00f3digos de \u00e9tica este principio y, finalmente, la formaci\u00f3n acad\u00e9mica, que debe incluir en los planes de estudio a la libertad intelectual en su vertiente jur\u00eddica y \u00e9tica.<\/p>\n<p>&nbsp;<\/p>\n<h3>Datos acad\u00e9micos de la tesis doctoral \u00ab<strong>La libertad intelectual como principio fundamental de la biblioteconomia y documentacion: estudio comparado latinoamericano<\/strong>\u00ab<\/h3>\n<ul>\n<li><strong>T\u00edtulo de la tesis:<\/strong>\u00a0 La libertad intelectual como principio fundamental de la biblioteconomia y documentacion: estudio comparado latinoamericano <\/li>\n<li><strong>Autor:<\/strong>\u00a0 Martin Alonso Estrada Cuzcano <\/li>\n<li><strong>Universidad:<\/strong>\u00a0 Carlos III de Madrid<\/li>\n<li><strong>Fecha de lectura de la tesis:<\/strong>\u00a0 16\/04\/2010<\/li>\n<\/ul>\n<p>&nbsp;<\/p>\n<h3>Direcci\u00f3n y tribunal<\/h3>\n<ul>\n<li><strong>Director de la tesis<\/strong>\n<ul>\n<li>Mercedes Caridad Sebastian<\/li>\n<\/ul>\n<\/li>\n<li><strong>Tribunal<\/strong>\n<ul>\n<li>Presidente del tribunal: Jos\u00e9 Antonio Moreiro gonzalez <\/li>\n<li>fern\u00e1ndo Ramos sim\u00f3n (vocal)<\/li>\n<li>Juan  Jos\u00e9 Fuentes romero (vocal)<\/li>\n<li>Mar\u00eda  dolores Ayuso garcia (vocal)<\/li>\n<\/ul>\n<\/li>\n<\/ul>\n<p>&nbsp;<\/p>\n","protected":false},"excerpt":{"rendered":"<p>Tesis doctoral de Martin Alonso Estrada Cuzcano Se revisan las fuentes internacionales sobre el acceso y libertad de informaci\u00f3n, as\u00ed [&hellip;]<\/p>\n","protected":false},"author":1,"featured_media":0,"comment_status":"open","ping_status":"open","sticky":false,"template":"","format":"standard","meta":{"site-sidebar-layout":"default","site-content-layout":"","ast-site-content-layout":"","site-content-style":"default","site-sidebar-style":"default","ast-global-header-display":"","ast-banner-title-visibility":"","ast-main-header-display":"","ast-hfb-above-header-display":"","ast-hfb-below-header-display":"","ast-hfb-mobile-header-display":"","site-post-title":"","ast-breadcrumbs-content":"","ast-featured-img":"","footer-sml-layout":"","theme-transparent-header-meta":"","adv-header-id-meta":"","stick-header-meta":"","header-above-stick-meta":"","header-main-stick-meta":"","header-below-stick-meta":"","astra-migrate-meta-layouts":"default","ast-page-background-enabled":"default","ast-page-background-meta":{"desktop":{"background-color":"var(--ast-global-color-4)","background-image":"","background-repeat":"repeat","background-position":"center center","background-size":"auto","background-attachment":"scroll","background-type":"","background-media":"","overlay-type":"","overlay-color":"","overlay-gradient":""},"tablet":{"background-color":"","background-image":"","background-repeat":"repeat","background-position":"center center","background-size":"auto","background-attachment":"scroll","background-type":"","background-media":"","overlay-type":"","overlay-color":"","overlay-gradient":""},"mobile":{"background-color":"","background-image":"","background-repeat":"repeat","background-position":"center center","background-size":"auto","background-attachment":"scroll","background-type":"","background-media":"","overlay-type":"","overlay-color":"","overlay-gradient":""}},"ast-content-background-meta":{"desktop":{"background-color":"var(--ast-global-color-5)","background-image":"","background-repeat":"repeat","background-position":"center center","background-size":"auto","background-attachment":"scroll","background-type":"","background-media":"","overlay-type":"","overlay-color":"","overlay-gradient":""},"tablet":{"background-color":"var(--ast-global-color-5)","background-image":"","background-repeat":"repeat","background-position":"center center","background-size":"auto","background-attachment":"scroll","background-type":"","background-media":"","overlay-type":"","overlay-color":"","overlay-gradient":""},"mobile":{"background-color":"var(--ast-global-color-5)","background-image":"","background-repeat":"repeat","background-position":"center center","background-size":"auto","background-attachment":"scroll","background-type":"","background-media":"","overlay-type":"","overlay-color":"","overlay-gradient":""}},"footnotes":""},"categories":[18550,952],"tags":[7827,7185,130926,24930,204431,6939],"class_list":["post-100361","post","type-post","status-publish","format-standard","hentry","category-carlos-iii-de-madrid","category-documentacion-automatizada","tag-fernando-ramos-simon","tag-jose-antonio-moreiro-gonzalez","tag-juan-jose-fuentes-romero","tag-maria-dolores-ayuso-garcia","tag-martin-alonso-estrada-cuzcano","tag-mercedes-caridad-sebastian"],"_links":{"self":[{"href":"https:\/\/www.deberes.net\/tesis\/wp-json\/wp\/v2\/posts\/100361","targetHints":{"allow":["GET"]}}],"collection":[{"href":"https:\/\/www.deberes.net\/tesis\/wp-json\/wp\/v2\/posts"}],"about":[{"href":"https:\/\/www.deberes.net\/tesis\/wp-json\/wp\/v2\/types\/post"}],"author":[{"embeddable":true,"href":"https:\/\/www.deberes.net\/tesis\/wp-json\/wp\/v2\/users\/1"}],"replies":[{"embeddable":true,"href":"https:\/\/www.deberes.net\/tesis\/wp-json\/wp\/v2\/comments?post=100361"}],"version-history":[{"count":0,"href":"https:\/\/www.deberes.net\/tesis\/wp-json\/wp\/v2\/posts\/100361\/revisions"}],"wp:attachment":[{"href":"https:\/\/www.deberes.net\/tesis\/wp-json\/wp\/v2\/media?parent=100361"}],"wp:term":[{"taxonomy":"category","embeddable":true,"href":"https:\/\/www.deberes.net\/tesis\/wp-json\/wp\/v2\/categories?post=100361"},{"taxonomy":"post_tag","embeddable":true,"href":"https:\/\/www.deberes.net\/tesis\/wp-json\/wp\/v2\/tags?post=100361"}],"curies":[{"name":"wp","href":"https:\/\/api.w.org\/{rel}","templated":true}]}}