{"id":100370,"date":"2018-03-11T10:21:50","date_gmt":"2018-03-11T10:21:50","guid":{"rendered":"https:\/\/www.deberes.net\/tesis\/sin-categoria\/caracterizacion-y-cuantificacion-del-impacto-de-los-extremos-termicos-sobre-la-mortalidad-diaria-en-castilla-la-mancha-en-el-periodo-1975-2003\/"},"modified":"2018-03-11T10:21:50","modified_gmt":"2018-03-11T10:21:50","slug":"caracterizacion-y-cuantificacion-del-impacto-de-los-extremos-termicos-sobre-la-mortalidad-diaria-en-castilla-la-mancha-en-el-periodo-1975-2003","status":"publish","type":"post","link":"https:\/\/www.deberes.net\/tesis\/salud-publica\/caracterizacion-y-cuantificacion-del-impacto-de-los-extremos-termicos-sobre-la-mortalidad-diaria-en-castilla-la-mancha-en-el-periodo-1975-2003\/","title":{"rendered":"Caracterizaci\u00f3n y cuantificaci\u00f3n del impacto de los extremos t\u00e9rmicos sobre la mortalidad diaria en castilla la mancha en el periodo 1975-2003"},"content":{"rendered":"<h2>Tesis doctoral de <strong> Juan  Carlos Montero Rubio <\/strong><\/h2>\n<p>T\u00edtulo de la tesis: caracterizaci\u00f3n y cuantificaci\u00f3n del impacto de los extremos t\u00e9rmicos sobre la mortalidad diaria en castilla-la mancha en el periodo 1975-2003 resumen: numerosos estudios demuestran que el impacto de los extremos t\u00e9rmicos sobre la salud es muy importante y puede serio mayor en un futuro escenario de cambio clim\u00e1tico. Es conocido que existe una variaci\u00f3n geogr\u00e1fica y temporal de los efectos de la temperatura sobre la mortalidad y esto es debido a una habituaci\u00f3n de las poblaciones a las condiciones clim\u00e1ticas locales. El estudio de los factores que determinan la relaci\u00f3n entre las temperaturas extremas en una zona concreta debe ser la base de unos planes de prevenci\u00f3n frente a extremos t\u00e9rmicos realmente eficaces. El objetivo de este trabajo es caracterizar y cuantificar los efectos de los extremos t\u00e9rmicos sobre la mortalidad por todas las causas excepto accidentes en castilla-la mancha. para conseguirlo, en primer lugar, se definen las \u00e1reas de la comunidad aut\u00f3noma homog\u00e9neas en funci\u00f3n de la temperatura. Los resultados obtenidos permiten establecer estaciones meteorol\u00f3gicas de referencia para cada una de ellas. Para cada una de las \u00e1reas delimitadas se obtiene una temperatura de disparo que va a definir la aparici\u00f3n de un extremo t\u00e9rmico. Las olas de calor y fr\u00edo obtenidas se clasifican en funci\u00f3n de su n\u00famero de orden y duraci\u00f3n y se analiza como estas nuevas variables modulan la gravedad de una ola de calor o de fr\u00edo. Toda la informaci\u00f3n obtenida en los ex\u00e1menes anteriores es utilizada para cuantificar la influencia de las variables independientes sobre la mortalidad, a trav\u00e9s de los modelos arima con variables ex\u00f3genas. Por \u00faltimo se realiza un estudio retrospectivo para comparar las diferencias en la aparici\u00f3n de una ola aplicando la definici\u00f3n de la misma establecida por el ministerio de sanidad y pol\u00edtica social y la propuesta en este trabajo. los resultados muestran que castilla-la mancha se puede considerar como una regi\u00f3n isoclim\u00e1tica en funci\u00f3n de la temperatura. En castilla-la mancha, se detecta un aumento brusco de la mortalidad en un percentil de la temperatura que no siempre es el mismo en todas las provincias, pero no sucede lo mismo con el fr\u00edo, no aparece una temperatura a partir de la cual aparecen diferencias significativas en la mortalidad, aunque en las temperaturas m\u00e1s bajas si aumentan los valores centrales de la mortalidad respecto a la mortalidad basal. los extremos t\u00e9rmicos (olas de calor y fr\u00edo) m\u00e1s largos est\u00e1n asociados a una mayor mortalidad. Y en cuanto al n\u00famero de orden, las olas de calor de principio del \u00abverano\u00bb provocan mayor mortalidad, posiblemente debido a dos factores: una habituaci\u00f3n de la poblaci\u00f3n al calor y un desplazamiento de la mortalidad hacia los primeros extremos t\u00e9rmicos. Sin embargo, la aparici\u00f3n de varias olas de fr\u00edo durante una misma temporada invernal aumenta la mortalidad en los \u00faltimos extremos t\u00e9rmicos. Quiz\u00e1s debido a que faciliten la dispersi\u00f3n de las enfermedades respiratorias infecciosas. Por su parte, los modelos arima muestran que la mortalidad aumenta por encima de un 12 % con respecto a la mortalidad diaria media por cada grado cent\u00edgrado que se supera la temperatura umbral de ola de calor en tres de las cinco provincias, incrementos que est\u00e1n modulados por las caracter\u00edsticas de orden y duraci\u00f3n de la ola. En cuenca y guadalajara se detectan incrementos menores, posiblemente porque existe una menor mortalidad diaria. Adem\u00e1s, la mortalidad aumenta con una humedad relativa baja y durante situaciones meteorol\u00f3gicas cicl\u00f3nicas, lo que coincide con situaciones de baja presi\u00f3n y entrada de masas de aire seco procedentes del desierto de sahara. Estos resultados discuten la utilizaci\u00f3n de \u00edndices te\u00f3ricos obtenidos de forma emp\u00edrica en otras latitudes. en cuanto al fr\u00edo, la mortalidad aumenta alrededor de un 10 %, sobre la mortalidad media, por cada grado cent\u00edgrado por debajo de la temperatura umbral en las tres provincias m\u00e1s pobladas. En este caso, el incremento est\u00e1 m\u00e1s condicionado por las caracter\u00edsticas duraci\u00f3n y n\u00famero de orden de la ola. La disparidad en los resultados obtenidos en cuenca y guadalajara se justifica por los mismos motivos que en las olas de calor. La mayor mortalidad por fr\u00edo se asocia con situaciones cicl\u00f3nicas y aumento de la humedad relativa lo que hace pensar que la entrada de masas de aire fr\u00edo y h\u00famedas procedentes del atl\u00e1ntico norte es la situaci\u00f3n meteorol\u00f3gica de mayor mortalidad en castilla- la mancha, pero no la \u00fanica. Se detecta un aumento de las olas de calor en los \u00faltimos 30 a\u00f1os en castilla- la mancha. Pero la principal conclusi\u00f3n obtenida es que es necesario adaptar y actualizar el plan de acciones preventivas contra el exceso de las temperaturas en salud elaborado por el ministerio de sanidad y pol\u00edtica social y elaborar un plan de prevenci\u00f3n frente a las olas de fr\u00edo.<\/p>\n<p>&nbsp;<\/p>\n<h3>Datos acad\u00e9micos de la tesis doctoral \u00ab<strong>Caracterizaci\u00f3n y cuantificaci\u00f3n del impacto de los extremos t\u00e9rmicos sobre la mortalidad diaria en castilla la mancha en el periodo 1975-2003<\/strong>\u00ab<\/h3>\n<ul>\n<li><strong>T\u00edtulo de la tesis:<\/strong>\u00a0 Caracterizaci\u00f3n y cuantificaci\u00f3n del impacto de los extremos t\u00e9rmicos sobre la mortalidad diaria en castilla la mancha en el periodo 1975-2003 <\/li>\n<li><strong>Autor:<\/strong>\u00a0 Juan  Carlos Montero Rubio <\/li>\n<li><strong>Universidad:<\/strong>\u00a0 Rey juan carlos<\/li>\n<li><strong>Fecha de lectura de la tesis:<\/strong>\u00a0 16\/04\/2010<\/li>\n<\/ul>\n<p>&nbsp;<\/p>\n<h3>Direcci\u00f3n y tribunal<\/h3>\n<ul>\n<li><strong>Director de la tesis<\/strong>\n<ul>\n<li>Julio D\u00edaz Jim\u00e9nez<\/li>\n<\/ul>\n<\/li>\n<li><strong>Tribunal<\/strong>\n<ul>\n<li>Presidente del tribunal: angel Gil de Miguel <\/li>\n<li>Juan  Jos\u00e9 Criado \u00e1lvarez (vocal)<\/li>\n<li>isidro Juan Miron perez (vocal)<\/li>\n<li>cristina Linares gil (vocal)<\/li>\n<\/ul>\n<\/li>\n<\/ul>\n<p>&nbsp;<\/p>\n","protected":false},"excerpt":{"rendered":"<p>Tesis doctoral de Juan Carlos Montero Rubio T\u00edtulo de la tesis: caracterizaci\u00f3n y cuantificaci\u00f3n del impacto de los extremos t\u00e9rmicos [&hellip;]<\/p>\n","protected":false},"author":1,"featured_media":0,"comment_status":"open","ping_status":"open","sticky":false,"template":"","format":"standard","meta":{"site-sidebar-layout":"default","site-content-layout":"","ast-site-content-layout":"","site-content-style":"default","site-sidebar-style":"default","ast-global-header-display":"","ast-banner-title-visibility":"","ast-main-header-display":"","ast-hfb-above-header-display":"","ast-hfb-below-header-display":"","ast-hfb-mobile-header-display":"","site-post-title":"","ast-breadcrumbs-content":"","ast-featured-img":"","footer-sml-layout":"","theme-transparent-header-meta":"","adv-header-id-meta":"","stick-header-meta":"","header-above-stick-meta":"","header-main-stick-meta":"","header-below-stick-meta":"","astra-migrate-meta-layouts":"default","ast-page-background-enabled":"default","ast-page-background-meta":{"desktop":{"background-color":"var(--ast-global-color-4)","background-image":"","background-repeat":"repeat","background-position":"center center","background-size":"auto","background-attachment":"scroll","background-type":"","background-media":"","overlay-type":"","overlay-color":"","overlay-gradient":""},"tablet":{"background-color":"","background-image":"","background-repeat":"repeat","background-position":"center center","background-size":"auto","background-attachment":"scroll","background-type":"","background-media":"","overlay-type":"","overlay-color":"","overlay-gradient":""},"mobile":{"background-color":"","background-image":"","background-repeat":"repeat","background-position":"center center","background-size":"auto","background-attachment":"scroll","background-type":"","background-media":"","overlay-type":"","overlay-color":"","overlay-gradient":""}},"ast-content-background-meta":{"desktop":{"background-color":"var(--ast-global-color-5)","background-image":"","background-repeat":"repeat","background-position":"center center","background-size":"auto","background-attachment":"scroll","background-type":"","background-media":"","overlay-type":"","overlay-color":"","overlay-gradient":""},"tablet":{"background-color":"var(--ast-global-color-5)","background-image":"","background-repeat":"repeat","background-position":"center center","background-size":"auto","background-attachment":"scroll","background-type":"","background-media":"","overlay-type":"","overlay-color":"","overlay-gradient":""},"mobile":{"background-color":"var(--ast-global-color-5)","background-image":"","background-repeat":"repeat","background-position":"center center","background-size":"auto","background-attachment":"scroll","background-type":"","background-media":"","overlay-type":"","overlay-color":"","overlay-gradient":""}},"footnotes":""},"categories":[3148,1086,36610,967,11527],"tags":[4647,170599,190989,204447,55439,67038],"class_list":["post-100370","post","type-post","status-publish","format-standard","hentry","category-analisis-multivariante","category-epidemiologia","category-rey-juan-carlos","category-salud-publica","category-series-temporales","tag-angel-gil-de-miguel","tag-cristina-linares-gil","tag-isidro-juan-miron-perez","tag-juan-carlos-montero-rubio","tag-juan-jose-criado-alvarez","tag-julio-diaz-jimenez"],"_links":{"self":[{"href":"https:\/\/www.deberes.net\/tesis\/wp-json\/wp\/v2\/posts\/100370","targetHints":{"allow":["GET"]}}],"collection":[{"href":"https:\/\/www.deberes.net\/tesis\/wp-json\/wp\/v2\/posts"}],"about":[{"href":"https:\/\/www.deberes.net\/tesis\/wp-json\/wp\/v2\/types\/post"}],"author":[{"embeddable":true,"href":"https:\/\/www.deberes.net\/tesis\/wp-json\/wp\/v2\/users\/1"}],"replies":[{"embeddable":true,"href":"https:\/\/www.deberes.net\/tesis\/wp-json\/wp\/v2\/comments?post=100370"}],"version-history":[{"count":0,"href":"https:\/\/www.deberes.net\/tesis\/wp-json\/wp\/v2\/posts\/100370\/revisions"}],"wp:attachment":[{"href":"https:\/\/www.deberes.net\/tesis\/wp-json\/wp\/v2\/media?parent=100370"}],"wp:term":[{"taxonomy":"category","embeddable":true,"href":"https:\/\/www.deberes.net\/tesis\/wp-json\/wp\/v2\/categories?post=100370"},{"taxonomy":"post_tag","embeddable":true,"href":"https:\/\/www.deberes.net\/tesis\/wp-json\/wp\/v2\/tags?post=100370"}],"curies":[{"name":"wp","href":"https:\/\/api.w.org\/{rel}","templated":true}]}}