{"id":100371,"date":"2018-03-11T10:21:50","date_gmt":"2018-03-11T10:21:50","guid":{"rendered":"https:\/\/www.deberes.net\/tesis\/sin-categoria\/estudio-molecular-e-inmunohistoqua%c2%admico-de-lesiones-precursoras-de-cancer-de-cuello-de-utero\/"},"modified":"2018-03-11T10:21:50","modified_gmt":"2018-03-11T10:21:50","slug":"estudio-molecular-e-inmunohistoqua%c2%admico-de-lesiones-precursoras-de-cancer-de-cuello-de-utero","status":"publish","type":"post","link":"https:\/\/www.deberes.net\/tesis\/biologia-molecular\/estudio-molecular-e-inmunohistoqua%c2%admico-de-lesiones-precursoras-de-cancer-de-cuello-de-utero\/","title":{"rendered":"Estudio molecular e inmunohistoqu\u00edmico de lesiones precursoras de c\u00e1ncer de cuello de \u00fatero"},"content":{"rendered":"<h2>Tesis doctoral de <strong> Asunci\u00f3n Dom\u00e9nech Peris <\/strong><\/h2>\n<p>El c\u00e1ncer de cuello de \u00fatero es la segunda causa m\u00e1s frecuente de c\u00e1ncer en las mujeres de todo el mundo. Con una incidencia de 317,000 nuevos casos y una mortalidad de 190,000 mujeres al a\u00f1o. esta claramente demostrada la intervenci\u00f3n del virus del papiloma humano (hpv) en el desarrollo del c\u00e1ncer de cuello de \u00fatero, son numerosos estudios los que demuestran esta relaci\u00f3n. Se ha demostrado la presencia de adn viral en el 95% de los casos de este tipo de c\u00e1ncer.  la activaci\u00f3n del ciclo celular constituye un paso crucial en el desarrollo de pr\u00e1cticamente todos los c\u00e1nceres humanos. Mediante la expresi\u00f3n de las oncoprote\u00ednas virales e6 y e7, ciertos genotipos (hpv de alto riesgo) bloquean las prote\u00ednas celulares prb y p53 provocando un estado de activaci\u00f3n continua del ciclo celular, creando as\u00ed un estado permisivo para la aparici\u00f3n de mutaciones no reparadas e inestabilidad cromos\u00f3mica. La alteraci\u00f3n funcional de los reguladores del ciclo celular todav\u00eda no es bien conocida y parece tener elevada importancia en la patog\u00e9nesis del c\u00e1ncer cervical, por ello nuestro proyecto se centra en aclarar el papel de los reguladores del ciclo celular en la progresi\u00f3n de las lesiones escamosas intraepiteliales (lsil) a c\u00e1ncer cervical. Adem\u00e1s de p53 y prb como dianas de las oncoprote\u00ednas virales e6 y e7, ciclinas como la ciclina d1 e inhibidores de ciclinas como p16 son prote\u00ednas clave en el estudio de las alteraciones moleculares que caracterizan el c\u00e1ncer cervical. ki-67 es una prote\u00edna no histona expresada en el n\u00facleo durante el ciclo celular, excepto en las fases tempranas g0 y g1. De todas formas es un eficiente marcador de proliferaci\u00f3n celular y ha sido asociado con el aumento de grado de la displasia cervical y por tanto puede tratarse de un marcador adicional de pron\u00f3stico en el c\u00e1ncer cervical. Adem\u00e1s, ki-67 puede ser \u00fatil para diferenciar atipia no diagnosticada de sil. recientemente, estudios de perfiles transcripcionales y de microarrays de adn han identificado dos prote\u00ednas del ciclo celular, la prote\u00edna 2 de mantenimiento del minicromosoma (mcm2) y la topoisomeresa 2 alfa (top2a), cuyos genes se encuentran sobreexpresados en el c\u00e1ncer cervical, y se cree que act\u00faan en la fase temprana s permitiendo el reconocimiento del origen de replicaci\u00f3n y la relajaci\u00f3n del adn. Proex c es un marcador inmunohistoqu\u00edmico recientemente desenvolupado para la detecci\u00f3n de las prote\u00ednas mcm2 y top2a. Recientes estudios han corroborado la utilidad de este marcador en muestras citol\u00f3gicas como test para ayudar a los pat\u00f3logos a diferenciar lesiones normales o benignas de c\u00e1ncer cervical y lesiones precursoras.  en este trabajo nosotros realizamos un an\u00e1lisis inmunohistoqu\u00edmico y genotipado de hpv con los siguientes objetivos:  \u00c2\u00bf\tcaracterizar el patr\u00f3n inmunohistoqu\u00edmico de los reguladores del ciclo celular p16, ciclina d1, ki-67, p53 y proex c y su relaci\u00f3n con el grado histol\u00f3gico de las lesiones cervicales en una cohorte de mujeres de la regi\u00f3n de murcia \u00c2\u00bf\tobservar la relaci\u00f3n entre la expresi\u00f3n de estos marcadores en condiciones cervicales benignas y sil \u00c2\u00bf\tevaluar la relaci\u00f3n entre la expresi\u00f3n inmunohistoqu\u00edmica de estos marcadores y los genotipos de hpv \u00c2\u00bf\tcaracterizar los genotipos hpv y los patrones inmunohistoqu\u00edmicos de estas prote\u00ednas en lesiones aim (atipical inmature squamous metaplasma) y compararlos con los encontrados en las lesiones precursoras lsil y hsil.    http:\/\/repositorio.Bib.Upct.Es\/dspace\/<\/p>\n<p>&nbsp;<\/p>\n<h3>Datos acad\u00e9micos de la tesis doctoral \u00ab<strong>Estudio molecular e inmunohistoqu\u00edmico de lesiones precursoras de c\u00e1ncer de cuello de \u00fatero<\/strong>\u00ab<\/h3>\n<ul>\n<li><strong>T\u00edtulo de la tesis:<\/strong>\u00a0 Estudio molecular e inmunohistoqu\u00edmico de lesiones precursoras de c\u00e1ncer de cuello de \u00fatero <\/li>\n<li><strong>Autor:<\/strong>\u00a0 Asunci\u00f3n Dom\u00e9nech Peris <\/li>\n<li><strong>Universidad:<\/strong>\u00a0 Polit\u00e9cnica de cartagena<\/li>\n<li><strong>Fecha de lectura de la tesis:<\/strong>\u00a0 16\/04\/2010<\/li>\n<\/ul>\n<p>&nbsp;<\/p>\n<h3>Direcci\u00f3n y tribunal<\/h3>\n<ul>\n<li><strong>Director de la tesis<\/strong>\n<ul>\n<li>Pablo Conesa Zamora<\/li>\n<\/ul>\n<\/li>\n<li><strong>Tribunal<\/strong>\n<ul>\n<li>Presidente del tribunal: lorenzo Abad Martinez <\/li>\n<li>vicente Vicente ortega (vocal)<\/li>\n<li>julia Weiss (vocal)<\/li>\n<li>enrique Poblet Martinez (vocal)<\/li>\n<\/ul>\n<\/li>\n<\/ul>\n<p>&nbsp;<\/p>\n","protected":false},"excerpt":{"rendered":"<p>Tesis doctoral de Asunci\u00f3n Dom\u00e9nech Peris El c\u00e1ncer de cuello de \u00fatero es la segunda causa m\u00e1s frecuente de c\u00e1ncer [&hellip;]<\/p>\n","protected":false},"author":1,"featured_media":0,"comment_status":"open","ping_status":"open","sticky":false,"template":"","format":"standard","meta":{"site-sidebar-layout":"default","site-content-layout":"","ast-site-content-layout":"","site-content-style":"default","site-sidebar-style":"default","ast-global-header-display":"","ast-banner-title-visibility":"","ast-main-header-display":"","ast-hfb-above-header-display":"","ast-hfb-below-header-display":"","ast-hfb-mobile-header-display":"","site-post-title":"","ast-breadcrumbs-content":"","ast-featured-img":"","footer-sml-layout":"","theme-transparent-header-meta":"","adv-header-id-meta":"","stick-header-meta":"","header-above-stick-meta":"","header-main-stick-meta":"","header-below-stick-meta":"","astra-migrate-meta-layouts":"default","ast-page-background-enabled":"default","ast-page-background-meta":{"desktop":{"background-color":"var(--ast-global-color-4)","background-image":"","background-repeat":"repeat","background-position":"center center","background-size":"auto","background-attachment":"scroll","background-type":"","background-media":"","overlay-type":"","overlay-color":"","overlay-gradient":""},"tablet":{"background-color":"","background-image":"","background-repeat":"repeat","background-position":"center center","background-size":"auto","background-attachment":"scroll","background-type":"","background-media":"","overlay-type":"","overlay-color":"","overlay-gradient":""},"mobile":{"background-color":"","background-image":"","background-repeat":"repeat","background-position":"center center","background-size":"auto","background-attachment":"scroll","background-type":"","background-media":"","overlay-type":"","overlay-color":"","overlay-gradient":""}},"ast-content-background-meta":{"desktop":{"background-color":"var(--ast-global-color-5)","background-image":"","background-repeat":"repeat","background-position":"center center","background-size":"auto","background-attachment":"scroll","background-type":"","background-media":"","overlay-type":"","overlay-color":"","overlay-gradient":""},"tablet":{"background-color":"var(--ast-global-color-5)","background-image":"","background-repeat":"repeat","background-position":"center center","background-size":"auto","background-attachment":"scroll","background-type":"","background-media":"","overlay-type":"","overlay-color":"","overlay-gradient":""},"mobile":{"background-color":"var(--ast-global-color-5)","background-image":"","background-repeat":"repeat","background-position":"center center","background-size":"auto","background-attachment":"scroll","background-type":"","background-media":"","overlay-type":"","overlay-color":"","overlay-gradient":""}},"footnotes":""},"categories":[36483,36532],"tags":[204448,128616,204449,5494,51311,8486],"class_list":["post-100371","post","type-post","status-publish","format-standard","hentry","category-biologia-molecular","category-politecnica-de-cartagena","tag-asuncion-domenech-peris","tag-enrique-poblet-Martinez","tag-julia-weiss","tag-lorenzo-abad-Martinez","tag-pablo-conesa-zamora","tag-vicente-vicente-ortega"],"_links":{"self":[{"href":"https:\/\/www.deberes.net\/tesis\/wp-json\/wp\/v2\/posts\/100371","targetHints":{"allow":["GET"]}}],"collection":[{"href":"https:\/\/www.deberes.net\/tesis\/wp-json\/wp\/v2\/posts"}],"about":[{"href":"https:\/\/www.deberes.net\/tesis\/wp-json\/wp\/v2\/types\/post"}],"author":[{"embeddable":true,"href":"https:\/\/www.deberes.net\/tesis\/wp-json\/wp\/v2\/users\/1"}],"replies":[{"embeddable":true,"href":"https:\/\/www.deberes.net\/tesis\/wp-json\/wp\/v2\/comments?post=100371"}],"version-history":[{"count":0,"href":"https:\/\/www.deberes.net\/tesis\/wp-json\/wp\/v2\/posts\/100371\/revisions"}],"wp:attachment":[{"href":"https:\/\/www.deberes.net\/tesis\/wp-json\/wp\/v2\/media?parent=100371"}],"wp:term":[{"taxonomy":"category","embeddable":true,"href":"https:\/\/www.deberes.net\/tesis\/wp-json\/wp\/v2\/categories?post=100371"},{"taxonomy":"post_tag","embeddable":true,"href":"https:\/\/www.deberes.net\/tesis\/wp-json\/wp\/v2\/tags?post=100371"}],"curies":[{"name":"wp","href":"https:\/\/api.w.org\/{rel}","templated":true}]}}