{"id":100442,"date":"2018-03-11T10:21:56","date_gmt":"2018-03-11T10:21:56","guid":{"rendered":"https:\/\/www.deberes.net\/tesis\/sin-categoria\/el-compromiso-pola%c2%adtico-en-la-obra-de-francisco-matos-paoli\/"},"modified":"2018-03-11T10:21:56","modified_gmt":"2018-03-11T10:21:56","slug":"el-compromiso-pola%c2%adtico-en-la-obra-de-francisco-matos-paoli","status":"publish","type":"post","link":"https:\/\/www.deberes.net\/tesis\/sociologia-de-la-literatura\/el-compromiso-pola%c2%adtico-en-la-obra-de-francisco-matos-paoli\/","title":{"rendered":"El compromiso pol\u00edtico en la obra de francisco matos paoli"},"content":{"rendered":"<h2>Tesis doctoral de <strong> Ada Hilda Martinez Velez <\/strong><\/h2>\n<p>Resumen  la tesis gira en torno del compromiso pol\u00edtico en la obra (poes\u00eda y prosa) del escritor puertorrique\u00f1o francisco matos paoli. El tema patri\u00f3tico se presenta como una expresi\u00f3n trascendental-espiritual frente a la condici\u00f3n pol\u00edtica del pa\u00eds. Se revisan, someramente, las relaciones entre literatura, sociedad y arte comprometido: revisi\u00f3n te\u00f3rica que ayudar\u00e1 a se\u00f1alar el m\u00e9todo de estudio m\u00e1s adecuado para acercarnos a la obra matospaoliana. En el primer cap\u00edtulo se presenta el trasfondo hist\u00f3rico y literario a partir de los a\u00f1os treinta, fecha en que el autor comienza a publicar. El segundo se centra en la ideolog\u00eda pol\u00edtica nacionalista que imper\u00f3 en el puerto rico de los treinta y se mantuvo en escena hasta los cincuenta. Se destaca, sobre todo, la figura de pedro albizu campos, y su relaci\u00f3n con el poeta. Este cap\u00edtulo es harto significativo por cuanto abarca, desde una perspectiva amplia, el influjo de la ideolog\u00eda albizu\u00edsta en matos paoli. El tercero comprende un esbozo biogr\u00e1fico y la cronolog\u00eda de su obra. Se aborda casi toda su producci\u00f3n po\u00e9tica, y se destacan los temas que poco o mucho se relacionan con el que nos ocupa. En el cuarto cap\u00edtulo se examinan los discursos y art\u00edculos sobre el  compromiso pol\u00edtico; y en el quinto se explora el mismo tema en aquellos poemarios en que el mismo descuella. Finaliza este trabajo con un cap\u00edtulo de conclusiones y con una amplia bibliograf\u00eda.<\/p>\n<p>&nbsp;<\/p>\n<h3>Datos acad\u00e9micos de la tesis doctoral \u00ab<strong>El compromiso pol\u00edtico en la obra de francisco matos paoli<\/strong>\u00ab<\/h3>\n<ul>\n<li><strong>T\u00edtulo de la tesis:<\/strong>\u00a0 El compromiso pol\u00edtico en la obra de francisco matos paoli <\/li>\n<li><strong>Autor:<\/strong>\u00a0 Ada Hilda Martinez Velez <\/li>\n<li><strong>Universidad:<\/strong>\u00a0 Valladolid<\/li>\n<li><strong>Fecha de lectura de la tesis:<\/strong>\u00a0 22\/04\/2010<\/li>\n<\/ul>\n<p>&nbsp;<\/p>\n<h3>Direcci\u00f3n y tribunal<\/h3>\n<ul>\n<li><strong>Director de la tesis<\/strong>\n<ul>\n<li>Jos\u00e9 Ramon Gonzalez Garcia<\/li>\n<\/ul>\n<\/li>\n<li><strong>Tribunal<\/strong>\n<ul>\n<li>Presidente del tribunal: teodosio Fernandez rodriguez <\/li>\n<li>eperanza L\u00f3pez parada (vocal)<\/li>\n<li>mat\u00edas Barchino p\u00e9rez (vocal)<\/li>\n<li>Mar\u00eda pilar Celma valero (vocal)<\/li>\n<\/ul>\n<\/li>\n<\/ul>\n<p>&nbsp;<\/p>\n","protected":false},"excerpt":{"rendered":"<p>Tesis doctoral de Ada Hilda Martinez Velez Resumen la tesis gira en torno del compromiso pol\u00edtico en la obra (poes\u00eda [&hellip;]<\/p>\n","protected":false},"author":1,"featured_media":0,"comment_status":"open","ping_status":"open","sticky":false,"template":"","format":"standard","meta":{"site-sidebar-layout":"default","site-content-layout":"","ast-site-content-layout":"","site-content-style":"default","site-sidebar-style":"default","ast-global-header-display":"","ast-banner-title-visibility":"","ast-main-header-display":"","ast-hfb-above-header-display":"","ast-hfb-below-header-display":"","ast-hfb-mobile-header-display":"","site-post-title":"","ast-breadcrumbs-content":"","ast-featured-img":"","footer-sml-layout":"","theme-transparent-header-meta":"","adv-header-id-meta":"","stick-header-meta":"","header-above-stick-meta":"","header-main-stick-meta":"","header-below-stick-meta":"","astra-migrate-meta-layouts":"default","ast-page-background-enabled":"default","ast-page-background-meta":{"desktop":{"background-color":"var(--ast-global-color-4)","background-image":"","background-repeat":"repeat","background-position":"center center","background-size":"auto","background-attachment":"scroll","background-type":"","background-media":"","overlay-type":"","overlay-color":"","overlay-gradient":""},"tablet":{"background-color":"","background-image":"","background-repeat":"repeat","background-position":"center center","background-size":"auto","background-attachment":"scroll","background-type":"","background-media":"","overlay-type":"","overlay-color":"","overlay-gradient":""},"mobile":{"background-color":"","background-image":"","background-repeat":"repeat","background-position":"center center","background-size":"auto","background-attachment":"scroll","background-type":"","background-media":"","overlay-type":"","overlay-color":"","overlay-gradient":""}},"ast-content-background-meta":{"desktop":{"background-color":"var(--ast-global-color-5)","background-image":"","background-repeat":"repeat","background-position":"center center","background-size":"auto","background-attachment":"scroll","background-type":"","background-media":"","overlay-type":"","overlay-color":"","overlay-gradient":""},"tablet":{"background-color":"var(--ast-global-color-5)","background-image":"","background-repeat":"repeat","background-position":"center center","background-size":"auto","background-attachment":"scroll","background-type":"","background-media":"","overlay-type":"","overlay-color":"","overlay-gradient":""},"mobile":{"background-color":"var(--ast-global-color-5)","background-image":"","background-repeat":"repeat","background-position":"center center","background-size":"auto","background-attachment":"scroll","background-type":"","background-media":"","overlay-type":"","overlay-color":"","overlay-gradient":""}},"footnotes":""},"categories":[2231,12451],"tags":[204557,204558,12455,169205,22777,4849],"class_list":["post-100442","post","type-post","status-publish","format-standard","hentry","category-sociologia-de-la-literatura","category-valladolid","tag-ada-hilda-Martinez-velez","tag-eperanza-lopez-parada","tag-jose-ramon-gonzalez-garcia","tag-maria-pilar-celma-valero","tag-matias-barchino-perez","tag-teodosio-fernandez-rodriguez"],"_links":{"self":[{"href":"https:\/\/www.deberes.net\/tesis\/wp-json\/wp\/v2\/posts\/100442","targetHints":{"allow":["GET"]}}],"collection":[{"href":"https:\/\/www.deberes.net\/tesis\/wp-json\/wp\/v2\/posts"}],"about":[{"href":"https:\/\/www.deberes.net\/tesis\/wp-json\/wp\/v2\/types\/post"}],"author":[{"embeddable":true,"href":"https:\/\/www.deberes.net\/tesis\/wp-json\/wp\/v2\/users\/1"}],"replies":[{"embeddable":true,"href":"https:\/\/www.deberes.net\/tesis\/wp-json\/wp\/v2\/comments?post=100442"}],"version-history":[{"count":0,"href":"https:\/\/www.deberes.net\/tesis\/wp-json\/wp\/v2\/posts\/100442\/revisions"}],"wp:attachment":[{"href":"https:\/\/www.deberes.net\/tesis\/wp-json\/wp\/v2\/media?parent=100442"}],"wp:term":[{"taxonomy":"category","embeddable":true,"href":"https:\/\/www.deberes.net\/tesis\/wp-json\/wp\/v2\/categories?post=100442"},{"taxonomy":"post_tag","embeddable":true,"href":"https:\/\/www.deberes.net\/tesis\/wp-json\/wp\/v2\/tags?post=100442"}],"curies":[{"name":"wp","href":"https:\/\/api.w.org\/{rel}","templated":true}]}}