{"id":100481,"date":"2018-03-11T10:21:56","date_gmt":"2018-03-11T10:21:56","guid":{"rendered":"https:\/\/www.deberes.net\/tesis\/sin-categoria\/generacion-de-supercontinuo-en-fibras-microestructuradas-con-bombeos-cuasicontinuos\/"},"modified":"2018-03-11T10:21:56","modified_gmt":"2018-03-11T10:21:56","slug":"generacion-de-supercontinuo-en-fibras-microestructuradas-con-bombeos-cuasicontinuos","status":"publish","type":"post","link":"https:\/\/www.deberes.net\/tesis\/fibra-optica\/generacion-de-supercontinuo-en-fibras-microestructuradas-con-bombeos-cuasicontinuos\/","title":{"rendered":"Generacion de supercontinuo en fibras microestructuradas con bombeos cuasicontinuos"},"content":{"rendered":"<h2>Tesis doctoral de <strong> Jaime Cascante Vindas <\/strong><\/h2>\n<p>Cuando un pulso l\u00e1ser suficientemente intenso se propaga por un material transparente, la  naturaleza no lineal del material se pone de manifiesto y es posible la generaci\u00f3n de un conjunto  de fen\u00f3menos no lineales que modifican las caracter\u00edsticas temporales y espectrales del mismo.  en   concreto,   si   se   dan   las   condiciones   adecuadas,   es   posible   que   el   pulso   sufra   un  ensanchamiento   espectral   importante.   Este   fen\u00f3meno   se   conoce   como   generaci\u00f3n   de  supercontinuo y ha sido estudiado desde los a\u00f1os 60 en diversos materiales no lineales debido a  sus aplicaciones en medicina, biolog\u00eda, qu\u00edmica, ingenier\u00eda y f\u00edsica.    los primeros materiales transparentes utilizados para generar supercontinuo fueron cristales  s\u00f3lidos   y   algunos   medios   l\u00edquidos,   sin   embargo,   se   necesitaba   mucha   energ\u00eda   para   producir  ensanchamientos espectrales de tan s\u00f3lo algunos nm. Con el nacimiento de las fibras \u00f3pticas en  los a\u00f1os 70 esa limitaci\u00f3n qued\u00f3 resuelta. Las fibras \u00f3pticas permiten confinar el pulso l\u00e1ser en  un \u00e1rea muy peque\u00f1a y transmitirlo en longitudes que pueden ser incluso de varios km, logrando  as\u00ed   que   las   interacciones   no   lineales   sean   m\u00e1s   eficientes   con   energ\u00edas   m\u00e1s   bajas.   Adem\u00e1s,  algunas   de   sus   propiedades   \u00f3pticas,   como   por   ejemplo   la   dispersi\u00f3n   crom\u00e1tica,   pueden  manipularse para as\u00ed incentivar la formaci\u00f3n de algunos fen\u00f3menos no lineales. La investigaci\u00f3n  en este tema experiment\u00f3 un impulso importante a partir de la fabricaci\u00f3n, en los a\u00f1os 90, de un  nuevo tipo de fibra \u00f3ptica denominada fibra microestructurada. En estas fibras, el n\u00facleo est\u00e1  rodeado por una microestructura formada por una distribuci\u00f3n peri\u00f3dica de inclusiones de \u00edndice  de refracci\u00f3n diferente al del material matriz. Esta nueva tecnolog\u00eda ha permitido obtener fibras  con caracter\u00edsticas de guiado imposibles de alcanzar con las fibras convencionales y que se han  manifestado como excelentes medios para la generaci\u00f3n de efectos no lineales en general, y m\u00e1s  en particular, para la generaci\u00f3n de supercontinuo.    en paralelo al uso de las fibras \u00f3pticas convencionales como medios no lineales, se desarroll\u00f3  una   t\u00e9cnica   de   procesado   que   permite   transformar   trozos   cortos   de   fibra   en   dispositivos estrechados (tapers), los cuales permiten obtener generaciones de supercontinuo muy anchas con  cantidades de energ\u00eda mucho m\u00e1s bajas. Sin embargo, los  tapers  fabricados a partir de fibras  convencionales presentan varios problemas, como el haz inyectado es guiado por toda la zona  estrechada y no s\u00f3lo por lo que antes era el n\u00facleo, las reducciones aplicadas provocaban que el  dispositivo sea muy fr\u00e1gil y demasiado sensible a perturbaciones  externas. Este problema se  resolvi\u00f3 al aplicar esta t\u00e9cnica de procesado a las fibras microestructuradas, pues, en este caso, el  haz inyectado es guiado por el n\u00facleo, y la microestructura que rodea a \u00e9ste ofrece un soporte  mec\u00e1nico y un aislamiento efectivo del n\u00facleo contra perturbaciones externas.    el objetivo principal de esta tesis fue estudiar la generaci\u00f3n de supercontinuo, con bombeos  cuasicontinuos de 532 nm y 1064 nm, en fibras microestructuradas y dispositivos fabricados a  partir de fibras microestructuradas. Se estudi\u00f3 la generaci\u00f3n de supercontinuo en una variedad de  fibras microestructuradas de s\u00edlice, de s\u00edlice con el n\u00facleo dopado con geo2 y de s\u00edlice con el  n\u00facleo   dopado   con   er2o3.   Tambi\u00e9n   se   estudi\u00f3   la   generaci\u00f3n   de   supercontinuo   en  tapers  fabricados   a   partir   de   algunas   de   estas   fibras.   El   trabajo   efectuado   es   completamente  experimental y su enfoque estuvo centrado, por una parte, en estudiar los mecanismos no lineales  que   dan   lugar   a  este  fen\u00f3meno  y, por  otra  parte,  en  obtener  generaciones  de  supercontinuo  intensas y espectralmente anchas con elementos que fueran comercialmente viables.    como mecanismo de bombeo se investigaron fuentes l\u00e1ser cuasicontinuas, tanto de estado  s\u00f3lido como de fibra \u00f3ptica. Por una parte, los l\u00e1seres cuasicontinuos, que emiten pulsos de  duraci\u00f3n del orden del ns, son mucho m\u00e1s baratos y robustos que los l\u00e1seres que emiten pulsos  cortos de fs y, por otra parte, proporcionan pulsos con potencias de pico mucho m\u00e1s elevadas  que las fuentes l\u00e1ser continuas. Adicionalmente, no s\u00f3lo se implement\u00f3 el t\u00edpico esquema de  generaci\u00f3n en el que el haz de un l\u00e1ser se inyecta directamente en el medio no lineal, tambi\u00e9n se  estudi\u00f3 un esquema m\u00e1s innovador (denominado intracavidad) en el que el elemento no lineal se  coloc\u00f3 dentro de la cavidad de un l\u00e1ser de fibra, para as\u00ed aprovechar la gran cantidad de energ\u00eda  que se encuentra disponible.<\/p>\n<p>&nbsp;<\/p>\n<h3>Datos acad\u00e9micos de la tesis doctoral \u00ab<strong>Generacion de supercontinuo en fibras microestructuradas con bombeos cuasicontinuos<\/strong>\u00ab<\/h3>\n<ul>\n<li><strong>T\u00edtulo de la tesis:<\/strong>\u00a0 Generacion de supercontinuo en fibras microestructuradas con bombeos cuasicontinuos <\/li>\n<li><strong>Autor:<\/strong>\u00a0 Jaime Cascante Vindas <\/li>\n<li><strong>Universidad:<\/strong>\u00a0 Universitat de val\u00e9ncia (estudi general)<\/li>\n<li><strong>Fecha de lectura de la tesis:<\/strong>\u00a0 23\/04\/2010<\/li>\n<\/ul>\n<p>&nbsp;<\/p>\n<h3>Direcci\u00f3n y tribunal<\/h3>\n<ul>\n<li><strong>Director de la tesis<\/strong>\n<ul>\n<li>Antonio Diez Cremades<\/li>\n<\/ul>\n<\/li>\n<li><strong>Tribunal<\/strong>\n<ul>\n<li>Presidente del tribunal: alfredo Segura Garc\u00eda del r\u00edo <\/li>\n<li>martina Delgado pinar (vocal)<\/li>\n<li>Francisco Villuendas yuste (vocal)<\/li>\n<li>pedro Corredera guillen (vocal)<\/li>\n<\/ul>\n<\/li>\n<\/ul>\n<p>&nbsp;<\/p>\n","protected":false},"excerpt":{"rendered":"<p>Tesis doctoral de Jaime Cascante Vindas Cuando un pulso l\u00e1ser suficientemente intenso se propaga por un material transparente, la naturaleza [&hellip;]<\/p>\n","protected":false},"author":1,"featured_media":0,"comment_status":"open","ping_status":"open","sticky":false,"template":"","format":"standard","meta":{"site-sidebar-layout":"default","site-content-layout":"","ast-site-content-layout":"","site-content-style":"default","site-sidebar-style":"default","ast-global-header-display":"","ast-banner-title-visibility":"","ast-main-header-display":"","ast-hfb-above-header-display":"","ast-hfb-below-header-display":"","ast-hfb-mobile-header-display":"","site-post-title":"","ast-breadcrumbs-content":"","ast-featured-img":"","footer-sml-layout":"","theme-transparent-header-meta":"","adv-header-id-meta":"","stick-header-meta":"","header-above-stick-meta":"","header-main-stick-meta":"","header-below-stick-meta":"","astra-migrate-meta-layouts":"default","ast-page-background-enabled":"default","ast-page-background-meta":{"desktop":{"background-color":"var(--ast-global-color-4)","background-image":"","background-repeat":"repeat","background-position":"center center","background-size":"auto","background-attachment":"scroll","background-type":"","background-media":"","overlay-type":"","overlay-color":"","overlay-gradient":""},"tablet":{"background-color":"","background-image":"","background-repeat":"repeat","background-position":"center center","background-size":"auto","background-attachment":"scroll","background-type":"","background-media":"","overlay-type":"","overlay-color":"","overlay-gradient":""},"mobile":{"background-color":"","background-image":"","background-repeat":"repeat","background-position":"center center","background-size":"auto","background-attachment":"scroll","background-type":"","background-media":"","overlay-type":"","overlay-color":"","overlay-gradient":""}},"ast-content-background-meta":{"desktop":{"background-color":"var(--ast-global-color-5)","background-image":"","background-repeat":"repeat","background-position":"center center","background-size":"auto","background-attachment":"scroll","background-type":"","background-media":"","overlay-type":"","overlay-color":"","overlay-gradient":""},"tablet":{"background-color":"var(--ast-global-color-5)","background-image":"","background-repeat":"repeat","background-position":"center center","background-size":"auto","background-attachment":"scroll","background-type":"","background-media":"","overlay-type":"","overlay-color":"","overlay-gradient":""},"mobile":{"background-color":"var(--ast-global-color-5)","background-image":"","background-repeat":"repeat","background-position":"center center","background-size":"auto","background-attachment":"scroll","background-type":"","background-media":"","overlay-type":"","overlay-color":"","overlay-gradient":""}},"footnotes":""},"categories":[6875,7178,12277,24547],"tags":[27277,104236,60137,204625,147302,49363],"class_list":["post-100481","post","type-post","status-publish","format-standard","hentry","category-fibra-optica","category-luz","category-optica-no-lineal","category-radiacion-infrarroja","tag-alfredo-segura-garcia-del-rio","tag-antonio-diez-cremades","tag-francisco-villuendas-yuste","tag-jaime-cascante-vindas","tag-martina-delgado-pinar","tag-pedro-corredera-guillen"],"_links":{"self":[{"href":"https:\/\/www.deberes.net\/tesis\/wp-json\/wp\/v2\/posts\/100481","targetHints":{"allow":["GET"]}}],"collection":[{"href":"https:\/\/www.deberes.net\/tesis\/wp-json\/wp\/v2\/posts"}],"about":[{"href":"https:\/\/www.deberes.net\/tesis\/wp-json\/wp\/v2\/types\/post"}],"author":[{"embeddable":true,"href":"https:\/\/www.deberes.net\/tesis\/wp-json\/wp\/v2\/users\/1"}],"replies":[{"embeddable":true,"href":"https:\/\/www.deberes.net\/tesis\/wp-json\/wp\/v2\/comments?post=100481"}],"version-history":[{"count":0,"href":"https:\/\/www.deberes.net\/tesis\/wp-json\/wp\/v2\/posts\/100481\/revisions"}],"wp:attachment":[{"href":"https:\/\/www.deberes.net\/tesis\/wp-json\/wp\/v2\/media?parent=100481"}],"wp:term":[{"taxonomy":"category","embeddable":true,"href":"https:\/\/www.deberes.net\/tesis\/wp-json\/wp\/v2\/categories?post=100481"},{"taxonomy":"post_tag","embeddable":true,"href":"https:\/\/www.deberes.net\/tesis\/wp-json\/wp\/v2\/tags?post=100481"}],"curies":[{"name":"wp","href":"https:\/\/api.w.org\/{rel}","templated":true}]}}