{"id":100575,"date":"2018-03-11T10:22:07","date_gmt":"2018-03-11T10:22:07","guid":{"rendered":"https:\/\/www.deberes.net\/tesis\/sin-categoria\/la-a21l-como-estrategia-para-un-desarrollo-local-sostenible-del-medio-ambiente-a-la-cultura\/"},"modified":"2018-03-11T10:22:07","modified_gmt":"2018-03-11T10:22:07","slug":"la-a21l-como-estrategia-para-un-desarrollo-local-sostenible-del-medio-ambiente-a-la-cultura","status":"publish","type":"post","link":"https:\/\/www.deberes.net\/tesis\/cambio-y-desarrollo-social\/la-a21l-como-estrategia-para-un-desarrollo-local-sostenible-del-medio-ambiente-a-la-cultura\/","title":{"rendered":"\u00abla a21l como estrategia para un desarrollo local sostenible: del medio ambiente a la cultura\u00bb"},"content":{"rendered":"<h2>Tesis doctoral de <strong> Raul Abeledo Sanchis <\/strong><\/h2>\n<p>La tesis analiza el impacto del programa internacional de agenda 21 local como estrategia de desarrollo sostenible, evaluando su recorrido durante catorce a\u00f1os (1992-2006) a trav\u00e9s de los diversos escenarios territoriales de su desarrollo: cumbre internacional, campa\u00f1as continentales, an\u00e1lisis por pa\u00edses europeos, hasta su evoluci\u00f3n en las distintas comunidades aut\u00f3nomas y provincias espa\u00f1olas.   el an\u00e1lisis global y pormenorizado de estas experiencias, nos permite extraer interesantes lecciones, destacando la modelizaci\u00f3n de una herramienta para la evaluaci\u00f3n de los resultados e impactos generados por la a21l en nuestro pa\u00eds, as\u00ed como la identificaci\u00f3n de los principales retos de futuro a que se enfrentan las estrategias de desarrollo local sostenible.  en este sentido, un resultado inmediato de nuestra evaluaci\u00f3n se deriva de la transferencia de su filosof\u00eda y metodolog\u00eda de actuaci\u00f3n al \u00e1mbito de la planificaci\u00f3n cultural local, tal y como propone el marco normativo de la agenda 21 de la cultura. La puesta en valor de los resultados de la experiencia cobra as\u00ed especial significatividad, favoreciendo el desarrollo te\u00f3rico y pr\u00e1ctico de las relaciones triangulares entre los \u00e1mbitos del medio ambiente, el desarrollo local y la planificaci\u00f3n cultural.<\/p>\n<p>&nbsp;<\/p>\n<h3>Datos acad\u00e9micos de la tesis doctoral \u00ab<strong>\u00abla a21l como estrategia para un desarrollo local sostenible: del medio ambiente a la cultura\u00bb<\/strong>\u00ab<\/h3>\n<ul>\n<li><strong>T\u00edtulo de la tesis:<\/strong>\u00a0 \u00abla a21l como estrategia para un desarrollo local sostenible: del medio ambiente a la cultura\u00bb <\/li>\n<li><strong>Autor:<\/strong>\u00a0 Raul Abeledo Sanchis <\/li>\n<li><strong>Universidad:<\/strong>\u00a0 Universitat de val\u00e9ncia (estudi general)<\/li>\n<li><strong>Fecha de lectura de la tesis:<\/strong>\u00a0 29\/04\/2010<\/li>\n<\/ul>\n<p>&nbsp;<\/p>\n<h3>Direcci\u00f3n y tribunal<\/h3>\n<ul>\n<li><strong>Director de la tesis<\/strong>\n<ul>\n<li>Pau Rausell Koster<\/li>\n<\/ul>\n<\/li>\n<li><strong>Tribunal<\/strong>\n<ul>\n<li>Presidente del tribunal: vicente Mart\u00ednez guzm\u00e1n <\/li>\n<li>hector Manuel Pose porto (vocal)<\/li>\n<li>enric Bas amoros (vocal)<\/li>\n<li>joan Noguera tur (vocal)<\/li>\n<\/ul>\n<\/li>\n<\/ul>\n<p>&nbsp;<\/p>\n","protected":false},"excerpt":{"rendered":"<p>Tesis doctoral de Raul Abeledo Sanchis La tesis analiza el impacto del programa internacional de agenda 21 local como estrategia [&hellip;]<\/p>\n","protected":false},"author":1,"featured_media":0,"comment_status":"open","ping_status":"open","sticky":false,"template":"","format":"standard","meta":{"site-sidebar-layout":"default","site-content-layout":"","ast-site-content-layout":"","site-content-style":"default","site-sidebar-style":"default","ast-global-header-display":"","ast-banner-title-visibility":"","ast-main-header-display":"","ast-hfb-above-header-display":"","ast-hfb-below-header-display":"","ast-hfb-mobile-header-display":"","site-post-title":"","ast-breadcrumbs-content":"","ast-featured-img":"","footer-sml-layout":"","theme-transparent-header-meta":"","adv-header-id-meta":"","stick-header-meta":"","header-above-stick-meta":"","header-main-stick-meta":"","header-below-stick-meta":"","astra-migrate-meta-layouts":"default","ast-page-background-enabled":"default","ast-page-background-meta":{"desktop":{"background-color":"var(--ast-global-color-4)","background-image":"","background-repeat":"repeat","background-position":"center center","background-size":"auto","background-attachment":"scroll","background-type":"","background-media":"","overlay-type":"","overlay-color":"","overlay-gradient":""},"tablet":{"background-color":"","background-image":"","background-repeat":"repeat","background-position":"center center","background-size":"auto","background-attachment":"scroll","background-type":"","background-media":"","overlay-type":"","overlay-color":"","overlay-gradient":""},"mobile":{"background-color":"","background-image":"","background-repeat":"repeat","background-position":"center center","background-size":"auto","background-attachment":"scroll","background-type":"","background-media":"","overlay-type":"","overlay-color":"","overlay-gradient":""}},"ast-content-background-meta":{"desktop":{"background-color":"var(--ast-global-color-5)","background-image":"","background-repeat":"repeat","background-position":"center center","background-size":"auto","background-attachment":"scroll","background-type":"","background-media":"","overlay-type":"","overlay-color":"","overlay-gradient":""},"tablet":{"background-color":"var(--ast-global-color-5)","background-image":"","background-repeat":"repeat","background-position":"center center","background-size":"auto","background-attachment":"scroll","background-type":"","background-media":"","overlay-type":"","overlay-color":"","overlay-gradient":""},"mobile":{"background-color":"var(--ast-global-color-5)","background-image":"","background-repeat":"repeat","background-position":"center center","background-size":"auto","background-attachment":"scroll","background-type":"","background-media":"","overlay-type":"","overlay-color":"","overlay-gradient":""}},"footnotes":""},"categories":[6217,16299,41920],"tags":[128863,125397,204781,204780,204779,11817],"class_list":["post-100575","post","type-post","status-publish","format-standard","hentry","category-cambio-y-desarrollo-social","category-planificacion-del-desarrollo-regional","category-planificacion-politica","tag-enric-bas-amoros","tag-hector-manuel-pose-porto","tag-joan-noguera-tur","tag-pau-rausell-koster","tag-raul-abeledo-sanchis","tag-vicente-Martinez-guzman"],"_links":{"self":[{"href":"https:\/\/www.deberes.net\/tesis\/wp-json\/wp\/v2\/posts\/100575","targetHints":{"allow":["GET"]}}],"collection":[{"href":"https:\/\/www.deberes.net\/tesis\/wp-json\/wp\/v2\/posts"}],"about":[{"href":"https:\/\/www.deberes.net\/tesis\/wp-json\/wp\/v2\/types\/post"}],"author":[{"embeddable":true,"href":"https:\/\/www.deberes.net\/tesis\/wp-json\/wp\/v2\/users\/1"}],"replies":[{"embeddable":true,"href":"https:\/\/www.deberes.net\/tesis\/wp-json\/wp\/v2\/comments?post=100575"}],"version-history":[{"count":0,"href":"https:\/\/www.deberes.net\/tesis\/wp-json\/wp\/v2\/posts\/100575\/revisions"}],"wp:attachment":[{"href":"https:\/\/www.deberes.net\/tesis\/wp-json\/wp\/v2\/media?parent=100575"}],"wp:term":[{"taxonomy":"category","embeddable":true,"href":"https:\/\/www.deberes.net\/tesis\/wp-json\/wp\/v2\/categories?post=100575"},{"taxonomy":"post_tag","embeddable":true,"href":"https:\/\/www.deberes.net\/tesis\/wp-json\/wp\/v2\/tags?post=100575"}],"curies":[{"name":"wp","href":"https:\/\/api.w.org\/{rel}","templated":true}]}}