{"id":100590,"date":"2018-03-11T10:22:07","date_gmt":"2018-03-11T10:22:07","guid":{"rendered":"https:\/\/www.deberes.net\/tesis\/sin-categoria\/diseno-y-evaluacion-de-un-programa-de-potenciacion-de-la-resiliencia-para-pacientes-con-diagnostico-de-artritis-reumatoide\/"},"modified":"2018-03-11T10:22:07","modified_gmt":"2018-03-11T10:22:07","slug":"diseno-y-evaluacion-de-un-programa-de-potenciacion-de-la-resiliencia-para-pacientes-con-diagnostico-de-artritis-reumatoide","status":"publish","type":"post","link":"https:\/\/www.deberes.net\/tesis\/psicologia\/diseno-y-evaluacion-de-un-programa-de-potenciacion-de-la-resiliencia-para-pacientes-con-diagnostico-de-artritis-reumatoide\/","title":{"rendered":"Dise\u00f1o y evaluaci\u00f3n de un programa de potenciaci\u00f3n de la resiliencia para pacientes con diagn\u00f3stico de artritis reumatoide"},"content":{"rendered":"<h2>Tesis doctoral de <strong> Japcy Margarita Quiceno Sierra <\/strong><\/h2>\n<p>Dise\u00f1o y evaluaci\u00f3n de un programa de potenciaci\u00f3n de la resiliencia para pacientes con diagn\u00f3stico de artritis reumatoide.  design and evaluation of an empowerment program for resilience patients with rheumatoid arthritis   el objetivo de este estudio fue dise\u00f1ar, ejecutar y evaluar un programa para la potenciaci\u00f3n de la resiliencia (\u00c2\u00bffortaleza\u00c2\u00bf) para pacientes con diagn\u00f3stico de artritis reumatoide.  Participaron en la investigaci\u00f3n un total de 76 pacientes (71 mujeres y 5 hombres), quienes fueron asignados a dos grupos cuasi-experimentales (piloto y r\u00e9plica) y dos cuasi-controles (piloto y r\u00e9plica).  Se utilizaron como instrumentos de medida para las variables dependientes el cuestionario de salud mos sf-36, el cuestionario breve de percepci\u00f3n de enfermedad ipq-b, la escala de autotrascendencia (sts), el cuestionario de resiliencia (rs), la percepci\u00f3n de apoyo social se midi\u00f3 a trav\u00e9s de dos preguntas, y el estado emocional fue medido con una escala visual anal\u00f3gica antes y despu\u00e9s de cada sesi\u00f3n del programa.  El programa \u00c2\u00bffortaleza\u00c2\u00bf es un programa multimodal de bajo costo que estuvo compuesto por un conjunto de t\u00e9cnicas de intervenci\u00f3n psicol\u00f3gicas derivadas de la psicolog\u00eda positiva y la terapia cognitivo-conductual donde se trabaj\u00f3 la resiliencia a trav\u00e9s de tres pilares: autoestima, autoeficacia y autocontrol.  La estructura del programa fue dise\u00f1ada para que los pacientes pensaran en positivo.  El programa estuvo compuesto adem\u00e1s por seis sesiones de dos horas y media de duraci\u00f3n que se desarrollaron en seis d\u00edas consecutivos.  Para evaluar los resultados se emple\u00f3 un dise\u00f1o tipo antes y despu\u00e9s con un grupo cuasi-control y seguimiento al grupo intervenido al cabo de tres meses de finalizado el programa.  Los resultados mostraron en ambos estudios un aumento significativo de la resiliencia en comparaci\u00f3n con un grupo cuasi-control y al cabo de tres meses.  La autotrascendencia fue significativa s\u00f3lo en el estudio r\u00e9plica a nivel de post test respecto a un grupo cuasi-control y en el seguimiento.  Se presentaron cambios en el estado emocional al final de cada sesi\u00f3n respecto a la medici\u00f3n inicial en los grupos intervenidos de ambos estudios.  La calidad de vida en ambos grupos intervenidos (piloto y r\u00e9plica) mejora mucho m\u00e1s en la medici\u00f3n de seguimiento.  El control personal del ipq-b y la percepci\u00f3n del n\u00famero de personas con las que se puede contar aparecen significativos en ambos estudios al cabo de tres meses.  Conclusi\u00f3n: en este estudio se pudo ver que programas de intervenci\u00f3n focalizados en resiliencia pueden potenciarla y producir cambios importantes en variables psicosociales asociados con la artritis reumatoide.<\/p>\n<p>&nbsp;<\/p>\n<h3>Datos acad\u00e9micos de la tesis doctoral \u00ab<strong>Dise\u00f1o y evaluaci\u00f3n de un programa de potenciaci\u00f3n de la resiliencia para pacientes con diagn\u00f3stico de artritis reumatoide<\/strong>\u00ab<\/h3>\n<ul>\n<li><strong>T\u00edtulo de la tesis:<\/strong>\u00a0 Dise\u00f1o y evaluaci\u00f3n de un programa de potenciaci\u00f3n de la resiliencia para pacientes con diagn\u00f3stico de artritis reumatoide <\/li>\n<li><strong>Autor:<\/strong>\u00a0 Japcy Margarita Quiceno Sierra <\/li>\n<li><strong>Universidad:<\/strong>\u00a0 Aut\u00f3noma de Madrid<\/li>\n<li><strong>Fecha de lectura de la tesis:<\/strong>\u00a0 29\/04\/2010<\/li>\n<\/ul>\n<p>&nbsp;<\/p>\n<h3>Direcci\u00f3n y tribunal<\/h3>\n<ul>\n<li><strong>Director de la tesis<\/strong>\n<ul>\n<li>Eduardo Remor Bitencourt<\/li>\n<\/ul>\n<\/li>\n<li><strong>Tribunal<\/strong>\n<ul>\n<li>Presidente del tribunal: Jos\u00e9 Antonio Carrobles isabel <\/li>\n<li>Jos\u00e9 pedro Espada s\u00e1nchez (vocal)<\/li>\n<li>Rafael Ballester arnal (vocal)<\/li>\n<li>marina Belendez vazquez (vocal)<\/li>\n<\/ul>\n<\/li>\n<\/ul>\n<p>&nbsp;<\/p>\n","protected":false},"excerpt":{"rendered":"<p>Tesis doctoral de Japcy Margarita Quiceno Sierra Dise\u00f1o y evaluaci\u00f3n de un programa de potenciaci\u00f3n de la resiliencia para pacientes [&hellip;]<\/p>\n","protected":false},"author":1,"featured_media":0,"comment_status":"open","ping_status":"open","sticky":false,"template":"","format":"standard","meta":{"site-sidebar-layout":"default","site-content-layout":"","ast-site-content-layout":"","site-content-style":"default","site-sidebar-style":"default","ast-global-header-display":"","ast-banner-title-visibility":"","ast-main-header-display":"","ast-hfb-above-header-display":"","ast-hfb-below-header-display":"","ast-hfb-mobile-header-display":"","site-post-title":"","ast-breadcrumbs-content":"","ast-featured-img":"","footer-sml-layout":"","theme-transparent-header-meta":"","adv-header-id-meta":"","stick-header-meta":"","header-above-stick-meta":"","header-main-stick-meta":"","header-below-stick-meta":"","astra-migrate-meta-layouts":"default","ast-page-background-enabled":"default","ast-page-background-meta":{"desktop":{"background-color":"var(--ast-global-color-4)","background-image":"","background-repeat":"repeat","background-position":"center center","background-size":"auto","background-attachment":"scroll","background-type":"","background-media":"","overlay-type":"","overlay-color":"","overlay-gradient":""},"tablet":{"background-color":"","background-image":"","background-repeat":"repeat","background-position":"center center","background-size":"auto","background-attachment":"scroll","background-type":"","background-media":"","overlay-type":"","overlay-color":"","overlay-gradient":""},"mobile":{"background-color":"","background-image":"","background-repeat":"repeat","background-position":"center center","background-size":"auto","background-attachment":"scroll","background-type":"","background-media":"","overlay-type":"","overlay-color":"","overlay-gradient":""}},"ast-content-background-meta":{"desktop":{"background-color":"var(--ast-global-color-5)","background-image":"","background-repeat":"repeat","background-position":"center center","background-size":"auto","background-attachment":"scroll","background-type":"","background-media":"","overlay-type":"","overlay-color":"","overlay-gradient":""},"tablet":{"background-color":"var(--ast-global-color-5)","background-image":"","background-repeat":"repeat","background-position":"center center","background-size":"auto","background-attachment":"scroll","background-type":"","background-media":"","overlay-type":"","overlay-color":"","overlay-gradient":""},"mobile":{"background-color":"var(--ast-global-color-5)","background-image":"","background-repeat":"repeat","background-position":"center center","background-size":"auto","background-attachment":"scroll","background-type":"","background-media":"","overlay-type":"","overlay-color":"","overlay-gradient":""}},"footnotes":""},"categories":[324],"tags":[147336,204803,6689,65931,24937,27618],"class_list":["post-100590","post","type-post","status-publish","format-standard","hentry","category-psicologia","tag-eduardo-remor-bitencourt","tag-japcy-margarita-quiceno-sierra","tag-jose-antonio-carrobles-isabel","tag-jose-pedro-espada-sanchez","tag-marina-belendez-vazquez","tag-rafael-ballester-arnal"],"_links":{"self":[{"href":"https:\/\/www.deberes.net\/tesis\/wp-json\/wp\/v2\/posts\/100590","targetHints":{"allow":["GET"]}}],"collection":[{"href":"https:\/\/www.deberes.net\/tesis\/wp-json\/wp\/v2\/posts"}],"about":[{"href":"https:\/\/www.deberes.net\/tesis\/wp-json\/wp\/v2\/types\/post"}],"author":[{"embeddable":true,"href":"https:\/\/www.deberes.net\/tesis\/wp-json\/wp\/v2\/users\/1"}],"replies":[{"embeddable":true,"href":"https:\/\/www.deberes.net\/tesis\/wp-json\/wp\/v2\/comments?post=100590"}],"version-history":[{"count":0,"href":"https:\/\/www.deberes.net\/tesis\/wp-json\/wp\/v2\/posts\/100590\/revisions"}],"wp:attachment":[{"href":"https:\/\/www.deberes.net\/tesis\/wp-json\/wp\/v2\/media?parent=100590"}],"wp:term":[{"taxonomy":"category","embeddable":true,"href":"https:\/\/www.deberes.net\/tesis\/wp-json\/wp\/v2\/categories?post=100590"},{"taxonomy":"post_tag","embeddable":true,"href":"https:\/\/www.deberes.net\/tesis\/wp-json\/wp\/v2\/tags?post=100590"}],"curies":[{"name":"wp","href":"https:\/\/api.w.org\/{rel}","templated":true}]}}