{"id":100732,"date":"2010-07-05T00:00:00","date_gmt":"2010-07-05T00:00:00","guid":{"rendered":"https:\/\/www.deberes.net\/tesis\/sin-categoria\/caracterizacion-de-detectores-de-fotones-mediante-el-metodo-de-monte-carlo-y-aplicacion-a-la-medida-de-emisores-de-positrones-de-interes-en-medicina-nuclear\/"},"modified":"2010-07-05T00:00:00","modified_gmt":"2010-07-05T00:00:00","slug":"caracterizacion-de-detectores-de-fotones-mediante-el-metodo-de-monte-carlo-y-aplicacion-a-la-medida-de-emisores-de-positrones-de-interes-en-medicina-nuclear","status":"publish","type":"post","link":"https:\/\/www.deberes.net\/tesis\/sin-categoria\/caracterizacion-de-detectores-de-fotones-mediante-el-metodo-de-monte-carlo-y-aplicacion-a-la-medida-de-emisores-de-positrones-de-interes-en-medicina-nuclear\/","title":{"rendered":"Caracterizaci\u00f3n de detectores de fotones mediante el m\u00e9todo de monte carlo y aplicaci\u00f3n a la medida de emisores de positrones de inter\u00e9s en  medicina nuclear."},"content":{"rendered":"<h2>Tesis doctoral de <strong> Virginia Peyres Medina <\/strong><\/h2>\n<p>El uso de detectores de fotones es muy com\u00fan en multitud de campos cient\u00edficos y aplicaciones tecnol\u00f3gicas. Esta amplia difusi\u00f3n se debe principalmente a que es una t\u00e9cnica no destructiva, de uso muy sencillo y fiable. Una de las aplicaciones m\u00e1s fre cuentes es la utilizaci\u00f3n para la medida de la actividad de fuentes radiactivas. Para esta aplicaci\u00f3n se necesita una correcta y precisa calibraci\u00f3n ligada a cada problema concreto, o geometr\u00eda de calibraci\u00f3n para la que se pretenda aplicar; \u00e9sta es,  en ocasiones, de gran complejidad.  las t\u00e9cnicas de monte carlo se utilizan cada vez con m\u00e1s frecuencia como ayuda para estos procesos de calibraci\u00f3n. Adem\u00e1s de esta aplicaci\u00f3n, otras tambi\u00e9n muy frecuentes son el dise\u00f1o de nuevos detectores de radi aci\u00f3n y la optimizaci\u00f3n de dispositivos experimentales. los radionucleidos emisores de positrones producen radiaciones gamma tras la aniquilaci\u00f3n del positr\u00f3n con un electr\u00f3n. Por tanto, los detectores de fotones pueden ser calibrados y caracterizado s mediante t\u00e9cnicas de monte carlo para la medida del fot\u00f3n de aniquilaci\u00f3n. Sin embargo, debido a las caracter\u00edsticas especiales de la emisi\u00f3n de \u00e9stos, la calibraci\u00f3n del detector realizada con fotones emitidos por la desexcitaci\u00f3n de radionucleido s emisores gamma no es directamente aplicable. por otra parte, este tipo de emisores son utilizados cada vez con m\u00e1s frecuencia en el campo de la medicina nuclear. La medicina nuclear es una especialidad m\u00e9dica que utiliza radiof\u00e1rmacos, es decir, f\u00e1 rmacos marcados con un is\u00f3topo radiactivo que se introduce dentro del organismo humano con un fin diagnostico o terap\u00e9utico.  para la seguridad en la utilizaci\u00f3n de estas t\u00e9cnicas es muy importante poder realizar una calibraci\u00f3n precisa de los radion ucleidos m\u00e1s utilizados, con objeto de tener una medida precisa de la actividad que se aplica en cada paciente. As\u00ed es en el caso de las aplicaciones de diagn\u00f3stico por imagen mediante tomograf\u00eda por emisi\u00f3n de positrones, t\u00e9cnica conocida como pet. El activ\u00edmetro, tambi\u00e9n llamado calibrador de dosis, es el instrumento que se utiliza para medir las actividades de los radiof\u00e1rmacos que han de administrarse a los pacientes, por lo que es imprescindible garantizar la fiabilidad de sus medidas media nte la calibraci\u00f3n con fuentes patr\u00f3n trazables al laboratorio nacional, para los radionucleidos utilizados en medicina nuclear [2].  otra caracter\u00edstica de los radionucleidos emisores de positrones que se usan en medicina nuclear es que suelen tener<\/p>\n<p>&nbsp;<\/p>\n<h3>Datos acad\u00e9micos de la tesis doctoral \u00ab<strong>Caracterizaci\u00f3n de detectores de fotones mediante el m\u00e9todo de monte carlo y aplicaci\u00f3n a la medida de emisores de positrones de inter\u00e9s en  medicina nuclear.<\/strong>\u00ab<\/h3>\n<ul>\n<li><strong>T\u00edtulo de la tesis:<\/strong>\u00a0 Caracterizaci\u00f3n de detectores de fotones mediante el m\u00e9todo de monte carlo y aplicaci\u00f3n a la medida de emisores de positrones de inter\u00e9s en  medicina nuclear. <\/li>\n<li><strong>Autor:<\/strong>\u00a0 Virginia Peyres Medina <\/li>\n<li><strong>Universidad:<\/strong>\u00a0 Complutense de Madrid<\/li>\n<li><strong>Fecha de lectura de la tesis:<\/strong>\u00a0 07\/05\/2010<\/li>\n<\/ul>\n<p>&nbsp;<\/p>\n<h3>Direcci\u00f3n y tribunal<\/h3>\n<ul>\n<li><strong>Director de la tesis<\/strong>\n<ul>\n<li>tora\u00f1o Mart\u00ednez Garc\u00eda<\/li>\n<\/ul>\n<\/li>\n<li><strong>Tribunal<\/strong>\n<ul>\n<li>Presidente del tribunal: fernando Arqueros mart\u00ednez <\/li>\n<li>francesc Salvat gavald\u00ed\u00a0 (vocal)<\/li>\n<li>Jos\u00e9 Mar\u00eda G\u00f3mez ros (vocal)<\/li>\n<li>Miguel Jurado vargas (vocal)<\/li>\n<\/ul>\n<\/li>\n<\/ul>\n<p>&nbsp;<\/p>\n","protected":false},"excerpt":{"rendered":"<p>Tesis doctoral de Virginia Peyres Medina El uso de detectores de fotones es muy com\u00fan en multitud de campos cient\u00edficos [&hellip;]<\/p>\n","protected":false},"author":1,"featured_media":0,"comment_status":"open","ping_status":"open","sticky":false,"template":"","format":"standard","meta":{"site-sidebar-layout":"default","site-content-layout":"","ast-site-content-layout":"","site-content-style":"default","site-sidebar-style":"default","ast-global-header-display":"","ast-banner-title-visibility":"","ast-main-header-display":"","ast-hfb-above-header-display":"","ast-hfb-below-header-display":"","ast-hfb-mobile-header-display":"","site-post-title":"","ast-breadcrumbs-content":"","ast-featured-img":"","footer-sml-layout":"","theme-transparent-header-meta":"","adv-header-id-meta":"","stick-header-meta":"","header-above-stick-meta":"","header-main-stick-meta":"","header-below-stick-meta":"","astra-migrate-meta-layouts":"default","ast-page-background-enabled":"default","ast-page-background-meta":{"desktop":{"background-color":"var(--ast-global-color-4)","background-image":"","background-repeat":"repeat","background-position":"center center","background-size":"auto","background-attachment":"scroll","background-type":"","background-media":"","overlay-type":"","overlay-color":"","overlay-gradient":""},"tablet":{"background-color":"","background-image":"","background-repeat":"repeat","background-position":"center center","background-size":"auto","background-attachment":"scroll","background-type":"","background-media":"","overlay-type":"","overlay-color":"","overlay-gradient":""},"mobile":{"background-color":"","background-image":"","background-repeat":"repeat","background-position":"center center","background-size":"auto","background-attachment":"scroll","background-type":"","background-media":"","overlay-type":"","overlay-color":"","overlay-gradient":""}},"ast-content-background-meta":{"desktop":{"background-color":"var(--ast-global-color-5)","background-image":"","background-repeat":"repeat","background-position":"center center","background-size":"auto","background-attachment":"scroll","background-type":"","background-media":"","overlay-type":"","overlay-color":"","overlay-gradient":""},"tablet":{"background-color":"var(--ast-global-color-5)","background-image":"","background-repeat":"repeat","background-position":"center center","background-size":"auto","background-attachment":"scroll","background-type":"","background-media":"","overlay-type":"","overlay-color":"","overlay-gradient":""},"mobile":{"background-color":"var(--ast-global-color-5)","background-image":"","background-repeat":"repeat","background-position":"center center","background-size":"auto","background-attachment":"scroll","background-type":"","background-media":"","overlay-type":"","overlay-color":"","overlay-gradient":""}},"footnotes":""},"categories":[1],"tags":[7332,17304,205030,167472,193136,205029],"class_list":["post-100732","post","type-post","status-publish","format-standard","hentry","category-sin-categoria","tag-fernando-arqueros-Martinez","tag-francesc-salvat-gavaldi","tag-jose-maria-gomez-ros","tag-miguel-jurado-vargas","tag-torano-Martinez-garcia","tag-virginia-peyres-medina"],"_links":{"self":[{"href":"https:\/\/www.deberes.net\/tesis\/wp-json\/wp\/v2\/posts\/100732","targetHints":{"allow":["GET"]}}],"collection":[{"href":"https:\/\/www.deberes.net\/tesis\/wp-json\/wp\/v2\/posts"}],"about":[{"href":"https:\/\/www.deberes.net\/tesis\/wp-json\/wp\/v2\/types\/post"}],"author":[{"embeddable":true,"href":"https:\/\/www.deberes.net\/tesis\/wp-json\/wp\/v2\/users\/1"}],"replies":[{"embeddable":true,"href":"https:\/\/www.deberes.net\/tesis\/wp-json\/wp\/v2\/comments?post=100732"}],"version-history":[{"count":0,"href":"https:\/\/www.deberes.net\/tesis\/wp-json\/wp\/v2\/posts\/100732\/revisions"}],"wp:attachment":[{"href":"https:\/\/www.deberes.net\/tesis\/wp-json\/wp\/v2\/media?parent=100732"}],"wp:term":[{"taxonomy":"category","embeddable":true,"href":"https:\/\/www.deberes.net\/tesis\/wp-json\/wp\/v2\/categories?post=100732"},{"taxonomy":"post_tag","embeddable":true,"href":"https:\/\/www.deberes.net\/tesis\/wp-json\/wp\/v2\/tags?post=100732"}],"curies":[{"name":"wp","href":"https:\/\/api.w.org\/{rel}","templated":true}]}}