{"id":100743,"date":"2010-07-05T00:00:00","date_gmt":"2010-07-05T00:00:00","guid":{"rendered":"https:\/\/www.deberes.net\/tesis\/sin-categoria\/el-empleo-de-las-personas-con-discapacidad\/"},"modified":"2010-07-05T00:00:00","modified_gmt":"2010-07-05T00:00:00","slug":"el-empleo-de-las-personas-con-discapacidad","status":"publish","type":"post","link":"https:\/\/www.deberes.net\/tesis\/derecho-del-trabajo-y-de-la-seguridad-social\/el-empleo-de-las-personas-con-discapacidad\/","title":{"rendered":"El empleo de las personas con discapacidad"},"content":{"rendered":"<h2>Tesis doctoral de <strong> Vanessa Cordero Gordillo <\/strong><\/h2>\n<p>El objetivo de la presente tesis doctoral es el an\u00e1lisis del empleo de las personas con discapacidad desde una perspectiva jur\u00eddica. Para ello la tesis se ha estructurado en cuatro partes que se corresponden con cuatro cap\u00edtulos. el primer cap\u00edtulo tiene por objeto analizar la evoluci\u00f3n del concepto de discapacidad y de la terminolog\u00eda empleada para designar esta realidad. Con ello se ha pretendido no s\u00f3lo efectuar una delimitaci\u00f3n subjetiva del colectivo destinatario de las pol\u00edticas dirigidas a la inserci\u00f3n laboral de las personas con discapacidad, sino tambi\u00e9n poner de manifiesto la relaci\u00f3n de la terminolog\u00eda y las definiciones con la manera de entender la discapacidad puesto que ello est\u00e1 vinculado con el enfoque de las pol\u00edticas desarrolladas en este \u00e1mbito. el segundo cap\u00edtulo est\u00e1 dedicado al estudio de la normativa sobre igualdad de oportunidades y no discriminaci\u00f3n de las personas con discapacidad en el mercado de trabajo, enfoque que ha de presidir en la actualidad cualquier pol\u00edtica dirigida a este colectivo. Para ello se analizan sobre todo la normativa comunitaria y espa\u00f1ola en la materia pero tambi\u00e9n otras legislaciones comparadas, especialmente la americans with disabilities act (ada). en el tercer cap\u00edtulo se aborda el estudio de los diferentes mecanismos existentes en nuestra legislaci\u00f3n para lograr la integraci\u00f3n de las personas con discapacidad en el mercado ordinario de trabajo tales como las cuotas, los incentivos econ\u00f3micos, las medidas de fomento del empleo aut\u00f3nomo, entre otros. finalmente el cuarto y \u00faltimo cap\u00edtulo se consagra al estudio del empleo protegido el cual se canaliza en el ordenamiento jur\u00eddico espa\u00f1ol a trav\u00e9s de los centros especiales de empleo y la relaci\u00f3n laboral especial que se formaliza entre estos centros y las personas con discapacidad en ellos empleadas. De esta forma, la mayor parte del cap\u00edtulo est\u00e1 dedicado al estudio de esta relaci\u00f3n laboral de car\u00e1cter especial, para finalizar con el an\u00e1lisis de dos mecanismos novedosos para facilitar el paso de las personas con discapacidad que trabajan en centros especiales de empleo a empresas ordinarias: los enclaves laborales y el empleo con apoyo.<\/p>\n<p>&nbsp;<\/p>\n<h3>Datos acad\u00e9micos de la tesis doctoral \u00ab<strong>El empleo de las personas con discapacidad<\/strong>\u00ab<\/h3>\n<ul>\n<li><strong>T\u00edtulo de la tesis:<\/strong>\u00a0 El empleo de las personas con discapacidad <\/li>\n<li><strong>Autor:<\/strong>\u00a0 Vanessa Cordero Gordillo <\/li>\n<li><strong>Universidad:<\/strong>\u00a0 Universitat de val\u00e9ncia (estudi general)<\/li>\n<li><strong>Fecha de lectura de la tesis:<\/strong>\u00a0 07\/05\/2010<\/li>\n<\/ul>\n<p>&nbsp;<\/p>\n<h3>Direcci\u00f3n y tribunal<\/h3>\n<ul>\n<li><strong>Director de la tesis<\/strong>\n<ul>\n<li>Mar\u00eda  Belen Cardona Rubert<\/li>\n<\/ul>\n<\/li>\n<li><strong>Tribunal<\/strong>\n<ul>\n<li>Presidente del tribunal: Antonio Baylos grau <\/li>\n<li>lorenzo Gaeta (vocal)<\/li>\n<li>Jos\u00e9 Mar\u00eda Goerlich peset (vocal)<\/li>\n<li>ricardo Esteban  legarreta (vocal)<\/li>\n<\/ul>\n<\/li>\n<\/ul>\n<p>&nbsp;<\/p>\n","protected":false},"excerpt":{"rendered":"<p>Tesis doctoral de Vanessa Cordero Gordillo El objetivo de la presente tesis doctoral es el an\u00e1lisis del empleo de las [&hellip;]<\/p>\n","protected":false},"author":1,"featured_media":0,"comment_status":"open","ping_status":"open","sticky":false,"template":"","format":"standard","meta":{"site-sidebar-layout":"default","site-content-layout":"","ast-site-content-layout":"","site-content-style":"default","site-sidebar-style":"default","ast-global-header-display":"","ast-banner-title-visibility":"","ast-main-header-display":"","ast-hfb-above-header-display":"","ast-hfb-below-header-display":"","ast-hfb-mobile-header-display":"","site-post-title":"","ast-breadcrumbs-content":"","ast-featured-img":"","footer-sml-layout":"","theme-transparent-header-meta":"","adv-header-id-meta":"","stick-header-meta":"","header-above-stick-meta":"","header-main-stick-meta":"","header-below-stick-meta":"","astra-migrate-meta-layouts":"default","ast-page-background-enabled":"default","ast-page-background-meta":{"desktop":{"background-color":"var(--ast-global-color-4)","background-image":"","background-repeat":"repeat","background-position":"center center","background-size":"auto","background-attachment":"scroll","background-type":"","background-media":"","overlay-type":"","overlay-color":"","overlay-gradient":""},"tablet":{"background-color":"","background-image":"","background-repeat":"repeat","background-position":"center center","background-size":"auto","background-attachment":"scroll","background-type":"","background-media":"","overlay-type":"","overlay-color":"","overlay-gradient":""},"mobile":{"background-color":"","background-image":"","background-repeat":"repeat","background-position":"center center","background-size":"auto","background-attachment":"scroll","background-type":"","background-media":"","overlay-type":"","overlay-color":"","overlay-gradient":""}},"ast-content-background-meta":{"desktop":{"background-color":"var(--ast-global-color-5)","background-image":"","background-repeat":"repeat","background-position":"center center","background-size":"auto","background-attachment":"scroll","background-type":"","background-media":"","overlay-type":"","overlay-color":"","overlay-gradient":""},"tablet":{"background-color":"var(--ast-global-color-5)","background-image":"","background-repeat":"repeat","background-position":"center center","background-size":"auto","background-attachment":"scroll","background-type":"","background-media":"","overlay-type":"","overlay-color":"","overlay-gradient":""},"mobile":{"background-color":"var(--ast-global-color-5)","background-image":"","background-repeat":"repeat","background-position":"center center","background-size":"auto","background-attachment":"scroll","background-type":"","background-media":"","overlay-type":"","overlay-color":"","overlay-gradient":""}},"footnotes":""},"categories":[2170],"tags":[18714,148600,79091,94850,89979,205050],"class_list":["post-100743","post","type-post","status-publish","format-standard","hentry","category-derecho-del-trabajo-y-de-la-seguridad-social","tag-antonio-baylos-grau","tag-jose-maria-goerlich-peset","tag-lorenzo-gaeta","tag-maria-belen-cardona-rubert","tag-ricardo-esteban-legarreta","tag-vanessa-cordero-gordillo"],"_links":{"self":[{"href":"https:\/\/www.deberes.net\/tesis\/wp-json\/wp\/v2\/posts\/100743","targetHints":{"allow":["GET"]}}],"collection":[{"href":"https:\/\/www.deberes.net\/tesis\/wp-json\/wp\/v2\/posts"}],"about":[{"href":"https:\/\/www.deberes.net\/tesis\/wp-json\/wp\/v2\/types\/post"}],"author":[{"embeddable":true,"href":"https:\/\/www.deberes.net\/tesis\/wp-json\/wp\/v2\/users\/1"}],"replies":[{"embeddable":true,"href":"https:\/\/www.deberes.net\/tesis\/wp-json\/wp\/v2\/comments?post=100743"}],"version-history":[{"count":0,"href":"https:\/\/www.deberes.net\/tesis\/wp-json\/wp\/v2\/posts\/100743\/revisions"}],"wp:attachment":[{"href":"https:\/\/www.deberes.net\/tesis\/wp-json\/wp\/v2\/media?parent=100743"}],"wp:term":[{"taxonomy":"category","embeddable":true,"href":"https:\/\/www.deberes.net\/tesis\/wp-json\/wp\/v2\/categories?post=100743"},{"taxonomy":"post_tag","embeddable":true,"href":"https:\/\/www.deberes.net\/tesis\/wp-json\/wp\/v2\/tags?post=100743"}],"curies":[{"name":"wp","href":"https:\/\/api.w.org\/{rel}","templated":true}]}}