{"id":100756,"date":"2010-07-05T00:00:00","date_gmt":"2010-07-05T00:00:00","guid":{"rendered":"https:\/\/www.deberes.net\/tesis\/sin-categoria\/estudio-de-la-problematica-educativa-que-afecta-a-los-estudiantes-desplazados-por-la-violencia-en-colombia\/"},"modified":"2010-07-05T00:00:00","modified_gmt":"2010-07-05T00:00:00","slug":"estudio-de-la-problematica-educativa-que-afecta-a-los-estudiantes-desplazados-por-la-violencia-en-colombia","status":"publish","type":"post","link":"https:\/\/www.deberes.net\/tesis\/problemas-y-conflictos-sociales\/estudio-de-la-problematica-educativa-que-afecta-a-los-estudiantes-desplazados-por-la-violencia-en-colombia\/","title":{"rendered":"Estudio de la problem\u00e1tica educativa que afecta a los estudiantes desplazados por la violencia en colombia"},"content":{"rendered":"<h2>Tesis doctoral de <strong> \u00c1lvaro Miguel Moran Z\u00fa\u00f1iga <\/strong><\/h2>\n<p>Estudio de la problem\u00e1tica educativa que afecta a los estudiantes desplazados por la violencia en colombia (resumen tesis)  el desplazamiento ha sido un rasgo end\u00e9mico durante los cuarenta a\u00f1os de conflicto en colombia, en donde  m\u00e1s de tres millones de personas han resultado desplazados desde 1995. La crisis de los desplazados internos se ha convertido en una de las peores a nivel mundial, afectando de manera desproporcionada a personas  afro colombianas e  ind\u00edgenas que conforman uno de los grupos m\u00e1s pobres del pa\u00eds. La protecci\u00f3n de las personas desplazadas ha empeorado desde el a\u00f1o 2002   cuando el gobierno lanz\u00f3 una nueva iniciativa  bajo la pol\u00edtica  de seguridad democr\u00e1tica para ponerle fin al conflicto a trav\u00e9s de t\u00e1cticas militares. La estrategia provoc\u00f3 que m\u00e1s civiles se vieran afectados por el conflicto, permiti\u00f3 a los grupos armados desplazar a m\u00e1s personas y dej\u00f3 impunes graves violaciones a los derechos humanos. Uno de los principales objetivos  del gobierno es el retorno de los desplazados internos, sin embargo para que esto sea sostenible, se necesita trabajar arduamente para garantizar la seguridad en las \u00e1reas de retorno y ofrecer a los desplazados  los medios necesarios para reconstruir sus vidas.  debemos constatar que, desde hace varias d\u00e9cadas, en colombia se da una multiplicidad de formas de violencia que han sembrado dolor en muchos hogares  y que la han hecho conocer en todo el mundo como uno de los pa\u00edses m\u00e1s violentos. Se podr\u00eda afirmar que en nuestra patria casi no hay familia que, de alguna manera, no se haya visto afectada por este problema.    el desplazamiento, un fen\u00f3meno de migraci\u00f3n involuntaria originado por la violencia en el cual personas y familias que, sin estar directamente  implicadas en la lucha, sufren sus graves consecuencias, pues se ven obligadas a movilizarse desde su lugar de origen para proteger su vida o su integridad f\u00edsica; dichos grupos se encuentran diseminados a lo largo y ancho de todo el territorio colombiano, sufriendo los estigmas que les deja esa situaci\u00f3n de desarraigo.    si hay alg\u00fan sector de la poblaci\u00f3n colombiana donde los derechos humanos sean mayormente vulnerados, es el de los desplazados. Por ello, mi reto es el de investigar este fen\u00f3meno para poder  dar una respuesta educativa y humana a tan grave desaf\u00edo. Los resultados de esta investigaci\u00f3n, representan un gran reto para la educaci\u00f3n y en general para toda la sociedad colombiana.  Hasta ahora, se hab\u00eda tenido un conocimiento fragmentado del problema de los desplazados; con los datos, la comparaci\u00f3n y el an\u00e1lisis, se ha logrado identificar que el problema es muy grave, el gobierno colombiano estima que de los tres millones de desplazados en el pa\u00eds, seg\u00fan datos de acnur en 2007, m\u00e1s de la mitad son mujeres. De estas, un 52.3 por ciento han sufrido violencia f\u00edsica o psicol\u00f3gica en su hogar, un nivel significativamente m\u00e1s elevado que el que sufren las mujeres no desplazadas. (Acnur: la agencia de la onu para los refugiados  2007).  vale la pena anotar que el estudio permite medir cu\u00e1n importante es el papel que ejerce  y debe realizar en el futuro la educaci\u00f3n colombiana.  Si bien es cierto que el estudio que se presenta es de car\u00e1cter descriptivo, comparativo y etnogr\u00e1fico, permite llegar a formular conclusiones v\u00e1lidas. Es un estudio que centra la atenci\u00f3n en la comparaci\u00f3n de las comunidades afro colombianas e ind\u00edgenas, complementado con la poblaci\u00f3n mestiza.   detr\u00e1s de esta interesante investigaci\u00f3n hay muchas fuentes de informaci\u00f3n y trabajo, entre ellas: los desplazados que en forma voluntaria colaboraron con la informaci\u00f3n directa con esta investigaci\u00f3n, a\u00fan con el riesgo de su propia vida,  los organismos del estado y aquellos no gubernamentales, maestros, sacerdotes, religiosos y agentes laicos de pastoral que colaboraron en la obtenci\u00f3n de la informaci\u00f3n.  la investigaci\u00f3n contiene 3 partes fundamentales. La primera  hace referencia a los elementos de identificaci\u00f3n, marco de referencias y fundamentaci\u00f3n te\u00f3rica.  la segunda contiene el estudio comparativo de la problem\u00e1tica afro colombiana e ind\u00edgena, en relaci\u00f3n al resto de poblaci\u00f3n desplazada. Esta parte consta de 5 cap\u00edtulos: caracter\u00edsticas demogr\u00e1ficas, departamentos expulsores y receptores, autores y motivos del desplazamiento, caracter\u00edsticas socioecon\u00f3micas y necesidades actuales en la poblaci\u00f3n desplazada por la violencia.  la tercera parte contiene la problem\u00e1tica m\u00e1s relevante que afrontan los estudiantes adolescentes desplazados por la violencia. Este bloque consta de dos cap\u00edtulos espec\u00edficos: problem\u00e1tica educativa en estudiantes adolescentes y embarazos en estudiantes desplazadas que est\u00e1n cursando el bachillerato.<\/p>\n<p>&nbsp;<\/p>\n<h3>Datos acad\u00e9micos de la tesis doctoral \u00ab<strong>Estudio de la problem\u00e1tica educativa que afecta a los estudiantes desplazados por la violencia en colombia<\/strong>\u00ab<\/h3>\n<ul>\n<li><strong>T\u00edtulo de la tesis:<\/strong>\u00a0 Estudio de la problem\u00e1tica educativa que afecta a los estudiantes desplazados por la violencia en colombia <\/li>\n<li><strong>Autor:<\/strong>\u00a0 \u00c1lvaro Miguel Moran Z\u00fa\u00f1iga <\/li>\n<li><strong>Universidad:<\/strong>\u00a0 Universitat de val\u00e9ncia (estudi general)<\/li>\n<li><strong>Fecha de lectura de la tesis:<\/strong>\u00a0 07\/05\/2010<\/li>\n<\/ul>\n<p>&nbsp;<\/p>\n<h3>Direcci\u00f3n y tribunal<\/h3>\n<ul>\n<li><strong>Director de la tesis<\/strong>\n<ul>\n<li>Luis Miguel L\u00e1zaro Lorente<\/li>\n<\/ul>\n<\/li>\n<li><strong>Tribunal<\/strong>\n<ul>\n<li>Presidente del tribunal: alejandro Mayordomo p\u00e9rez <\/li>\n<li>Jos\u00e9 Mar\u00eda Hernandez diaz (vocal)<\/li>\n<li>alejandro Tiana ferrer (vocal)<\/li>\n<li>pauli Davila balsera (vocal)<\/li>\n<\/ul>\n<\/li>\n<\/ul>\n<p>&nbsp;<\/p>\n","protected":false},"excerpt":{"rendered":"<p>Tesis doctoral de \u00c1lvaro Miguel Moran Z\u00fa\u00f1iga Estudio de la problem\u00e1tica educativa que afecta a los estudiantes desplazados por la [&hellip;]<\/p>\n","protected":false},"author":1,"featured_media":0,"comment_status":"open","ping_status":"open","sticky":false,"template":"","format":"standard","meta":{"site-sidebar-layout":"default","site-content-layout":"","ast-site-content-layout":"","site-content-style":"default","site-sidebar-style":"default","ast-global-header-display":"","ast-banner-title-visibility":"","ast-main-header-display":"","ast-hfb-above-header-display":"","ast-hfb-below-header-display":"","ast-hfb-mobile-header-display":"","site-post-title":"","ast-breadcrumbs-content":"","ast-featured-img":"","footer-sml-layout":"","theme-transparent-header-meta":"","adv-header-id-meta":"","stick-header-meta":"","header-above-stick-meta":"","header-main-stick-meta":"","header-below-stick-meta":"","astra-migrate-meta-layouts":"default","ast-page-background-enabled":"default","ast-page-background-meta":{"desktop":{"background-color":"var(--ast-global-color-4)","background-image":"","background-repeat":"repeat","background-position":"center center","background-size":"auto","background-attachment":"scroll","background-type":"","background-media":"","overlay-type":"","overlay-color":"","overlay-gradient":""},"tablet":{"background-color":"","background-image":"","background-repeat":"repeat","background-position":"center center","background-size":"auto","background-attachment":"scroll","background-type":"","background-media":"","overlay-type":"","overlay-color":"","overlay-gradient":""},"mobile":{"background-color":"","background-image":"","background-repeat":"repeat","background-position":"center center","background-size":"auto","background-attachment":"scroll","background-type":"","background-media":"","overlay-type":"","overlay-color":"","overlay-gradient":""}},"ast-content-background-meta":{"desktop":{"background-color":"var(--ast-global-color-5)","background-image":"","background-repeat":"repeat","background-position":"center center","background-size":"auto","background-attachment":"scroll","background-type":"","background-media":"","overlay-type":"","overlay-color":"","overlay-gradient":""},"tablet":{"background-color":"var(--ast-global-color-5)","background-image":"","background-repeat":"repeat","background-position":"center center","background-size":"auto","background-attachment":"scroll","background-type":"","background-media":"","overlay-type":"","overlay-color":"","overlay-gradient":""},"mobile":{"background-color":"var(--ast-global-color-5)","background-image":"","background-repeat":"repeat","background-position":"center center","background-size":"auto","background-attachment":"scroll","background-type":"","background-media":"","overlay-type":"","overlay-color":"","overlay-gradient":""}},"footnotes":""},"categories":[7689,7819,1295],"tags":[11369,31437,205067,9516,8260,69937],"class_list":["post-100756","post","type-post","status-publish","format-standard","hentry","category-movilidad-social","category-movilidad-y-migraciones-interiores","category-problemas-y-conflictos-sociales","tag-alejandro-mayordomo-perez","tag-alejandro-tiana-ferrer","tag-alvaro-miguel-moran-zuniga","tag-jose-maria-hernandez-diaz","tag-luis-miguel-lazaro-lorente","tag-pauli-davila-balsera"],"_links":{"self":[{"href":"https:\/\/www.deberes.net\/tesis\/wp-json\/wp\/v2\/posts\/100756","targetHints":{"allow":["GET"]}}],"collection":[{"href":"https:\/\/www.deberes.net\/tesis\/wp-json\/wp\/v2\/posts"}],"about":[{"href":"https:\/\/www.deberes.net\/tesis\/wp-json\/wp\/v2\/types\/post"}],"author":[{"embeddable":true,"href":"https:\/\/www.deberes.net\/tesis\/wp-json\/wp\/v2\/users\/1"}],"replies":[{"embeddable":true,"href":"https:\/\/www.deberes.net\/tesis\/wp-json\/wp\/v2\/comments?post=100756"}],"version-history":[{"count":0,"href":"https:\/\/www.deberes.net\/tesis\/wp-json\/wp\/v2\/posts\/100756\/revisions"}],"wp:attachment":[{"href":"https:\/\/www.deberes.net\/tesis\/wp-json\/wp\/v2\/media?parent=100756"}],"wp:term":[{"taxonomy":"category","embeddable":true,"href":"https:\/\/www.deberes.net\/tesis\/wp-json\/wp\/v2\/categories?post=100756"},{"taxonomy":"post_tag","embeddable":true,"href":"https:\/\/www.deberes.net\/tesis\/wp-json\/wp\/v2\/tags?post=100756"}],"curies":[{"name":"wp","href":"https:\/\/api.w.org\/{rel}","templated":true}]}}