{"id":100770,"date":"2010-07-05T00:00:00","date_gmt":"2010-07-05T00:00:00","guid":{"rendered":"https:\/\/www.deberes.net\/tesis\/sin-categoria\/caracterizacion-del-desarrollo-de-cuba-y-su-relacion-con-el-turismo-en-el-periodo-1995-2005\/"},"modified":"2010-07-05T00:00:00","modified_gmt":"2010-07-05T00:00:00","slug":"caracterizacion-del-desarrollo-de-cuba-y-su-relacion-con-el-turismo-en-el-periodo-1995-2005","status":"publish","type":"post","link":"https:\/\/www.deberes.net\/tesis\/modelos-y-teorias-del-desarrollo-economico\/caracterizacion-del-desarrollo-de-cuba-y-su-relacion-con-el-turismo-en-el-periodo-1995-2005\/","title":{"rendered":"Caracterizaci\u00f3n del desarrollo de cuba y su relaci\u00f3n con el turismo en el periodo 1995-2005"},"content":{"rendered":"<h2>Tesis doctoral de <strong> Lazaro Alvarado Barrios <\/strong><\/h2>\n<p>En este trabajo de investigaci\u00f3n se presenta un an\u00e1lisis te\u00f3rico sobre el desarrollo y los conceptos relacionados, que nos han permitido presentar primero, una propuesta metodol\u00f3gica para evaluar la evoluci\u00f3n del modelo de desarrollo de cuba en el periodo 1995  &#8230;   -2005, tomando indicadores internacionales que lo explican, y comparando su evoluci\u00f3n respecto a am\u00e9rica latina, el caribe y el mundo. A continuaci\u00f3n se muestra la evoluci\u00f3n de la demanda y la competitividad del turismo receptor en cuba tambi\u00e9n en el periodo 1995-2005, evaluando su comportamiento respecto a la regi\u00f3n del caribe y el mundo, teniendo en cuenta las variables seleccionadas. Finalmente, se expresa a trav\u00e9s de modelos la relaci\u00f3n que existe entre la evoluci\u00f3n de las variables que explican el modelo de desarrollo de cuba y los ingresos provenientes del turismo internacional.    Ver m\u00e1s   ver menos<\/p>\n<p>&nbsp;<\/p>\n<h3>Datos acad\u00e9micos de la tesis doctoral \u00ab<strong>Caracterizaci\u00f3n del desarrollo de cuba y su relaci\u00f3n con el turismo en el periodo 1995-2005<\/strong>\u00ab<\/h3>\n<ul>\n<li><strong>T\u00edtulo de la tesis:<\/strong>\u00a0 Caracterizaci\u00f3n del desarrollo de cuba y su relaci\u00f3n con el turismo en el periodo 1995-2005 <\/li>\n<li><strong>Autor:<\/strong>\u00a0 Lazaro Alvarado Barrios <\/li>\n<li><strong>Universidad:<\/strong>\u00a0 Sevilla<\/li>\n<li><strong>Fecha de lectura de la tesis:<\/strong>\u00a0 07\/05\/2010<\/li>\n<\/ul>\n<p>&nbsp;<\/p>\n<h3>Direcci\u00f3n y tribunal<\/h3>\n<ul>\n<li><strong>Director de la tesis<\/strong>\n<ul>\n<li>Arturo Guti\u00e9rrez Fern\u00e1ndez<\/li>\n<\/ul>\n<\/li>\n<li><strong>Tribunal<\/strong>\n<ul>\n<li>Presidente del tribunal: jose Valles ferrer <\/li>\n<li>Antonio Garcia lizana (vocal)<\/li>\n<li>Antonio  Jos\u00e9 Narvaez bueno (vocal)<\/li>\n<li>Emilio pablo D\u00edez de castro (vocal)<\/li>\n<\/ul>\n<\/li>\n<\/ul>\n<p>&nbsp;<\/p>\n","protected":false},"excerpt":{"rendered":"<p>Tesis doctoral de Lazaro Alvarado Barrios En este trabajo de investigaci\u00f3n se presenta un an\u00e1lisis te\u00f3rico sobre el desarrollo y [&hellip;]<\/p>\n","protected":false},"author":1,"featured_media":0,"comment_status":"open","ping_status":"open","sticky":false,"template":"","format":"standard","meta":{"site-sidebar-layout":"default","site-content-layout":"","ast-site-content-layout":"","site-content-style":"default","site-sidebar-style":"default","ast-global-header-display":"","ast-banner-title-visibility":"","ast-main-header-display":"","ast-hfb-above-header-display":"","ast-hfb-below-header-display":"","ast-hfb-mobile-header-display":"","site-post-title":"","ast-breadcrumbs-content":"","ast-featured-img":"","footer-sml-layout":"","theme-transparent-header-meta":"","adv-header-id-meta":"","stick-header-meta":"","header-above-stick-meta":"","header-main-stick-meta":"","header-below-stick-meta":"","astra-migrate-meta-layouts":"default","ast-page-background-enabled":"default","ast-page-background-meta":{"desktop":{"background-color":"var(--ast-global-color-4)","background-image":"","background-repeat":"repeat","background-position":"center center","background-size":"auto","background-attachment":"scroll","background-type":"","background-media":"","overlay-type":"","overlay-color":"","overlay-gradient":""},"tablet":{"background-color":"","background-image":"","background-repeat":"repeat","background-position":"center center","background-size":"auto","background-attachment":"scroll","background-type":"","background-media":"","overlay-type":"","overlay-color":"","overlay-gradient":""},"mobile":{"background-color":"","background-image":"","background-repeat":"repeat","background-position":"center center","background-size":"auto","background-attachment":"scroll","background-type":"","background-media":"","overlay-type":"","overlay-color":"","overlay-gradient":""}},"ast-content-background-meta":{"desktop":{"background-color":"var(--ast-global-color-5)","background-image":"","background-repeat":"repeat","background-position":"center center","background-size":"auto","background-attachment":"scroll","background-type":"","background-media":"","overlay-type":"","overlay-color":"","overlay-gradient":""},"tablet":{"background-color":"var(--ast-global-color-5)","background-image":"","background-repeat":"repeat","background-position":"center center","background-size":"auto","background-attachment":"scroll","background-type":"","background-media":"","overlay-type":"","overlay-color":"","overlay-gradient":""},"mobile":{"background-color":"var(--ast-global-color-5)","background-image":"","background-repeat":"repeat","background-position":"center center","background-size":"auto","background-attachment":"scroll","background-type":"","background-media":"","overlay-type":"","overlay-color":"","overlay-gradient":""}},"footnotes":""},"categories":[829,10715],"tags":[24760,61672,70012,39404,38406,205088],"class_list":["post-100770","post","type-post","status-publish","format-standard","hentry","category-modelos-y-teorias-del-desarrollo-economico","category-sevilla","tag-antonio-garcia-lizana","tag-antonio-jose-narvaez-bueno","tag-arturo-gutierrez-fernandez","tag-emilio-pablo-diez-de-castro","tag-jose-valles-ferrer","tag-lazaro-alvarado-barrios"],"_links":{"self":[{"href":"https:\/\/www.deberes.net\/tesis\/wp-json\/wp\/v2\/posts\/100770","targetHints":{"allow":["GET"]}}],"collection":[{"href":"https:\/\/www.deberes.net\/tesis\/wp-json\/wp\/v2\/posts"}],"about":[{"href":"https:\/\/www.deberes.net\/tesis\/wp-json\/wp\/v2\/types\/post"}],"author":[{"embeddable":true,"href":"https:\/\/www.deberes.net\/tesis\/wp-json\/wp\/v2\/users\/1"}],"replies":[{"embeddable":true,"href":"https:\/\/www.deberes.net\/tesis\/wp-json\/wp\/v2\/comments?post=100770"}],"version-history":[{"count":0,"href":"https:\/\/www.deberes.net\/tesis\/wp-json\/wp\/v2\/posts\/100770\/revisions"}],"wp:attachment":[{"href":"https:\/\/www.deberes.net\/tesis\/wp-json\/wp\/v2\/media?parent=100770"}],"wp:term":[{"taxonomy":"category","embeddable":true,"href":"https:\/\/www.deberes.net\/tesis\/wp-json\/wp\/v2\/categories?post=100770"},{"taxonomy":"post_tag","embeddable":true,"href":"https:\/\/www.deberes.net\/tesis\/wp-json\/wp\/v2\/tags?post=100770"}],"curies":[{"name":"wp","href":"https:\/\/api.w.org\/{rel}","templated":true}]}}