{"id":100780,"date":"2010-07-05T00:00:00","date_gmt":"2010-07-05T00:00:00","guid":{"rendered":"https:\/\/www.deberes.net\/tesis\/sin-categoria\/los-conectores-discursivos-desde-la-retorica-contrastiva-uso-y-contraste-espanol-portugues\/"},"modified":"2010-07-05T00:00:00","modified_gmt":"2010-07-05T00:00:00","slug":"los-conectores-discursivos-desde-la-retorica-contrastiva-uso-y-contraste-espanol-portugues","status":"publish","type":"post","link":"https:\/\/www.deberes.net\/tesis\/lengua-y-literatura\/los-conectores-discursivos-desde-la-retorica-contrastiva-uso-y-contraste-espanol-portugues\/","title":{"rendered":"Los conectores discursivos desde la ret\u00f3rica contrastiva: uso y contraste espa\u00f1ol-portugu\u00e9s"},"content":{"rendered":"<h2>Tesis doctoral de <strong> Massilia Mar\u00eda Lira Dias <\/strong><\/h2>\n<p>La presente tesis de doctorado se centra en un an\u00e1lisis de tres grupos de conectores discursivos en espa\u00f1ol y en portugu\u00e9s: los opositivos, los causales-consecutivos y los aditivos, desde una perspectiva ret\u00f3rico-contrastiva (rc), fundamentada en las contribuciones te\u00f3ricas de portol\u00e9s (1998;1999,2004); montol\u00edo (2001); mart\u00edn zorraquino y portol\u00e9s (1999), dom\u00ednguez (2002;2007), connor (1996;2001) y trujillo (2001,2002 y 2003), con el fin validar o matizar la hip\u00f3tesis de la rc cuando sostiene que existen diferencias significativas en la organizaci\u00f3n de los textos escritos en distintas lenguas y en diferentes contextos culturales. Por tanto, el objetivo fundamental de ese trabajo ha sido el de identificar las semejanzas y diferencias existentes en el uso de los conectores que marcan relaciones argumentativas en esas dos lenguas, en el g\u00e9nero discursivo cartas. Para ello, se analiz\u00f3 una muestra compuesta 240 cartas: un corpus de referencia textual en lengua espa\u00f1ola, con 120 cartas escritas por estudiantes brasile\u00f1os para el examen de diploma de espa\u00f1ol lengua extranjera &#8211; dele, en el nivel superior (dse), y el otro, con 120 cartas escritas por  lectores de una revista de circulaci\u00f3n nacional en brasil, la revista veja. Con base en esos corpora se han seleccionado los conectores y analizado su comportamiento discursivo, con el fin de identificar el grado de similitud, las diferencias sem\u00e1ntico-pragm\u00e1ticas, los valores socioling\u00ed\u00bc\u00edsticos relacionados a la frecuencia de uso y las interferencias provocadas por la l1 en el uso de esos elementos en la l2. Concretamente, en el campo de la rc ese estudio discursivo nos ha permitido afirmar que desde el punto de vista de la utilizaci\u00f3n de los conectores argumentativos, dichos elementos, en su gran mayor\u00eda,  establecen relaciones argumentativas con id\u00e9nticos valores y matices sem\u00e1ntico-pragm\u00e1ticos en espa\u00f1ol y en portugu\u00e9s, lo que nos permite acercamos m\u00e1s al t\u00e9rmino transferencia que interferencia en su uso ret\u00f3rico-argumentativo.<\/p>\n<p>&nbsp;<\/p>\n<h3>Datos acad\u00e9micos de la tesis doctoral \u00ab<strong>Los conectores discursivos desde la ret\u00f3rica contrastiva: uso y contraste espa\u00f1ol-portugu\u00e9s<\/strong>\u00ab<\/h3>\n<ul>\n<li><strong>T\u00edtulo de la tesis:<\/strong>\u00a0 Los conectores discursivos desde la ret\u00f3rica contrastiva: uso y contraste espa\u00f1ol-portugu\u00e9s <\/li>\n<li><strong>Autor:<\/strong>\u00a0 Massilia Mar\u00eda Lira Dias <\/li>\n<li><strong>Universidad:<\/strong>\u00a0 Salamanca<\/li>\n<li><strong>Fecha de lectura de la tesis:<\/strong>\u00a0 07\/05\/2010<\/li>\n<\/ul>\n<p>&nbsp;<\/p>\n<h3>Direcci\u00f3n y tribunal<\/h3>\n<ul>\n<li><strong>Director de la tesis<\/strong>\n<ul>\n<li>Francisco JavierDe Santiago Guerv\u00f3s<\/li>\n<\/ul>\n<\/li>\n<li><strong>Tribunal<\/strong>\n<ul>\n<li>Presidente del tribunal: Juan  felipe Garc\u00eda santos <\/li>\n<li>m. victoria Galloso camacho (vocal)<\/li>\n<li>ricard Morant marco (vocal)<\/li>\n<li>Mar\u00eda  isabel Iglesias casal (vocal)<\/li>\n<\/ul>\n<\/li>\n<\/ul>\n<p>&nbsp;<\/p>\n","protected":false},"excerpt":{"rendered":"<p>Tesis doctoral de Massilia Mar\u00eda Lira Dias La presente tesis de doctorado se centra en un an\u00e1lisis de tres grupos [&hellip;]<\/p>\n","protected":false},"author":1,"featured_media":0,"comment_status":"open","ping_status":"open","sticky":false,"template":"","format":"standard","meta":{"site-sidebar-layout":"default","site-content-layout":"","ast-site-content-layout":"","site-content-style":"default","site-sidebar-style":"default","ast-global-header-display":"","ast-banner-title-visibility":"","ast-main-header-display":"","ast-hfb-above-header-display":"","ast-hfb-below-header-display":"","ast-hfb-mobile-header-display":"","site-post-title":"","ast-breadcrumbs-content":"","ast-featured-img":"","footer-sml-layout":"","theme-transparent-header-meta":"","adv-header-id-meta":"","stick-header-meta":"","header-above-stick-meta":"","header-main-stick-meta":"","header-below-stick-meta":"","astra-migrate-meta-layouts":"default","ast-page-background-enabled":"default","ast-page-background-meta":{"desktop":{"background-color":"var(--ast-global-color-4)","background-image":"","background-repeat":"repeat","background-position":"center center","background-size":"auto","background-attachment":"scroll","background-type":"","background-media":"","overlay-type":"","overlay-color":"","overlay-gradient":""},"tablet":{"background-color":"","background-image":"","background-repeat":"repeat","background-position":"center center","background-size":"auto","background-attachment":"scroll","background-type":"","background-media":"","overlay-type":"","overlay-color":"","overlay-gradient":""},"mobile":{"background-color":"","background-image":"","background-repeat":"repeat","background-position":"center center","background-size":"auto","background-attachment":"scroll","background-type":"","background-media":"","overlay-type":"","overlay-color":"","overlay-gradient":""}},"ast-content-background-meta":{"desktop":{"background-color":"var(--ast-global-color-5)","background-image":"","background-repeat":"repeat","background-position":"center center","background-size":"auto","background-attachment":"scroll","background-type":"","background-media":"","overlay-type":"","overlay-color":"","overlay-gradient":""},"tablet":{"background-color":"var(--ast-global-color-5)","background-image":"","background-repeat":"repeat","background-position":"center center","background-size":"auto","background-attachment":"scroll","background-type":"","background-media":"","overlay-type":"","overlay-color":"","overlay-gradient":""},"mobile":{"background-color":"var(--ast-global-color-5)","background-image":"","background-repeat":"repeat","background-position":"center center","background-size":"auto","background-attachment":"scroll","background-type":"","background-media":"","overlay-type":"","overlay-color":"","overlay-gradient":""}},"footnotes":""},"categories":[1891,636,4139,9386],"tags":[67819,21473,36495,188419,205105,52401],"class_list":["post-100780","post","type-post","status-publish","format-standard","hentry","category-ensenanza-de-lenguas","category-lengua-y-literatura","category-linguistica-comparada","category-salamanca","tag-francisco-javierde-santiago-guervos","tag-juan-felipe-garcia-santos","tag-m-victoria-galloso-camacho","tag-maria-isabel-iglesias-casal","tag-massilia-maria-lira-dias","tag-ricard-morant-marco"],"_links":{"self":[{"href":"https:\/\/www.deberes.net\/tesis\/wp-json\/wp\/v2\/posts\/100780","targetHints":{"allow":["GET"]}}],"collection":[{"href":"https:\/\/www.deberes.net\/tesis\/wp-json\/wp\/v2\/posts"}],"about":[{"href":"https:\/\/www.deberes.net\/tesis\/wp-json\/wp\/v2\/types\/post"}],"author":[{"embeddable":true,"href":"https:\/\/www.deberes.net\/tesis\/wp-json\/wp\/v2\/users\/1"}],"replies":[{"embeddable":true,"href":"https:\/\/www.deberes.net\/tesis\/wp-json\/wp\/v2\/comments?post=100780"}],"version-history":[{"count":0,"href":"https:\/\/www.deberes.net\/tesis\/wp-json\/wp\/v2\/posts\/100780\/revisions"}],"wp:attachment":[{"href":"https:\/\/www.deberes.net\/tesis\/wp-json\/wp\/v2\/media?parent=100780"}],"wp:term":[{"taxonomy":"category","embeddable":true,"href":"https:\/\/www.deberes.net\/tesis\/wp-json\/wp\/v2\/categories?post=100780"},{"taxonomy":"post_tag","embeddable":true,"href":"https:\/\/www.deberes.net\/tesis\/wp-json\/wp\/v2\/tags?post=100780"}],"curies":[{"name":"wp","href":"https:\/\/api.w.org\/{rel}","templated":true}]}}