{"id":100783,"date":"2010-07-05T00:00:00","date_gmt":"2010-07-05T00:00:00","guid":{"rendered":"https:\/\/www.deberes.net\/tesis\/sin-categoria\/el-patrimonio-protegido-de-las-personas-con-discapacidad-aspectos-civiles\/"},"modified":"2010-07-05T00:00:00","modified_gmt":"2010-07-05T00:00:00","slug":"el-patrimonio-protegido-de-las-personas-con-discapacidad-aspectos-civiles","status":"publish","type":"post","link":"https:\/\/www.deberes.net\/tesis\/derecho-civil\/el-patrimonio-protegido-de-las-personas-con-discapacidad-aspectos-civiles\/","title":{"rendered":"El patrimonio protegido de las personas con discapacidad: aspectos civiles"},"content":{"rendered":"<h2>Tesis doctoral de <strong> Eva Mar\u00eda Mart\u00edn Azcano <\/strong><\/h2>\n<p>La configuraci\u00f3n del patrimonio protegido que hace la ley de 18 de noviembre de 2003 es objeto de an\u00e1lisis cr\u00edtico estudiando desde su naturaleza jur\u00eddica a los diferentes elementos de su constituci\u00f3n as\u00ed como los problemas que existen en la pr\u00e1ctica para su administraci\u00f3n y las consecuencias de su extinci\u00f3n.<\/p>\n<p>&nbsp;<\/p>\n<h3>Datos acad\u00e9micos de la tesis doctoral \u00ab<strong>El patrimonio protegido de las personas con discapacidad: aspectos civiles<\/strong>\u00ab<\/h3>\n<ul>\n<li><strong>T\u00edtulo de la tesis:<\/strong>\u00a0 El patrimonio protegido de las personas con discapacidad: aspectos civiles <\/li>\n<li><strong>Autor:<\/strong>\u00a0 Eva Mar\u00eda Mart\u00edn Azcano <\/li>\n<li><strong>Universidad:<\/strong>\u00a0 Rey juan carlos<\/li>\n<li><strong>Fecha de lectura de la tesis:<\/strong>\u00a0 07\/05\/2010<\/li>\n<\/ul>\n<p>&nbsp;<\/p>\n<h3>Direcci\u00f3n y tribunal<\/h3>\n<ul>\n<li><strong>Director de la tesis<\/strong>\n<ul>\n<li>Jose Perez De Vargas Mu\u00f1oz<\/li>\n<\/ul>\n<\/li>\n<li><strong>Tribunal<\/strong>\n<ul>\n<li>Presidente del tribunal: Jos\u00e9 manuel Gonzalez porras <\/li>\n<li>ignacio Gallego dom\u00ednguez (vocal)<\/li>\n<li>silvia Diaz alabart (vocal)<\/li>\n<li>Jos\u00e9 Javier Hualde sanchez (vocal)<\/li>\n<\/ul>\n<\/li>\n<\/ul>\n<p>&nbsp;<\/p>\n","protected":false},"excerpt":{"rendered":"<p>Tesis doctoral de Eva Mar\u00eda Mart\u00edn Azcano La configuraci\u00f3n del patrimonio protegido que hace la ley de 18 de noviembre [&hellip;]<\/p>\n","protected":false},"author":1,"featured_media":0,"comment_status":"open","ping_status":"open","sticky":false,"template":"","format":"standard","meta":{"site-sidebar-layout":"default","site-content-layout":"","ast-site-content-layout":"","site-content-style":"default","site-sidebar-style":"default","ast-global-header-display":"","ast-banner-title-visibility":"","ast-main-header-display":"","ast-hfb-above-header-display":"","ast-hfb-below-header-display":"","ast-hfb-mobile-header-display":"","site-post-title":"","ast-breadcrumbs-content":"","ast-featured-img":"","footer-sml-layout":"","theme-transparent-header-meta":"","adv-header-id-meta":"","stick-header-meta":"","header-above-stick-meta":"","header-main-stick-meta":"","header-below-stick-meta":"","astra-migrate-meta-layouts":"default","ast-page-background-enabled":"default","ast-page-background-meta":{"desktop":{"background-color":"var(--ast-global-color-4)","background-image":"","background-repeat":"repeat","background-position":"center center","background-size":"auto","background-attachment":"scroll","background-type":"","background-media":"","overlay-type":"","overlay-color":"","overlay-gradient":""},"tablet":{"background-color":"","background-image":"","background-repeat":"repeat","background-position":"center center","background-size":"auto","background-attachment":"scroll","background-type":"","background-media":"","overlay-type":"","overlay-color":"","overlay-gradient":""},"mobile":{"background-color":"","background-image":"","background-repeat":"repeat","background-position":"center center","background-size":"auto","background-attachment":"scroll","background-type":"","background-media":"","overlay-type":"","overlay-color":"","overlay-gradient":""}},"ast-content-background-meta":{"desktop":{"background-color":"var(--ast-global-color-5)","background-image":"","background-repeat":"repeat","background-position":"center center","background-size":"auto","background-attachment":"scroll","background-type":"","background-media":"","overlay-type":"","overlay-color":"","overlay-gradient":""},"tablet":{"background-color":"var(--ast-global-color-5)","background-image":"","background-repeat":"repeat","background-position":"center center","background-size":"auto","background-attachment":"scroll","background-type":"","background-media":"","overlay-type":"","overlay-color":"","overlay-gradient":""},"mobile":{"background-color":"var(--ast-global-color-5)","background-image":"","background-repeat":"repeat","background-position":"center center","background-size":"auto","background-attachment":"scroll","background-type":"","background-media":"","overlay-type":"","overlay-color":"","overlay-gradient":""}},"footnotes":""},"categories":[1251,36610],"tags":[205110,20822,51745,5642,40648,7706],"class_list":["post-100783","post","type-post","status-publish","format-standard","hentry","category-derecho-civil","category-rey-juan-carlos","tag-eva-maria-martin-azcano","tag-ignacio-gallego-dominguez","tag-jose-javier-hualde-sanchez","tag-jose-manuel-gonzalez-porras","tag-jose-perez-de-vargas-munoz","tag-silvia-diaz-alabart"],"_links":{"self":[{"href":"https:\/\/www.deberes.net\/tesis\/wp-json\/wp\/v2\/posts\/100783","targetHints":{"allow":["GET"]}}],"collection":[{"href":"https:\/\/www.deberes.net\/tesis\/wp-json\/wp\/v2\/posts"}],"about":[{"href":"https:\/\/www.deberes.net\/tesis\/wp-json\/wp\/v2\/types\/post"}],"author":[{"embeddable":true,"href":"https:\/\/www.deberes.net\/tesis\/wp-json\/wp\/v2\/users\/1"}],"replies":[{"embeddable":true,"href":"https:\/\/www.deberes.net\/tesis\/wp-json\/wp\/v2\/comments?post=100783"}],"version-history":[{"count":0,"href":"https:\/\/www.deberes.net\/tesis\/wp-json\/wp\/v2\/posts\/100783\/revisions"}],"wp:attachment":[{"href":"https:\/\/www.deberes.net\/tesis\/wp-json\/wp\/v2\/media?parent=100783"}],"wp:term":[{"taxonomy":"category","embeddable":true,"href":"https:\/\/www.deberes.net\/tesis\/wp-json\/wp\/v2\/categories?post=100783"},{"taxonomy":"post_tag","embeddable":true,"href":"https:\/\/www.deberes.net\/tesis\/wp-json\/wp\/v2\/tags?post=100783"}],"curies":[{"name":"wp","href":"https:\/\/api.w.org\/{rel}","templated":true}]}}