{"id":100799,"date":"2010-10-05T00:00:00","date_gmt":"2010-10-05T00:00:00","guid":{"rendered":"https:\/\/www.deberes.net\/tesis\/sin-categoria\/estudio-de-asociacion-entre-la-presencia-del-locus-capn10-y-la-predisposicion-a-padecer-cancer-de-laringe\/"},"modified":"2010-10-05T00:00:00","modified_gmt":"2010-10-05T00:00:00","slug":"estudio-de-asociacion-entre-la-presencia-del-locus-capn10-y-la-predisposicion-a-padecer-cancer-de-laringe","status":"publish","type":"post","link":"https:\/\/www.deberes.net\/tesis\/otorrinolaringologia\/estudio-de-asociacion-entre-la-presencia-del-locus-capn10-y-la-predisposicion-a-padecer-cancer-de-laringe\/","title":{"rendered":"Estudio de asociaci\u00f3n entre la presencia del locus capn10 y la predisposici\u00f3n a padecer c\u00e1ncer de laringe"},"content":{"rendered":"<h2>Tesis doctoral de <strong> Ramon Moreno Luna <\/strong><\/h2>\n<p>Estudio de asociaci\u00f3n entre la presencia del locus capn10 y la predisposici\u00f3n a padecer c\u00e1ncer de laringe   resumen no disponible<\/p>\n<p>&nbsp;<\/p>\n<h3>Datos acad\u00e9micos de la tesis doctoral \u00ab<strong>Estudio de asociaci\u00f3n entre la presencia del locus capn10 y la predisposici\u00f3n a padecer c\u00e1ncer de laringe<\/strong>\u00ab<\/h3>\n<ul>\n<li><strong>T\u00edtulo de la tesis:<\/strong>\u00a0 Estudio de asociaci\u00f3n entre la presencia del locus capn10 y la predisposici\u00f3n a padecer c\u00e1ncer de laringe <\/li>\n<li><strong>Autor:<\/strong>\u00a0 Ramon Moreno Luna <\/li>\n<li><strong>Universidad:<\/strong>\u00a0 Sevilla<\/li>\n<li><strong>Fecha de lectura de la tesis:<\/strong>\u00a0 10\/05\/2010<\/li>\n<\/ul>\n<p>&nbsp;<\/p>\n<h3>Direcci\u00f3n y tribunal<\/h3>\n<ul>\n<li><strong>Director de la tesis<\/strong>\n<ul>\n<li>Francisco Esteban Ortega<\/li>\n<\/ul>\n<\/li>\n<li><strong>Tribunal<\/strong>\n<ul>\n<li>Presidente del tribunal: Jes\u00fas Loscertales abril <\/li>\n<li>miquel Quer agust\u00ed (vocal)<\/li>\n<li>Carlos Suarez nieto (vocal)<\/li>\n<li>Jorge Basterra alegria (vocal)<\/li>\n<\/ul>\n<\/li>\n<\/ul>\n<p>&nbsp;<\/p>\n","protected":false},"excerpt":{"rendered":"<p>Tesis doctoral de Ramon Moreno Luna Estudio de asociaci\u00f3n entre la presencia del locus capn10 y la predisposici\u00f3n a padecer [&hellip;]<\/p>\n","protected":false},"author":1,"featured_media":0,"comment_status":"open","ping_status":"open","sticky":false,"template":"","format":"standard","meta":{"site-sidebar-layout":"default","site-content-layout":"","ast-site-content-layout":"","site-content-style":"default","site-sidebar-style":"default","ast-global-header-display":"","ast-banner-title-visibility":"","ast-main-header-display":"","ast-hfb-above-header-display":"","ast-hfb-below-header-display":"","ast-hfb-mobile-header-display":"","site-post-title":"","ast-breadcrumbs-content":"","ast-featured-img":"","footer-sml-layout":"","theme-transparent-header-meta":"","adv-header-id-meta":"","stick-header-meta":"","header-above-stick-meta":"","header-main-stick-meta":"","header-below-stick-meta":"","astra-migrate-meta-layouts":"default","ast-page-background-enabled":"default","ast-page-background-meta":{"desktop":{"background-color":"var(--ast-global-color-4)","background-image":"","background-repeat":"repeat","background-position":"center center","background-size":"auto","background-attachment":"scroll","background-type":"","background-media":"","overlay-type":"","overlay-color":"","overlay-gradient":""},"tablet":{"background-color":"","background-image":"","background-repeat":"repeat","background-position":"center center","background-size":"auto","background-attachment":"scroll","background-type":"","background-media":"","overlay-type":"","overlay-color":"","overlay-gradient":""},"mobile":{"background-color":"","background-image":"","background-repeat":"repeat","background-position":"center center","background-size":"auto","background-attachment":"scroll","background-type":"","background-media":"","overlay-type":"","overlay-color":"","overlay-gradient":""}},"ast-content-background-meta":{"desktop":{"background-color":"var(--ast-global-color-5)","background-image":"","background-repeat":"repeat","background-position":"center center","background-size":"auto","background-attachment":"scroll","background-type":"","background-media":"","overlay-type":"","overlay-color":"","overlay-gradient":""},"tablet":{"background-color":"var(--ast-global-color-5)","background-image":"","background-repeat":"repeat","background-position":"center center","background-size":"auto","background-attachment":"scroll","background-type":"","background-media":"","overlay-type":"","overlay-color":"","overlay-gradient":""},"mobile":{"background-color":"var(--ast-global-color-5)","background-image":"","background-repeat":"repeat","background-position":"center center","background-size":"auto","background-attachment":"scroll","background-type":"","background-media":"","overlay-type":"","overlay-color":"","overlay-gradient":""}},"footnotes":""},"categories":[1543,1226,10715],"tags":[25235,20928,10956,27159,85240,205139],"class_list":["post-100799","post","type-post","status-publish","format-standard","hentry","category-cirugia-de-garganta-nariz-y-oidos","category-otorrinolaringologia","category-sevilla","tag-carlos-suarez-nieto","tag-francisco-esteban-ortega","tag-jesus-loscertales-abril","tag-jorge-basterra-alegria","tag-miquel-quer-agusti","tag-ramon-moreno-luna"],"_links":{"self":[{"href":"https:\/\/www.deberes.net\/tesis\/wp-json\/wp\/v2\/posts\/100799","targetHints":{"allow":["GET"]}}],"collection":[{"href":"https:\/\/www.deberes.net\/tesis\/wp-json\/wp\/v2\/posts"}],"about":[{"href":"https:\/\/www.deberes.net\/tesis\/wp-json\/wp\/v2\/types\/post"}],"author":[{"embeddable":true,"href":"https:\/\/www.deberes.net\/tesis\/wp-json\/wp\/v2\/users\/1"}],"replies":[{"embeddable":true,"href":"https:\/\/www.deberes.net\/tesis\/wp-json\/wp\/v2\/comments?post=100799"}],"version-history":[{"count":0,"href":"https:\/\/www.deberes.net\/tesis\/wp-json\/wp\/v2\/posts\/100799\/revisions"}],"wp:attachment":[{"href":"https:\/\/www.deberes.net\/tesis\/wp-json\/wp\/v2\/media?parent=100799"}],"wp:term":[{"taxonomy":"category","embeddable":true,"href":"https:\/\/www.deberes.net\/tesis\/wp-json\/wp\/v2\/categories?post=100799"},{"taxonomy":"post_tag","embeddable":true,"href":"https:\/\/www.deberes.net\/tesis\/wp-json\/wp\/v2\/tags?post=100799"}],"curies":[{"name":"wp","href":"https:\/\/api.w.org\/{rel}","templated":true}]}}