{"id":100829,"date":"2010-12-05T00:00:00","date_gmt":"2010-12-05T00:00:00","guid":{"rendered":"https:\/\/www.deberes.net\/tesis\/sin-categoria\/un-modelo-de-mejora-para-la-gestion-de-la-seguridad-de-la-informacion-a-traves-del-proceso-de-adaptacion-de-una-pequena-o-mediana-organizacion-a-la-normativa-sobre-proteccion-de-datos\/"},"modified":"2010-12-05T00:00:00","modified_gmt":"2010-12-05T00:00:00","slug":"un-modelo-de-mejora-para-la-gestion-de-la-seguridad-de-la-informacion-a-traves-del-proceso-de-adaptacion-de-una-pequena-o-mediana-organizacion-a-la-normativa-sobre-proteccion-de-datos","status":"publish","type":"post","link":"https:\/\/www.deberes.net\/tesis\/diseno-y-componentes-de-sistemas-de-informacion\/un-modelo-de-mejora-para-la-gestion-de-la-seguridad-de-la-informacion-a-traves-del-proceso-de-adaptacion-de-una-pequena-o-mediana-organizacion-a-la-normativa-sobre-proteccion-de-datos\/","title":{"rendered":"Un modelo de mejora para la gesti\u00f3n de la seguridad de la informaci\u00f3n a trav\u00e9s del proceso de adaptaci\u00f3n de una peque\u00f1a o mediana organizaci\u00f3n a la normativa sobre protecci\u00f3n de datos"},"content":{"rendered":"<h2>Tesis doctoral de <strong> Jos\u00e9 Manuel Pastor Benlloch <\/strong><\/h2>\n<p>En la medida en que ha ido aumentando la importancia de los datos en la escala de valores de una organizaci\u00f3n tambi\u00e9n lo ha hecho la responsabilidad que asume la propia organizaci\u00f3n porque debe garantizar su buen uso. Esto se presenta como fundamental en el caso de los datos de car\u00e1cter personal, y debe platearse como la principal forma de garantizar su privacidad, lo que  desemboc\u00f3 en los \u00faltimos a\u00f1os del siglo xx en la aparici\u00f3n de diferentes directivas en el marco de la uni\u00f3n europea que han servido a sus pa\u00edses miembros para desarrollar sus propias leyes respecto de la protecci\u00f3n de datos.  los estudios sobre la seguridad de la informaci\u00f3n son recientes. S\u00f3lo cuando se ha dispuesto de herramientas capaces de almacenar grandes cantidades de datos y de procesar esos mismos datos para transformarlos en informaci\u00f3n de inter\u00e9s que reporte un valor a\u00f1adido a quien maneja esa transformaci\u00f3n, se ha generado una preocupaci\u00f3n, cada vez mayor, por mantener la seguridad de las instalaciones y sistemas donde se almacenan los datos originales. Es cuando el binomio datos-informaci\u00f3n ha alcanzado un nuevo estatus en la escala de valores que marca cu\u00e1l es el grado de importancia de las cosas dentro de una organizaci\u00f3n, y ese nuevo estatus ha elevado la categor\u00eda de ese binomio, que pasa a ser un recurso estrat\u00e9gico, hasta el punto de requerir la definici\u00f3n de una estrategia bien planificada por parte de cualquier organizaci\u00f3n para garantizar su uso adecuado. en consecuencia, el objetivo de esta tesis es crear un modelo de gesti\u00f3n para la protecci\u00f3n de datos de car\u00e1cter personal que permita a cualquier organizaci\u00f3n cumplir con la normativa vigente respecto del tratamiento los datos personales, enmarcando dicho modelo dentro de la pol\u00edtica de seguridad de la informaci\u00f3n y que se va a generar a partir del an\u00e1lisis general de los activos en tecnolog\u00edas de la informaci\u00f3n y las comunicaciones disponibles, sus riesgos y amenazas, y la sensibilidad de los datos que se manejan desde los sistemas de informaci\u00f3n de la propia organizaci\u00f3n. para alcanzar ese objetivo hemos llevado a cabo el estudio de un conjunto de indicadores sobre las pymes y las entidades locales en el \u00e1mbito de la seguridad de la informaci\u00f3n. El modelo propuesto, se ha construido  siguiendo cuatro etapas de desarrollo desde donde se han tenido en cuenta las repercusiones normativas de la protecci\u00f3n de datos, las consecuencias que sobre una organizaci\u00f3n tendr\u00edan las  amenazas y riesgos que se ciernen sobre sus datos, el valor de sus activos tecnol\u00f3gicos y el establecimiento de sus propias pol\u00edticas de seguridad, con el objetivo de reducir la vulnerabilidad del conjunto activos que conforman sus sistemas de informaci\u00f3n.  tras la fase anterior planteamos la selecci\u00f3n de casos para el estudio emp\u00edrico siguiendo para ellos las indicaciones que desde la metodolog\u00eda cualitativa se plantean. Se ha analizado en cada uno de los casos las cuatro fases que conforman el modelo propuesto. El estudio de casos llevado a cabo nos ha permitido contrastar de forma emp\u00edrica nuestras cuestiones de investigaci\u00f3n respecto del modelo propuesto y formular las conclusiones.<\/p>\n<p>&nbsp;<\/p>\n<h3>Datos acad\u00e9micos de la tesis doctoral \u00ab<strong>Un modelo de mejora para la gesti\u00f3n de la seguridad de la informaci\u00f3n a trav\u00e9s del proceso de adaptaci\u00f3n de una peque\u00f1a o mediana organizaci\u00f3n a la normativa sobre protecci\u00f3n de datos<\/strong>\u00ab<\/h3>\n<ul>\n<li><strong>T\u00edtulo de la tesis:<\/strong>\u00a0 Un modelo de mejora para la gesti\u00f3n de la seguridad de la informaci\u00f3n a trav\u00e9s del proceso de adaptaci\u00f3n de una peque\u00f1a o mediana organizaci\u00f3n a la normativa sobre protecci\u00f3n de datos <\/li>\n<li><strong>Autor:<\/strong>\u00a0 Jos\u00e9 Manuel Pastor Benlloch <\/li>\n<li><strong>Universidad:<\/strong>\u00a0 Polit\u00e9cnica de Valencia<\/li>\n<li><strong>Fecha de lectura de la tesis:<\/strong>\u00a0 12\/05\/2010<\/li>\n<\/ul>\n<p>&nbsp;<\/p>\n<h3>Direcci\u00f3n y tribunal<\/h3>\n<ul>\n<li><strong>Director de la tesis<\/strong>\n<ul>\n<li>Ignacio Gil Pechu\u00e1n<\/li>\n<\/ul>\n<\/li>\n<li><strong>Tribunal<\/strong>\n<ul>\n<li>Presidente del tribunal: manuel Rodenes adam <\/li>\n<li>Juan  bautista Sapena bolufer (vocal)<\/li>\n<li>domingo Ribeiro soriano (vocal)<\/li>\n<li>Francisco Javier Lara Garc\u00eda (vocal)<\/li>\n<\/ul>\n<\/li>\n<\/ul>\n<p>&nbsp;<\/p>\n","protected":false},"excerpt":{"rendered":"<p>Tesis doctoral de Jos\u00e9 Manuel Pastor Benlloch En la medida en que ha ido aumentando la importancia de los datos [&hellip;]<\/p>\n","protected":false},"author":1,"featured_media":0,"comment_status":"open","ping_status":"open","sticky":false,"template":"","format":"standard","meta":{"site-sidebar-layout":"default","site-content-layout":"","ast-site-content-layout":"","site-content-style":"default","site-sidebar-style":"default","ast-global-header-display":"","ast-banner-title-visibility":"","ast-main-header-display":"","ast-hfb-above-header-display":"","ast-hfb-below-header-display":"","ast-hfb-mobile-header-display":"","site-post-title":"","ast-breadcrumbs-content":"","ast-featured-img":"","footer-sml-layout":"","theme-transparent-header-meta":"","adv-header-id-meta":"","stick-header-meta":"","header-above-stick-meta":"","header-main-stick-meta":"","header-below-stick-meta":"","astra-migrate-meta-layouts":"default","ast-page-background-enabled":"default","ast-page-background-meta":{"desktop":{"background-color":"var(--ast-global-color-4)","background-image":"","background-repeat":"repeat","background-position":"center center","background-size":"auto","background-attachment":"scroll","background-type":"","background-media":"","overlay-type":"","overlay-color":"","overlay-gradient":""},"tablet":{"background-color":"","background-image":"","background-repeat":"repeat","background-position":"center center","background-size":"auto","background-attachment":"scroll","background-type":"","background-media":"","overlay-type":"","overlay-color":"","overlay-gradient":""},"mobile":{"background-color":"","background-image":"","background-repeat":"repeat","background-position":"center center","background-size":"auto","background-attachment":"scroll","background-type":"","background-media":"","overlay-type":"","overlay-color":"","overlay-gradient":""}},"ast-content-background-meta":{"desktop":{"background-color":"var(--ast-global-color-5)","background-image":"","background-repeat":"repeat","background-position":"center center","background-size":"auto","background-attachment":"scroll","background-type":"","background-media":"","overlay-type":"","overlay-color":"","overlay-gradient":""},"tablet":{"background-color":"var(--ast-global-color-5)","background-image":"","background-repeat":"repeat","background-position":"center center","background-size":"auto","background-attachment":"scroll","background-type":"","background-media":"","overlay-type":"","overlay-color":"","overlay-gradient":""},"mobile":{"background-color":"var(--ast-global-color-5)","background-image":"","background-repeat":"repeat","background-position":"center center","background-size":"auto","background-attachment":"scroll","background-type":"","background-media":"","overlay-type":"","overlay-color":"","overlay-gradient":""}},"footnotes":""},"categories":[4149,16820],"tags":[153267,171379,60828,205186,134006,31360],"class_list":["post-100829","post","type-post","status-publish","format-standard","hentry","category-diseno-y-componentes-de-sistemas-de-informacion","category-politecnica-de-valencia","tag-domingo-ribeiro-soriano","tag-francisco-javier-lara-garcia","tag-ignacio-gil-pechuan","tag-jose-manuel-pastor-benlloch","tag-juan-bautista-sapena-bolufer","tag-manuel-rodenes-adam"],"_links":{"self":[{"href":"https:\/\/www.deberes.net\/tesis\/wp-json\/wp\/v2\/posts\/100829","targetHints":{"allow":["GET"]}}],"collection":[{"href":"https:\/\/www.deberes.net\/tesis\/wp-json\/wp\/v2\/posts"}],"about":[{"href":"https:\/\/www.deberes.net\/tesis\/wp-json\/wp\/v2\/types\/post"}],"author":[{"embeddable":true,"href":"https:\/\/www.deberes.net\/tesis\/wp-json\/wp\/v2\/users\/1"}],"replies":[{"embeddable":true,"href":"https:\/\/www.deberes.net\/tesis\/wp-json\/wp\/v2\/comments?post=100829"}],"version-history":[{"count":0,"href":"https:\/\/www.deberes.net\/tesis\/wp-json\/wp\/v2\/posts\/100829\/revisions"}],"wp:attachment":[{"href":"https:\/\/www.deberes.net\/tesis\/wp-json\/wp\/v2\/media?parent=100829"}],"wp:term":[{"taxonomy":"category","embeddable":true,"href":"https:\/\/www.deberes.net\/tesis\/wp-json\/wp\/v2\/categories?post=100829"},{"taxonomy":"post_tag","embeddable":true,"href":"https:\/\/www.deberes.net\/tesis\/wp-json\/wp\/v2\/tags?post=100829"}],"curies":[{"name":"wp","href":"https:\/\/api.w.org\/{rel}","templated":true}]}}