{"id":100871,"date":"2018-03-11T10:22:30","date_gmt":"2018-03-11T10:22:30","guid":{"rendered":"https:\/\/www.deberes.net\/tesis\/sin-categoria\/la-constitucion-como-proceso-pola%c2%adtico\/"},"modified":"2018-03-11T10:22:30","modified_gmt":"2018-03-11T10:22:30","slug":"la-constitucion-como-proceso-pola%c2%adtico","status":"publish","type":"post","link":"https:\/\/www.deberes.net\/tesis\/ciencias-juridicas-y-derecho\/la-constitucion-como-proceso-pola%c2%adtico\/","title":{"rendered":"La constituci\u00f3n como proceso pol\u00edtico"},"content":{"rendered":"<h2>Tesis doctoral de <strong> Jary Leticia M\u00e9ndez Maddaleno <\/strong><\/h2>\n<p>La constituci\u00f3n es un proceso pol\u00edtico porque invariablemente va conformando  los dos elementos de los que se compone, lo pol\u00edtico y lo jur\u00eddico. La necesaria dial\u00e9ctica entre auctoritas y potestas ha ido desarrollando una continua transformaci\u00f3n conceptual, hasta el punto de que la constituci\u00f3n se ha convertido en un proceso pol\u00edtico.El estado constitucional pretende reunir a las dos en una f\u00f3rmula que parece someter definitivamente la potestas a la auctoritas.Pero la estabilidad a la que est\u00e1 llamada como la primera de sus funciones, exige que la toma de las decisiones fundamentales se ejerza por el cauce indicado constitucionalmente en conexi\u00f3n pr\u00f3xima con el poder constituyente. El eje tem\u00e1tico principal de esta investigaci\u00f3n es esta mutua querencia y conflicto de auctoritas y potestas. Esto no quiere decir que la constituci\u00f3n y sus posibles cambios deban verse como un \u00c2\u00bfcompromiso de posibilidades\u00c2\u00bf, sino como un fundamento ontol\u00f3gico previo al orden com\u00fan que dirige la acci\u00f3n pol\u00edtica a hacer una sociedad m\u00e1s humana. Por eso el objetivo de este estudio es abordar la problem\u00e1tica que supone la inevitable transformaci\u00f3n del r\u00e9gimen constitucional en un proceso pol\u00edtico. La cuesti\u00f3n constitucional central a la que este estudio trata de dar respuestas es si, dado el alcance actual de la labor del int\u00e9rprete constitucional, es o no correcto que el derecho constitucional, de fuerza ordenadora y modeladora de la organizaci\u00f3n pol\u00edtica se convierta en un proceso pol\u00edtico casi aut\u00f3nomo.<\/p>\n<p>&nbsp;<\/p>\n<h3>Datos acad\u00e9micos de la tesis doctoral \u00ab<strong>La constituci\u00f3n como proceso pol\u00edtico<\/strong>\u00ab<\/h3>\n<ul>\n<li><strong>T\u00edtulo de la tesis:<\/strong>\u00a0 La constituci\u00f3n como proceso pol\u00edtico <\/li>\n<li><strong>Autor:<\/strong>\u00a0 Jary Leticia M\u00e9ndez Maddaleno <\/li>\n<li><strong>Universidad:<\/strong>\u00a0 Navarra<\/li>\n<li><strong>Fecha de lectura de la tesis:<\/strong>\u00a0 14\/05\/2010<\/li>\n<\/ul>\n<p>&nbsp;<\/p>\n<h3>Direcci\u00f3n y tribunal<\/h3>\n<ul>\n<li><strong>Director de la tesis<\/strong>\n<ul>\n<li>Mar\u00eda  Montserrat Herrero Lopez<\/li>\n<\/ul>\n<\/li>\n<li><strong>Tribunal<\/strong>\n<ul>\n<li>Presidente del tribunal: rafael Alvira dominguez <\/li>\n<li>Jos\u00e9 Mar\u00eda Beneyto perez (vocal)<\/li>\n<li>giovani Turco (vocal)<\/li>\n<li>eloy Garc\u00eda l\u00f3pez (vocal)<\/li>\n<\/ul>\n<\/li>\n<\/ul>\n<p>&nbsp;<\/p>\n","protected":false},"excerpt":{"rendered":"<p>Tesis doctoral de Jary Leticia M\u00e9ndez Maddaleno La constituci\u00f3n es un proceso pol\u00edtico porque invariablemente va conformando los dos elementos [&hellip;]<\/p>\n","protected":false},"author":1,"featured_media":0,"comment_status":"open","ping_status":"open","sticky":false,"template":"","format":"standard","meta":{"site-sidebar-layout":"default","site-content-layout":"","ast-site-content-layout":"","site-content-style":"default","site-sidebar-style":"default","ast-global-header-display":"","ast-banner-title-visibility":"","ast-main-header-display":"","ast-hfb-above-header-display":"","ast-hfb-below-header-display":"","ast-hfb-mobile-header-display":"","site-post-title":"","ast-breadcrumbs-content":"","ast-featured-img":"","footer-sml-layout":"","theme-transparent-header-meta":"","adv-header-id-meta":"","stick-header-meta":"","header-above-stick-meta":"","header-main-stick-meta":"","header-below-stick-meta":"","astra-migrate-meta-layouts":"default","ast-page-background-enabled":"default","ast-page-background-meta":{"desktop":{"background-color":"var(--ast-global-color-4)","background-image":"","background-repeat":"repeat","background-position":"center center","background-size":"auto","background-attachment":"scroll","background-type":"","background-media":"","overlay-type":"","overlay-color":"","overlay-gradient":""},"tablet":{"background-color":"","background-image":"","background-repeat":"repeat","background-position":"center center","background-size":"auto","background-attachment":"scroll","background-type":"","background-media":"","overlay-type":"","overlay-color":"","overlay-gradient":""},"mobile":{"background-color":"","background-image":"","background-repeat":"repeat","background-position":"center center","background-size":"auto","background-attachment":"scroll","background-type":"","background-media":"","overlay-type":"","overlay-color":"","overlay-gradient":""}},"ast-content-background-meta":{"desktop":{"background-color":"var(--ast-global-color-5)","background-image":"","background-repeat":"repeat","background-position":"center center","background-size":"auto","background-attachment":"scroll","background-type":"","background-media":"","overlay-type":"","overlay-color":"","overlay-gradient":""},"tablet":{"background-color":"var(--ast-global-color-5)","background-image":"","background-repeat":"repeat","background-position":"center center","background-size":"auto","background-attachment":"scroll","background-type":"","background-media":"","overlay-type":"","overlay-color":"","overlay-gradient":""},"mobile":{"background-color":"var(--ast-global-color-5)","background-image":"","background-repeat":"repeat","background-position":"center center","background-size":"auto","background-attachment":"scroll","background-type":"","background-media":"","overlay-type":"","overlay-color":"","overlay-gradient":""}},"footnotes":""},"categories":[612,17749,18969,6917,993],"tags":[22881,205248,205247,98273,58270,17980],"class_list":["post-100871","post","type-post","status-publish","format-standard","hentry","category-ciencias-juridicas-y-derecho","category-navarra","category-relaciones-entre-los-poderes","category-teoria-politica","category-vida-politica","tag-eloy-garcia-lopez","tag-giovani-turco","tag-jary-leticia-mendez-maddaleno","tag-jose-maria-beneyto-perez","tag-maria-montserrat-herrero-lopez","tag-rafael-alvira-dominguez"],"_links":{"self":[{"href":"https:\/\/www.deberes.net\/tesis\/wp-json\/wp\/v2\/posts\/100871","targetHints":{"allow":["GET"]}}],"collection":[{"href":"https:\/\/www.deberes.net\/tesis\/wp-json\/wp\/v2\/posts"}],"about":[{"href":"https:\/\/www.deberes.net\/tesis\/wp-json\/wp\/v2\/types\/post"}],"author":[{"embeddable":true,"href":"https:\/\/www.deberes.net\/tesis\/wp-json\/wp\/v2\/users\/1"}],"replies":[{"embeddable":true,"href":"https:\/\/www.deberes.net\/tesis\/wp-json\/wp\/v2\/comments?post=100871"}],"version-history":[{"count":0,"href":"https:\/\/www.deberes.net\/tesis\/wp-json\/wp\/v2\/posts\/100871\/revisions"}],"wp:attachment":[{"href":"https:\/\/www.deberes.net\/tesis\/wp-json\/wp\/v2\/media?parent=100871"}],"wp:term":[{"taxonomy":"category","embeddable":true,"href":"https:\/\/www.deberes.net\/tesis\/wp-json\/wp\/v2\/categories?post=100871"},{"taxonomy":"post_tag","embeddable":true,"href":"https:\/\/www.deberes.net\/tesis\/wp-json\/wp\/v2\/tags?post=100871"}],"curies":[{"name":"wp","href":"https:\/\/api.w.org\/{rel}","templated":true}]}}