{"id":100960,"date":"2018-03-11T10:22:34","date_gmt":"2018-03-11T10:22:34","guid":{"rendered":"https:\/\/www.deberes.net\/tesis\/sin-categoria\/els-horts-de-tarongers-arquitectura-i-paisatge\/"},"modified":"2018-03-11T10:22:34","modified_gmt":"2018-03-11T10:22:34","slug":"els-horts-de-tarongers-arquitectura-i-paisatge","status":"publish","type":"post","link":"https:\/\/www.deberes.net\/tesis\/historia-del-arte\/els-horts-de-tarongers-arquitectura-i-paisatge\/","title":{"rendered":"Els horts de tarongers. arquitectura i paisatge"},"content":{"rendered":"<h2>Tesis doctoral de <strong> Adri\u00e1n Bes\u00f3 Ros <\/strong><\/h2>\n<p>El naranjo ha sido conocido en las tierras Valencianas como \u00e1rbol de jard\u00edn, del que se aprovechaban sus frutos para el autoconsumo o para la comercializaci\u00f3n a peque\u00f1a escala. En la tradici\u00f3n cultural Valenciana los conceptos de huerto y jard\u00edn han estado \u00edntimamente relacionados. Dentro de su per\u00edmetro rodeado por una cerca se mezclaban especies ornamentales y frutales, que eran apreciadas por sus frutos y por su belleza. A finales del siglo xviii mos\u00e9n cavanilles nos da noticia de la reciente plantaci\u00f3n en carcaixent del primer huerto de naranjos por parte del rector monz\u00f3 y de los importantes beneficios econ\u00f3micos obtenidos en la comercializaci\u00f3n de su producto. Esta experiencia pionera, que hay que entender en el contexto de la ilustraci\u00f3n y en su relaci\u00f3n con las ideas fisiocr\u00e1ticas, asent\u00f3 las bases de un nuevo concepto de huerto. El naranjo pasar\u00eda en poco tiempo de ocupar un cuadro o algunas hileras, en convivencia con otros \u00e1rboles de jard\u00edn, a monopolizar todo el huerto con criterios de rentabilidad econ\u00f3mica. Pese a la euforia con que relata cavanilles este hecho, la expansi\u00f3n a gran escala como cultivo comercial no fue posible hasta la segunda mitad del siglo xix cuando confluyen una serie de factores, como la crisis de los antiguos cultivos comerciales en que se hab\u00edan especializado las \u00e1reas de regad\u00edo (la morera y el c\u00e1\u00f1amo), la mejora en los transportes que facilitaron una comercializaci\u00f3n a gran escala, la introducci\u00f3n de las norias de hierro fundido, que permitieron la extensi\u00f3n del cultivo empezando por los bordes de los regad\u00edos hist\u00f3ricos a la ribera, o por la misma huerta en la plana. Pero el empuje definitivo vendr\u00eda a partir de 1880 cuando se comercializan a gran escala las bombas movidas por motores a vapor que permitieran superar las limitaciones que ofrec\u00edan las norias. Desde aquellos dos n\u00facleos originarios empieza una expansi\u00f3n generalizada del cultivo que posibilitar\u00e1 el surgimiento de uno nuevo paisaje que se extiende por toda la franja litoral del golfo de Valencia desde la plana hasta la safor. En apenas cincuenta a\u00f1os aquel mosaico inicial formado por la alternancia de parcelas de algarrobos, olivos, vid y cereal, cultivos predominantes en el secano, dio paso a un bosque de naranjos caracterizado por su uniformidad y monocrom\u00eda.   \u00e9sta tesis analiza los elementos que contribuyeron a configurar el paisaje de los huertos de naranjos, la evoluci\u00f3n historica del concepto que, partiendo del jardin Valenciano, adquiere una personalidad propia a finales del siglo xix, los elementos que lo caracterizan desde el punto de vista visual y est\u00e9tico -especies vegetales, elementos arquitect\u00f3nicos del jard\u00edn, cerca, caminos interiores, elementos hidr\u00e1ulicos, la casa y sus tipolog\u00edas arquitect\u00f3nicas-, la evoluci\u00f3n del paisaje en las diferentes comarcas Valencianas, y las formas como se percibi\u00f3 por las diversas manifestaciones culturales, como la literatura, la pintura, la fotograf\u00eda o las artes gr\u00e1ficas.   contiene un ap\u00e9ndice con 750 fichas de inventario de huertos, y otro de planos de localizaci\u00f3n estructurado por comarcas.<\/p>\n<p>&nbsp;<\/p>\n<h3>Datos acad\u00e9micos de la tesis doctoral \u00ab<strong>Els horts de tarongers. arquitectura i paisatge<\/strong>\u00ab<\/h3>\n<ul>\n<li><strong>T\u00edtulo de la tesis:<\/strong>\u00a0 Els horts de tarongers. arquitectura i paisatge <\/li>\n<li><strong>Autor:<\/strong>\u00a0 Adri\u00e1n Bes\u00f3 Ros <\/li>\n<li><strong>Universidad:<\/strong>\u00a0 Universitat de val\u00e9ncia (estudi general)<\/li>\n<li><strong>Fecha de lectura de la tesis:<\/strong>\u00a0 18\/05\/2010<\/li>\n<\/ul>\n<p>&nbsp;<\/p>\n<h3>Direcci\u00f3n y tribunal<\/h3>\n<ul>\n<li><strong>Director de la tesis<\/strong>\n<ul>\n<li>Inmaculada Aguilar Civera<\/li>\n<\/ul>\n<\/li>\n<li><strong>Tribunal<\/strong>\n<ul>\n<li>Presidente del tribunal: joan francesc Mateu belles <\/li>\n<li>victor Minguez cornelles (vocal)<\/li>\n<li>Francisco Taberner pastor (vocal)<\/li>\n<li>vicente Abad garcia (vocal)<\/li>\n<\/ul>\n<\/li>\n<\/ul>\n<p>&nbsp;<\/p>\n","protected":false},"excerpt":{"rendered":"<p>Tesis doctoral de Adri\u00e1n Bes\u00f3 Ros El naranjo ha sido conocido en las tierras Valencianas como \u00e1rbol de jard\u00edn, del [&hellip;]<\/p>\n","protected":false},"author":1,"featured_media":0,"comment_status":"open","ping_status":"open","sticky":false,"template":"","format":"standard","meta":{"site-sidebar-layout":"default","site-content-layout":"","ast-site-content-layout":"","site-content-style":"default","site-sidebar-style":"default","ast-global-header-display":"","ast-banner-title-visibility":"","ast-main-header-display":"","ast-hfb-above-header-display":"","ast-hfb-below-header-display":"","ast-hfb-mobile-header-display":"","site-post-title":"","ast-breadcrumbs-content":"","ast-featured-img":"","footer-sml-layout":"","theme-transparent-header-meta":"","adv-header-id-meta":"","stick-header-meta":"","header-above-stick-meta":"","header-main-stick-meta":"","header-below-stick-meta":"","astra-migrate-meta-layouts":"default","ast-page-background-enabled":"default","ast-page-background-meta":{"desktop":{"background-color":"var(--ast-global-color-4)","background-image":"","background-repeat":"repeat","background-position":"center center","background-size":"auto","background-attachment":"scroll","background-type":"","background-media":"","overlay-type":"","overlay-color":"","overlay-gradient":""},"tablet":{"background-color":"","background-image":"","background-repeat":"repeat","background-position":"center center","background-size":"auto","background-attachment":"scroll","background-type":"","background-media":"","overlay-type":"","overlay-color":"","overlay-gradient":""},"mobile":{"background-color":"","background-image":"","background-repeat":"repeat","background-position":"center center","background-size":"auto","background-attachment":"scroll","background-type":"","background-media":"","overlay-type":"","overlay-color":"","overlay-gradient":""}},"ast-content-background-meta":{"desktop":{"background-color":"var(--ast-global-color-5)","background-image":"","background-repeat":"repeat","background-position":"center center","background-size":"auto","background-attachment":"scroll","background-type":"","background-media":"","overlay-type":"","overlay-color":"","overlay-gradient":""},"tablet":{"background-color":"var(--ast-global-color-5)","background-image":"","background-repeat":"repeat","background-position":"center center","background-size":"auto","background-attachment":"scroll","background-type":"","background-media":"","overlay-type":"","overlay-color":"","overlay-gradient":""},"mobile":{"background-color":"var(--ast-global-color-5)","background-image":"","background-repeat":"repeat","background-position":"center center","background-size":"auto","background-attachment":"scroll","background-type":"","background-media":"","overlay-type":"","overlay-color":"","overlay-gradient":""}},"footnotes":""},"categories":[1014],"tags":[205399,114536,27045,14149,88957,12105],"class_list":["post-100960","post","type-post","status-publish","format-standard","hentry","category-historia-del-arte","tag-adrian-beso-ros","tag-francisco-taberner-pastor","tag-inmaculada-aguilar-civera","tag-joan-francesc-mateu-belles","tag-vicente-abad-garcia","tag-victor-minguez-cornelles"],"_links":{"self":[{"href":"https:\/\/www.deberes.net\/tesis\/wp-json\/wp\/v2\/posts\/100960","targetHints":{"allow":["GET"]}}],"collection":[{"href":"https:\/\/www.deberes.net\/tesis\/wp-json\/wp\/v2\/posts"}],"about":[{"href":"https:\/\/www.deberes.net\/tesis\/wp-json\/wp\/v2\/types\/post"}],"author":[{"embeddable":true,"href":"https:\/\/www.deberes.net\/tesis\/wp-json\/wp\/v2\/users\/1"}],"replies":[{"embeddable":true,"href":"https:\/\/www.deberes.net\/tesis\/wp-json\/wp\/v2\/comments?post=100960"}],"version-history":[{"count":0,"href":"https:\/\/www.deberes.net\/tesis\/wp-json\/wp\/v2\/posts\/100960\/revisions"}],"wp:attachment":[{"href":"https:\/\/www.deberes.net\/tesis\/wp-json\/wp\/v2\/media?parent=100960"}],"wp:term":[{"taxonomy":"category","embeddable":true,"href":"https:\/\/www.deberes.net\/tesis\/wp-json\/wp\/v2\/categories?post=100960"},{"taxonomy":"post_tag","embeddable":true,"href":"https:\/\/www.deberes.net\/tesis\/wp-json\/wp\/v2\/tags?post=100960"}],"curies":[{"name":"wp","href":"https:\/\/api.w.org\/{rel}","templated":true}]}}