{"id":100972,"date":"2018-03-11T10:22:38","date_gmt":"2018-03-11T10:22:38","guid":{"rendered":"https:\/\/www.deberes.net\/tesis\/sin-categoria\/sentido-de-la-violencia-escolar\/"},"modified":"2018-03-11T10:22:38","modified_gmt":"2018-03-11T10:22:38","slug":"sentido-de-la-violencia-escolar","status":"publish","type":"post","link":"https:\/\/www.deberes.net\/tesis\/sin-categoria\/sentido-de-la-violencia-escolar\/","title":{"rendered":"Sentido de la violencia escolar"},"content":{"rendered":"<h2>Tesis doctoral de <strong> Julio Gabino De Ant\u00f3n L\u00f3pez <\/strong><\/h2>\n<p>Tesis doctoral  sentido de la violencia escolar     \u00edndice capitular de la tesis   i.- Introducci\u00f3n  la t\u00e9sis parte de una perspectiva psicobiol\u00f3gica. Para su comprensi\u00f3n introduce y formula un esquema paradigm\u00e1tico, donde uno de los componentes es el aula-escuela, con sus elementos estructurales: verdugos, v\u00edctimas y terceros, que constituyen su naturaleza ,con la carga gen\u00e9tica correspondiente, y otro, el ambiente\/entorno, que envuelve n a los componentes de aquella aula-escuela, a trav\u00e9s de capas, sostenidas por barrios y tramas urbanas donde se insertan minor\u00edas migratorias, tribus urbanas juveniles, instituciones, colectivos ciudadanos, redes culturales, escenarios de escuelas, modelos educativos y nanoviolencias.  ii.- Marco te\u00f3rico  plat\u00f3n es la figura emergente que encontr\u00f3 el primer \u00c2\u00bfsentido de la violen-cia\u00c2\u00bf tras situar su origen en la injusticia, al igual que hizo h.C\u00e1mara en el siglo xx. La iglesia sostuvo a partir d e santo tom\u00e1s, y as\u00ed ha permaneci-do, per secula seculorum, que la violencia tiene su fundamento en el princi-pio de leg\u00edtima defensa, olvid\u00e1ndose de aquel viejo criterio evang\u00e9lico, mantenido por la patr\u00edstica, de \u00c2\u00bfponer la otra mejilla\u00c2\u00bf.  el natura lismo cient\u00edfico legitima la violencia por la capacidad de adapta-ci\u00f3n, argumentando que el ser humano procede de fieras carn\u00edvoras y, de acuerdo con su naturaleza, seguir\u00e1 siendo una especie que acosa y mata, mostrando lo inevitable de la superviven cia y de la adaptaci\u00f3n, tesis mantenida por teor\u00edas biol\u00f3g\u00edcas, criminol\u00f3gicas y psicoanal\u00edticas, en el sentido freudiano, tras definir a la violencia como un quantum de energ\u00eda o instinto ligado a la muerte.  friedrich hacker  afirma con rotundidad que agresi\u00f3n y violencia est\u00e1n de-terminados por factores hereditarios espec\u00edficos, estructuras del sistema nervioso, influencias psicosociales, y por el aprendizaje de modelos cultu-rales.   iii.- Etiolog\u00eda de la violencia escolar  en el \u00e1mbito de l a violencia escolar se observan dos posturas irreconcilia-bles sobre el origen de la misma: una, postulada por investigadores y auto-res franceses, que la sit\u00faan en las entra\u00f1as de la escuela por ausencia\/inca-pacidad de definir misiones\/visiones, va lores, creencias, organizaci\u00f3n, me-tas, etc; y otra, que sigue la l\u00ednea tradicional de la escuela de chicago y teor\u00edas ecol\u00f3gicas norteamericanas, que defiende que la violencia viene de fuera, de la calle, del \u00c2\u00bfambiente\u00c2\u00bf.  junto a esas posturas encon<\/p>\n<p>&nbsp;<\/p>\n<h3>Datos acad\u00e9micos de la tesis doctoral \u00ab<strong>Sentido de la violencia escolar<\/strong>\u00ab<\/h3>\n<ul>\n<li><strong>T\u00edtulo de la tesis:<\/strong>\u00a0 Sentido de la violencia escolar <\/li>\n<li><strong>Autor:<\/strong>\u00a0 Julio Gabino De Ant\u00f3n L\u00f3pez <\/li>\n<li><strong>Universidad:<\/strong>\u00a0 Complutense de Madrid<\/li>\n<li><strong>Fecha de lectura de la tesis:<\/strong>\u00a0 19\/05\/2010<\/li>\n<\/ul>\n<p>&nbsp;<\/p>\n<h3>Direcci\u00f3n y tribunal<\/h3>\n<ul>\n<li><strong>Director de la tesis<\/strong>\n<ul>\n<li>Jes\u00fas Mart\u00edn Ram\u00edrez<\/li>\n<\/ul>\n<\/li>\n<li><strong>Tribunal<\/strong>\n<ul>\n<li>Presidente del tribunal: Jos\u00e9 vicente Merino fernandez <\/li>\n<li>eduardo P\u00e1saro m\u00e9ndez (vocal)<\/li>\n<li>Luis Buceta facorro (vocal)<\/li>\n<li>Juan Saez carreras (vocal)<\/li>\n<\/ul>\n<\/li>\n<\/ul>\n<p>&nbsp;<\/p>\n","protected":false},"excerpt":{"rendered":"<p>Tesis doctoral de Julio Gabino De Ant\u00f3n L\u00f3pez Tesis doctoral sentido de la violencia escolar \u00edndice capitular de la tesis [&hellip;]<\/p>\n","protected":false},"author":1,"featured_media":0,"comment_status":"open","ping_status":"open","sticky":false,"template":"","format":"standard","meta":{"site-sidebar-layout":"default","site-content-layout":"","ast-site-content-layout":"","site-content-style":"default","site-sidebar-style":"default","ast-global-header-display":"","ast-banner-title-visibility":"","ast-main-header-display":"","ast-hfb-above-header-display":"","ast-hfb-below-header-display":"","ast-hfb-mobile-header-display":"","site-post-title":"","ast-breadcrumbs-content":"","ast-featured-img":"","footer-sml-layout":"","theme-transparent-header-meta":"","adv-header-id-meta":"","stick-header-meta":"","header-above-stick-meta":"","header-main-stick-meta":"","header-below-stick-meta":"","astra-migrate-meta-layouts":"default","ast-page-background-enabled":"default","ast-page-background-meta":{"desktop":{"background-color":"var(--ast-global-color-4)","background-image":"","background-repeat":"repeat","background-position":"center center","background-size":"auto","background-attachment":"scroll","background-type":"","background-media":"","overlay-type":"","overlay-color":"","overlay-gradient":""},"tablet":{"background-color":"","background-image":"","background-repeat":"repeat","background-position":"center center","background-size":"auto","background-attachment":"scroll","background-type":"","background-media":"","overlay-type":"","overlay-color":"","overlay-gradient":""},"mobile":{"background-color":"","background-image":"","background-repeat":"repeat","background-position":"center center","background-size":"auto","background-attachment":"scroll","background-type":"","background-media":"","overlay-type":"","overlay-color":"","overlay-gradient":""}},"ast-content-background-meta":{"desktop":{"background-color":"var(--ast-global-color-5)","background-image":"","background-repeat":"repeat","background-position":"center center","background-size":"auto","background-attachment":"scroll","background-type":"","background-media":"","overlay-type":"","overlay-color":"","overlay-gradient":""},"tablet":{"background-color":"var(--ast-global-color-5)","background-image":"","background-repeat":"repeat","background-position":"center center","background-size":"auto","background-attachment":"scroll","background-type":"","background-media":"","overlay-type":"","overlay-color":"","overlay-gradient":""},"mobile":{"background-color":"var(--ast-global-color-5)","background-image":"","background-repeat":"repeat","background-position":"center center","background-size":"auto","background-attachment":"scroll","background-type":"","background-media":"","overlay-type":"","overlay-color":"","overlay-gradient":""}},"footnotes":""},"categories":[1],"tags":[71813,64704,5842,8687,205416,6170],"class_list":["post-100972","post","type-post","status-publish","format-standard","hentry","category-sin-categoria","tag-eduardo-pasaro-mendez","tag-jesus-martin-ramirez","tag-jose-vicente-merino-fernandez","tag-juan-saez-carreras","tag-julio-gabino-de-anton-lopez","tag-luis-buceta-facorro"],"_links":{"self":[{"href":"https:\/\/www.deberes.net\/tesis\/wp-json\/wp\/v2\/posts\/100972","targetHints":{"allow":["GET"]}}],"collection":[{"href":"https:\/\/www.deberes.net\/tesis\/wp-json\/wp\/v2\/posts"}],"about":[{"href":"https:\/\/www.deberes.net\/tesis\/wp-json\/wp\/v2\/types\/post"}],"author":[{"embeddable":true,"href":"https:\/\/www.deberes.net\/tesis\/wp-json\/wp\/v2\/users\/1"}],"replies":[{"embeddable":true,"href":"https:\/\/www.deberes.net\/tesis\/wp-json\/wp\/v2\/comments?post=100972"}],"version-history":[{"count":0,"href":"https:\/\/www.deberes.net\/tesis\/wp-json\/wp\/v2\/posts\/100972\/revisions"}],"wp:attachment":[{"href":"https:\/\/www.deberes.net\/tesis\/wp-json\/wp\/v2\/media?parent=100972"}],"wp:term":[{"taxonomy":"category","embeddable":true,"href":"https:\/\/www.deberes.net\/tesis\/wp-json\/wp\/v2\/categories?post=100972"},{"taxonomy":"post_tag","embeddable":true,"href":"https:\/\/www.deberes.net\/tesis\/wp-json\/wp\/v2\/tags?post=100972"}],"curies":[{"name":"wp","href":"https:\/\/api.w.org\/{rel}","templated":true}]}}