{"id":100987,"date":"2018-03-11T10:22:38","date_gmt":"2018-03-11T10:22:38","guid":{"rendered":"https:\/\/www.deberes.net\/tesis\/sin-categoria\/iglesia-y-arte-en-el-mundo-contemporaneo\/"},"modified":"2018-03-11T10:22:38","modified_gmt":"2018-03-11T10:22:38","slug":"iglesia-y-arte-en-el-mundo-contemporaneo","status":"publish","type":"post","link":"https:\/\/www.deberes.net\/tesis\/historia-del-arte-de-los-siglos-xix-y-xx\/iglesia-y-arte-en-el-mundo-contemporaneo\/","title":{"rendered":"Iglesia y arte en el mundo contempor\u00e1neo"},"content":{"rendered":"<h2>Tesis doctoral de <strong> Victor Javier Marin Navarro <\/strong><\/h2>\n<p>La presente tesis es un estudio del arte cristiano contempor\u00e1neo durante los siglos xix y xx. Pretende ofrecer una visi\u00f3n global y sistem\u00e1tica de la historia del arte cristiano entre 1831-1959, analizando el contexto eclesi\u00e1stico y las diferentes tendencias del arte cristiano conjuntamente, como una realidad compleja e indivisible en la que diversos factores eclesi\u00e1sticos y art\u00edsticos se hallan interconectados.  la tesis cuenta con una introducci\u00f3n en la que se expone la justificaci\u00f3n del tema de investigaci\u00f3n, su objeto de estudio, precisiones cronol\u00f3gicas y metodol\u00f3gicas, tratamiento anterior del tema, objetivos de la tesis y agradecimientos.  el cap\u00edtulo i trata sobre la vida eclesi\u00e1stica y el arte cristiano entre 1831 y 1939. En este per\u00edodo, se produce el triunfo de la modernidad en el terreno pol\u00edtico, socioecon\u00f3mico y cultural, desplazando la posici\u00f3n central de la iglesia en el antiguo r\u00e9gimen. La iglesia inici\u00f3 un proceso de cr\u00edtica hacia las nuevas ideas y de repliegue en s\u00ed misma que qued\u00f3 de manifiesto en procesos como el rechazo del mundo contempor\u00e1neo presente en el magisterio pontificio, el movimiento ultramontano, la recuperaci\u00f3n de la teolog\u00eda escol\u00e1stica, y una situaci\u00f3n continuista dominante en la pastoral, el clero, las devociones y la espiritualidad. Este contexto motiv\u00f3 que de manera amplia, el arte cristiano apostase por lenguajes historicistas, cuyas fuentes de inspiraci\u00f3n se encontraban en el pasado.   el cap\u00edtulo ii describe el contexto eclesi\u00e1stico y el proceso por el que<\/p>\n<p>&nbsp;<\/p>\n<h3>Datos acad\u00e9micos de la tesis doctoral \u00ab<strong>Iglesia y arte en el mundo contempor\u00e1neo<\/strong>\u00ab<\/h3>\n<ul>\n<li><strong>T\u00edtulo de la tesis:<\/strong>\u00a0 Iglesia y arte en el mundo contempor\u00e1neo <\/li>\n<li><strong>Autor:<\/strong>\u00a0 Victor Javier Marin Navarro <\/li>\n<li><strong>Universidad:<\/strong>\u00a0 Murcia<\/li>\n<li><strong>Fecha de lectura de la tesis:<\/strong>\u00a0 20\/05\/2010<\/li>\n<\/ul>\n<p>&nbsp;<\/p>\n<h3>Direcci\u00f3n y tribunal<\/h3>\n<ul>\n<li><strong>Director de la tesis<\/strong>\n<ul>\n<li>Pedro Riquelme Oliva<\/li>\n<\/ul>\n<\/li>\n<li><strong>Tribunal<\/strong>\n<ul>\n<li>Presidente del tribunal: german Ramallo asensio <\/li>\n<li>Juan  Antonio Sanchez lopez (vocal)<\/li>\n<li>Rafael Sanz valdivieso (vocal)<\/li>\n<li>Jes\u00fas Francisco Rivas carmona (vocal)<\/li>\n<\/ul>\n<\/li>\n<\/ul>\n<p>&nbsp;<\/p>\n","protected":false},"excerpt":{"rendered":"<p>Tesis doctoral de Victor Javier Marin Navarro La presente tesis es un estudio del arte cristiano contempor\u00e1neo durante los siglos [&hellip;]<\/p>\n","protected":false},"author":1,"featured_media":0,"comment_status":"open","ping_status":"open","sticky":false,"template":"","format":"standard","meta":{"site-sidebar-layout":"default","site-content-layout":"","ast-site-content-layout":"","site-content-style":"default","site-sidebar-style":"default","ast-global-header-display":"","ast-banner-title-visibility":"","ast-main-header-display":"","ast-hfb-above-header-display":"","ast-hfb-below-header-display":"","ast-hfb-mobile-header-display":"","site-post-title":"","ast-breadcrumbs-content":"","ast-featured-img":"","footer-sml-layout":"","theme-transparent-header-meta":"","adv-header-id-meta":"","stick-header-meta":"","header-above-stick-meta":"","header-main-stick-meta":"","header-below-stick-meta":"","astra-migrate-meta-layouts":"default","ast-page-background-enabled":"default","ast-page-background-meta":{"desktop":{"background-color":"var(--ast-global-color-4)","background-image":"","background-repeat":"repeat","background-position":"center center","background-size":"auto","background-attachment":"scroll","background-type":"","background-media":"","overlay-type":"","overlay-color":"","overlay-gradient":""},"tablet":{"background-color":"","background-image":"","background-repeat":"repeat","background-position":"center center","background-size":"auto","background-attachment":"scroll","background-type":"","background-media":"","overlay-type":"","overlay-color":"","overlay-gradient":""},"mobile":{"background-color":"","background-image":"","background-repeat":"repeat","background-position":"center center","background-size":"auto","background-attachment":"scroll","background-type":"","background-media":"","overlay-type":"","overlay-color":"","overlay-gradient":""}},"ast-content-background-meta":{"desktop":{"background-color":"var(--ast-global-color-5)","background-image":"","background-repeat":"repeat","background-position":"center center","background-size":"auto","background-attachment":"scroll","background-type":"","background-media":"","overlay-type":"","overlay-color":"","overlay-gradient":""},"tablet":{"background-color":"var(--ast-global-color-5)","background-image":"","background-repeat":"repeat","background-position":"center center","background-size":"auto","background-attachment":"scroll","background-type":"","background-media":"","overlay-type":"","overlay-color":"","overlay-gradient":""},"mobile":{"background-color":"var(--ast-global-color-5)","background-image":"","background-repeat":"repeat","background-position":"center center","background-size":"auto","background-attachment":"scroll","background-type":"","background-media":"","overlay-type":"","overlay-color":"","overlay-gradient":""}},"footnotes":""},"categories":[3967,2563,8235],"tags":[8187,69044,8184,205440,205441,205439],"class_list":["post-100987","post","type-post","status-publish","format-standard","hentry","category-historia-de-la-iglesia","category-historia-del-arte-de-los-siglos-xix-y-xx","category-murcia","tag-german-ramallo-asensio","tag-jesus-francisco-rivas-carmona","tag-juan-antonio-sanchez-lopez","tag-pedro-riquelme-oliva","tag-rafael-sanz-valdivieso","tag-victor-javier-marin-navarro"],"_links":{"self":[{"href":"https:\/\/www.deberes.net\/tesis\/wp-json\/wp\/v2\/posts\/100987","targetHints":{"allow":["GET"]}}],"collection":[{"href":"https:\/\/www.deberes.net\/tesis\/wp-json\/wp\/v2\/posts"}],"about":[{"href":"https:\/\/www.deberes.net\/tesis\/wp-json\/wp\/v2\/types\/post"}],"author":[{"embeddable":true,"href":"https:\/\/www.deberes.net\/tesis\/wp-json\/wp\/v2\/users\/1"}],"replies":[{"embeddable":true,"href":"https:\/\/www.deberes.net\/tesis\/wp-json\/wp\/v2\/comments?post=100987"}],"version-history":[{"count":0,"href":"https:\/\/www.deberes.net\/tesis\/wp-json\/wp\/v2\/posts\/100987\/revisions"}],"wp:attachment":[{"href":"https:\/\/www.deberes.net\/tesis\/wp-json\/wp\/v2\/media?parent=100987"}],"wp:term":[{"taxonomy":"category","embeddable":true,"href":"https:\/\/www.deberes.net\/tesis\/wp-json\/wp\/v2\/categories?post=100987"},{"taxonomy":"post_tag","embeddable":true,"href":"https:\/\/www.deberes.net\/tesis\/wp-json\/wp\/v2\/tags?post=100987"}],"curies":[{"name":"wp","href":"https:\/\/api.w.org\/{rel}","templated":true}]}}