{"id":101040,"date":"2018-03-11T10:22:43","date_gmt":"2018-03-11T10:22:43","guid":{"rendered":"https:\/\/www.deberes.net\/tesis\/sin-categoria\/las-pola%c2%adticas-publicas-de-la-union-europea-ante-el-despertar-economico-del-gigante-chino\/"},"modified":"2018-03-11T10:22:43","modified_gmt":"2018-03-11T10:22:43","slug":"las-pola%c2%adticas-publicas-de-la-union-europea-ante-el-despertar-economico-del-gigante-chino","status":"publish","type":"post","link":"https:\/\/www.deberes.net\/tesis\/relaciones-comerciales-internacionales\/las-pola%c2%adticas-publicas-de-la-union-europea-ante-el-despertar-economico-del-gigante-chino\/","title":{"rendered":"Las pol\u00edticas p\u00fablicas de la uni\u00f3n europea ante el despertar econ\u00f3mico del gigante chino"},"content":{"rendered":"<h2>Tesis doctoral de <strong> Jos\u00e9 Antonio Maiza Larrarte <\/strong><\/h2>\n<p>La irrupci\u00f3n de china en el escenario econ\u00f3mico internacional y su consolidaci\u00f3n como gran potencia representa uno de los principales hechos que se han registrado en la historia econ\u00f3mica m\u00e1s reciente. La nueva dimensi\u00f3n econ\u00f3mica de la rpc ha modificado sustancialmente los patrones de comercio e inversi\u00f3n internacional y tiene una repercusi\u00f3n en el juego de alianzas internacionales que trasciende lo meramente econ\u00f3mico.  en esta tesis doctoral se examina la evoluci\u00f3n de las pol\u00edticas p\u00fablicas dise\u00f1adas por la uni\u00f3n europea ante el continuo y destacado crecimiento de china desde el inicio de las reformas econ\u00f3micas impulsadas por deng xiao peng en 1978. De este an\u00e1lisis se desprende que las pol\u00edticas de la uni\u00f3n hacia la rpc no se ajustan a una estrategia previamente definida, sino que m\u00e1s bien se configuran como un conjunto de decisiones adoptadas de forma reactiva en un entorno caracterizado por el desconcierto causado por la acelerada expansi\u00f3n econ\u00f3mica de china. Por otra parte, tambi\u00e9n se deduce que hablar de pol\u00edticas p\u00fablicas de la uni\u00f3n europea resulta hasta cierto punto enga\u00f1oso, ya que con relativa asiduidad los estados miembros m\u00e1s influyentes de la ue adoptan decisiones relevantes de forma unilateral, lo que debilita un posicionamiento exterior s\u00f3lido y claro de la uni\u00f3n en su conjunto.  asimismo, cabe destacar que se aprecia que las pol\u00edticas m\u00e1s recientes indican que la uni\u00f3n ya no contempla tanto a china como un pa\u00eds que plantea principalmente oportunidades y con el que conviene cooperar, sino m\u00e1s bien como un pa\u00eds que representa una amenaza al bienestar econ\u00f3mico de la poblaci\u00f3n europea y del que es recomendable protegerse. Este giro hacia pol\u00edticas m\u00e1s proteccionistas, se concluye, puede poner en peligro la competitividad econ\u00f3mica europea a largo plazo.<\/p>\n<p>&nbsp;<\/p>\n<h3>Datos acad\u00e9micos de la tesis doctoral \u00ab<strong>Las pol\u00edticas p\u00fablicas de la uni\u00f3n europea ante el despertar econ\u00f3mico del gigante chino<\/strong>\u00ab<\/h3>\n<ul>\n<li><strong>T\u00edtulo de la tesis:<\/strong>\u00a0 Las pol\u00edticas p\u00fablicas de la uni\u00f3n europea ante el despertar econ\u00f3mico del gigante chino <\/li>\n<li><strong>Autor:<\/strong>\u00a0 Jos\u00e9 Antonio Maiza Larrarte <\/li>\n<li><strong>Universidad:<\/strong>\u00a0 Pa\u00eds vasco\/euskal herriko unibertsitatea<\/li>\n<li><strong>Fecha de lectura de la tesis:<\/strong>\u00a0 21\/05\/2010<\/li>\n<\/ul>\n<p>&nbsp;<\/p>\n<h3>Direcci\u00f3n y tribunal<\/h3>\n<ul>\n<li><strong>Director de la tesis<\/strong>\n<ul>\n<li>Ricardo Bustillo Mesanza<\/li>\n<\/ul>\n<\/li>\n<li><strong>Tribunal<\/strong>\n<ul>\n<li>Presidente del tribunal: milagros Garcia crespo <\/li>\n<li>gumersindo Ruiz bravo de mansilla (vocal)<\/li>\n<li>josefa eugenia Fernandez arufe (vocal)<\/li>\n<li>Jos\u00e9 Mar\u00eda Jord\u00e1n galduf (vocal)<\/li>\n<\/ul>\n<\/li>\n<\/ul>\n<p>&nbsp;<\/p>\n","protected":false},"excerpt":{"rendered":"<p>Tesis doctoral de Jos\u00e9 Antonio Maiza Larrarte La irrupci\u00f3n de china en el escenario econ\u00f3mico internacional y su consolidaci\u00f3n como [&hellip;]<\/p>\n","protected":false},"author":1,"featured_media":0,"comment_status":"open","ping_status":"open","sticky":false,"template":"","format":"standard","meta":{"site-sidebar-layout":"default","site-content-layout":"","ast-site-content-layout":"","site-content-style":"default","site-sidebar-style":"default","ast-global-header-display":"","ast-banner-title-visibility":"","ast-main-header-display":"","ast-hfb-above-header-display":"","ast-hfb-below-header-display":"","ast-hfb-mobile-header-display":"","site-post-title":"","ast-breadcrumbs-content":"","ast-featured-img":"","footer-sml-layout":"","theme-transparent-header-meta":"","adv-header-id-meta":"","stick-header-meta":"","header-above-stick-meta":"","header-main-stick-meta":"","header-below-stick-meta":"","astra-migrate-meta-layouts":"default","ast-page-background-enabled":"default","ast-page-background-meta":{"desktop":{"background-color":"var(--ast-global-color-4)","background-image":"","background-repeat":"repeat","background-position":"center center","background-size":"auto","background-attachment":"scroll","background-type":"","background-media":"","overlay-type":"","overlay-color":"","overlay-gradient":""},"tablet":{"background-color":"","background-image":"","background-repeat":"repeat","background-position":"center center","background-size":"auto","background-attachment":"scroll","background-type":"","background-media":"","overlay-type":"","overlay-color":"","overlay-gradient":""},"mobile":{"background-color":"","background-image":"","background-repeat":"repeat","background-position":"center center","background-size":"auto","background-attachment":"scroll","background-type":"","background-media":"","overlay-type":"","overlay-color":"","overlay-gradient":""}},"ast-content-background-meta":{"desktop":{"background-color":"var(--ast-global-color-5)","background-image":"","background-repeat":"repeat","background-position":"center center","background-size":"auto","background-attachment":"scroll","background-type":"","background-media":"","overlay-type":"","overlay-color":"","overlay-gradient":""},"tablet":{"background-color":"var(--ast-global-color-5)","background-image":"","background-repeat":"repeat","background-position":"center center","background-size":"auto","background-attachment":"scroll","background-type":"","background-media":"","overlay-type":"","overlay-color":"","overlay-gradient":""},"mobile":{"background-color":"var(--ast-global-color-5)","background-image":"","background-repeat":"repeat","background-position":"center center","background-size":"auto","background-attachment":"scroll","background-type":"","background-media":"","overlay-type":"","overlay-color":"","overlay-gradient":""}},"footnotes":""},"categories":[994,12677,12909,18365,84],"tags":[20562,205533,11698,12732,12733,54547],"class_list":["post-101040","post","type-post","status-publish","format-standard","hentry","category-comercio-exterior","category-negocios-internacionales","category-pais-vasco-euskal-herriko-unibertsitatea","category-politica-economica-internacional","category-relaciones-comerciales-internacionales","tag-gumersindo-ruiz-bravo-de-mansilla","tag-jose-antonio-maiza-larrarte","tag-jose-maria-jordan-galduf","tag-josefa-eugenia-fernandez-arufe","tag-milagros-garcia-crespo","tag-ricardo-bustillo-mesanza"],"_links":{"self":[{"href":"https:\/\/www.deberes.net\/tesis\/wp-json\/wp\/v2\/posts\/101040","targetHints":{"allow":["GET"]}}],"collection":[{"href":"https:\/\/www.deberes.net\/tesis\/wp-json\/wp\/v2\/posts"}],"about":[{"href":"https:\/\/www.deberes.net\/tesis\/wp-json\/wp\/v2\/types\/post"}],"author":[{"embeddable":true,"href":"https:\/\/www.deberes.net\/tesis\/wp-json\/wp\/v2\/users\/1"}],"replies":[{"embeddable":true,"href":"https:\/\/www.deberes.net\/tesis\/wp-json\/wp\/v2\/comments?post=101040"}],"version-history":[{"count":0,"href":"https:\/\/www.deberes.net\/tesis\/wp-json\/wp\/v2\/posts\/101040\/revisions"}],"wp:attachment":[{"href":"https:\/\/www.deberes.net\/tesis\/wp-json\/wp\/v2\/media?parent=101040"}],"wp:term":[{"taxonomy":"category","embeddable":true,"href":"https:\/\/www.deberes.net\/tesis\/wp-json\/wp\/v2\/categories?post=101040"},{"taxonomy":"post_tag","embeddable":true,"href":"https:\/\/www.deberes.net\/tesis\/wp-json\/wp\/v2\/tags?post=101040"}],"curies":[{"name":"wp","href":"https:\/\/api.w.org\/{rel}","templated":true}]}}