{"id":101060,"date":"2018-03-11T10:22:43","date_gmt":"2018-03-11T10:22:43","guid":{"rendered":"https:\/\/www.deberes.net\/tesis\/sin-categoria\/analisis-del-plan-de-atencion-dental-infantil-del-paa%c2%ads-vasco-1991-2008\/"},"modified":"2018-03-11T10:22:43","modified_gmt":"2018-03-11T10:22:43","slug":"analisis-del-plan-de-atencion-dental-infantil-del-paa%c2%ads-vasco-1991-2008","status":"publish","type":"post","link":"https:\/\/www.deberes.net\/tesis\/alfonso-x-el-sabio\/analisis-del-plan-de-atencion-dental-infantil-del-paa%c2%ads-vasco-1991-2008\/","title":{"rendered":"An\u00e1lisis del plan de atenci\u00f3n dental infantil del pa\u00eds vasco: 1991-2008"},"content":{"rendered":"<h2>Tesis doctoral de <strong> Andr\u00e9s Ignacio Garcia Notario <\/strong><\/h2>\n<p>Los objetivos del presente trabajo de investigaci\u00f3n son los siguientes: 1.-Conocer el desarrollo de la del padi a lo largo del periodo 1991-2008. 2.-Conocer el impacto del padi sobre la poblaci\u00f3n a lo largo del periodo 1991-2008. 3.- Conocer la actividad de los dentistas de cabecera (ddc) y su comparaci\u00f3n con la realizada por los dentistas servicio dental comunitario (sdc). 4.- Conocer las tendencias que se puedan inferir del an\u00e1lisis de los datos recogidos de cara a los pr\u00f3ximos a\u00f1os. 5.- Evaluar el grado de cumplimiento por osakidetza-svs (sistema vasco de salud), en el periodo 1991-2008, de los objetivos operativos del padi. 6.- Conocer las tendencias de las diferentes cohortes de edad que identifican diferentes evoluciones en el \u00edndice caod haciendo especial incidencia en aquellos ni\u00f1os que cumplieron la totalidad del programa desde los 7 a los 15 a\u00f1os. 7.- Identificar los posibles factores piscol\u00f3gicos, evolutivos y motivacionales que puedan estar afectando al \u00e9xito del plan debido a los cambios que ocurren en las diferentes edades.<\/p>\n<p>&nbsp;<\/p>\n<h3>Datos acad\u00e9micos de la tesis doctoral \u00ab<strong>An\u00e1lisis del plan de atenci\u00f3n dental infantil del pa\u00eds vasco: 1991-2008<\/strong>\u00ab<\/h3>\n<ul>\n<li><strong>T\u00edtulo de la tesis:<\/strong>\u00a0 An\u00e1lisis del plan de atenci\u00f3n dental infantil del pa\u00eds vasco: 1991-2008 <\/li>\n<li><strong>Autor:<\/strong>\u00a0 Andr\u00e9s Ignacio Garcia Notario <\/li>\n<li><strong>Universidad:<\/strong>\u00a0 Alfonso x el sabio<\/li>\n<li><strong>Fecha de lectura de la tesis:<\/strong>\u00a0 22\/05\/2010<\/li>\n<\/ul>\n<p>&nbsp;<\/p>\n<h3>Direcci\u00f3n y tribunal<\/h3>\n<ul>\n<li><strong>Director de la tesis<\/strong>\n<ul>\n<li>Ruiz Javier Lopez Del Moral<\/li>\n<\/ul>\n<\/li>\n<li><strong>Tribunal<\/strong>\n<ul>\n<li>Presidente del tribunal: Jos\u00e9 Antonio Arias naval\u00f3n <\/li>\n<li>M\u00aa luz Cuadrado perez (vocal)<\/li>\n<li>M\u00aa rosa Salas labayen (vocal)<\/li>\n<li>Ana isabel Lopez de andres (vocal)<\/li>\n<\/ul>\n<\/li>\n<\/ul>\n<p>&nbsp;<\/p>\n","protected":false},"excerpt":{"rendered":"<p>Tesis doctoral de Andr\u00e9s Ignacio Garcia Notario Los objetivos del presente trabajo de investigaci\u00f3n son los siguientes: 1.-Conocer el desarrollo [&hellip;]<\/p>\n","protected":false},"author":1,"featured_media":0,"comment_status":"open","ping_status":"open","sticky":false,"template":"","format":"standard","meta":{"site-sidebar-layout":"default","site-content-layout":"","ast-site-content-layout":"","site-content-style":"default","site-sidebar-style":"default","ast-global-header-display":"","ast-banner-title-visibility":"","ast-main-header-display":"","ast-hfb-above-header-display":"","ast-hfb-below-header-display":"","ast-hfb-mobile-header-display":"","site-post-title":"","ast-breadcrumbs-content":"","ast-featured-img":"","footer-sml-layout":"","theme-transparent-header-meta":"","adv-header-id-meta":"","stick-header-meta":"","header-above-stick-meta":"","header-main-stick-meta":"","header-below-stick-meta":"","astra-migrate-meta-layouts":"default","ast-page-background-enabled":"default","ast-page-background-meta":{"desktop":{"background-color":"var(--ast-global-color-4)","background-image":"","background-repeat":"repeat","background-position":"center center","background-size":"auto","background-attachment":"scroll","background-type":"","background-media":"","overlay-type":"","overlay-color":"","overlay-gradient":""},"tablet":{"background-color":"","background-image":"","background-repeat":"repeat","background-position":"center center","background-size":"auto","background-attachment":"scroll","background-type":"","background-media":"","overlay-type":"","overlay-color":"","overlay-gradient":""},"mobile":{"background-color":"","background-image":"","background-repeat":"repeat","background-position":"center center","background-size":"auto","background-attachment":"scroll","background-type":"","background-media":"","overlay-type":"","overlay-color":"","overlay-gradient":""}},"ast-content-background-meta":{"desktop":{"background-color":"var(--ast-global-color-5)","background-image":"","background-repeat":"repeat","background-position":"center center","background-size":"auto","background-attachment":"scroll","background-type":"","background-media":"","overlay-type":"","overlay-color":"","overlay-gradient":""},"tablet":{"background-color":"var(--ast-global-color-5)","background-image":"","background-repeat":"repeat","background-position":"center center","background-size":"auto","background-attachment":"scroll","background-type":"","background-media":"","overlay-type":"","overlay-color":"","overlay-gradient":""},"mobile":{"background-color":"var(--ast-global-color-5)","background-image":"","background-repeat":"repeat","background-position":"center center","background-size":"auto","background-attachment":"scroll","background-type":"","background-media":"","overlay-type":"","overlay-color":"","overlay-gradient":""}},"footnotes":""},"categories":[118994],"tags":[179226,205559,205560,59211,195931,104542],"class_list":["post-101060","post","type-post","status-publish","format-standard","hentry","category-alfonso-x-el-sabio","tag-ana-isabel-lopez-de-andres","tag-andres-ignacio-garcia-notario","tag-jose-antonio-arias-navalon","tag-ma-luz-cuadrado-perez","tag-ma-rosa-salas-labayen","tag-ruiz-javier-lopez-del-moral"],"_links":{"self":[{"href":"https:\/\/www.deberes.net\/tesis\/wp-json\/wp\/v2\/posts\/101060","targetHints":{"allow":["GET"]}}],"collection":[{"href":"https:\/\/www.deberes.net\/tesis\/wp-json\/wp\/v2\/posts"}],"about":[{"href":"https:\/\/www.deberes.net\/tesis\/wp-json\/wp\/v2\/types\/post"}],"author":[{"embeddable":true,"href":"https:\/\/www.deberes.net\/tesis\/wp-json\/wp\/v2\/users\/1"}],"replies":[{"embeddable":true,"href":"https:\/\/www.deberes.net\/tesis\/wp-json\/wp\/v2\/comments?post=101060"}],"version-history":[{"count":0,"href":"https:\/\/www.deberes.net\/tesis\/wp-json\/wp\/v2\/posts\/101060\/revisions"}],"wp:attachment":[{"href":"https:\/\/www.deberes.net\/tesis\/wp-json\/wp\/v2\/media?parent=101060"}],"wp:term":[{"taxonomy":"category","embeddable":true,"href":"https:\/\/www.deberes.net\/tesis\/wp-json\/wp\/v2\/categories?post=101060"},{"taxonomy":"post_tag","embeddable":true,"href":"https:\/\/www.deberes.net\/tesis\/wp-json\/wp\/v2\/tags?post=101060"}],"curies":[{"name":"wp","href":"https:\/\/api.w.org\/{rel}","templated":true}]}}