{"id":101062,"date":"2018-03-11T10:22:43","date_gmt":"2018-03-11T10:22:43","guid":{"rendered":"https:\/\/www.deberes.net\/tesis\/sin-categoria\/estudio-linga%c2%bca%c2%adstico-cultural-del-arabe-palestino-actual\/"},"modified":"2018-03-11T10:22:43","modified_gmt":"2018-03-11T10:22:43","slug":"estudio-linga%c2%bca%c2%adstico-cultural-del-arabe-palestino-actual","status":"publish","type":"post","link":"https:\/\/www.deberes.net\/tesis\/linguistica\/estudio-linga%c2%bca%c2%adstico-cultural-del-arabe-palestino-actual\/","title":{"rendered":"Estudio lingu\u00edstico cultural del \u00e1rabe palestino actual"},"content":{"rendered":"<h2>Tesis doctoral de <strong> Sharab Moayad Naeem Hamid <\/strong><\/h2>\n<p>El presente trabajo se ha realizado en el marco de las investigaciones del grupo de investigaci\u00f3n de ling\u00ed\u00bc\u00edstica tipol\u00f3gica y experimental (gilte) de la universidad de granada dirigido por el profesor luque dur\u00e1n, y m\u00e1s concretamente dentro de las investigaciones llevadas a cabo por el proyecto de excelencia de la junta de andaluc\u00eda proyecto de desarrollo de un repertorio l\u00e9xico intercultural y multiling\u00ed\u00bce (espa\u00f1ol-ingl\u00e9s-alem\u00e1n-ruso-\u00e1rabe) con c\u00f3digo p06-hum-2199.   los objetivos del estudio son los de estudiar las relaciones entre lenguaje y cultura en sus distintos aspectos, especialmente en lo que afecta a la ense\u00f1anza y aprendizaje de lenguas, a la traductolog\u00eda y a la mediaci\u00f3n intercultural.   el trabajo estudio ling\u00ed\u00bc\u00edstico cultural del \u00e1rabe palestino actual consiste en una seria de apartados: una introducci\u00f3n general a las relaciones de lenguaje y cultura en la que se esboza el modelo te\u00f3rico que sirve de marco a dicho estudio; otro apartado dedicado a la cultura y lengua \u00e1rabes como contexto general en el cual se inscribe la lengua y cultura palestina. Como en el apartado anterior se parte de una bibliograf\u00eda muy completa y se clarifican aquellos aspectos generales de la lengua y cultura \u00e1rabe de los que participan los palestinos as\u00f3 como la especificad de la lengua y cultura palestina determinados por su peculiar situaci\u00f3n geogr\u00e1fica e hist\u00f3rica.    siguiendo modelos heur\u00edsticos desarrollados por diferentes autores se estudia la especificad de la cultura palestina a trav\u00e9s del estudio de palabras espec\u00edficas de la cultura palestina y palabras clave. Una amplia selecci\u00f3n de estas palabras culturales articula un exacto y detallado panorama de los palestinos en la actualidad. El investigador no s\u00f3lo ha utilizado libros, diccionarios y art\u00edculos disponibles sino tambi\u00e9n materiales procedentes de medios como televisi\u00f3n, radio, peri\u00f3dicos, octavillas, letreros y ejemplos de habla cotidiana.   otro apartado dentro de la tesis nos introduce en la fraseolog\u00eda y paremiolog\u00eda \u00e1rabe como medio de expresi\u00f3n de la mentalidad del pueblo palestino. Las peculiares relaciones sociales, familiares, pol\u00edticas, etc., En el seno de la comunidad palestina quedan plasmadas en expresiones fraseol\u00f3gicas o paremiol\u00f3gicas que no solamente reflejan una manera de pensar y sentir sino que constituyen un instrumento mediante el cual se contribuye a perpetuar y a transmitir de padre a hijos una determinada ideolog\u00eda. Especialmente de inter\u00e9s es la descripci\u00f3n de las nociones de g\u00e9nero y poder en el \u00e1mbito palestino; los roles masculino y femenino; la compleja estructura familiar; los valores con los que se mide respectivamente al hombre y a la mujer como modelos sociales aceptables y tambi\u00e9n las relaciones padre-hijo, madre-hija, hermanos, cu\u00f1ados, las relaciones vecinales, las relaciones de amistad, etc.   el detallado estudio de todo lo anteriormente mencionado nos permites comprender cuales son los juicios y prejuicios de la sociedad palestina y suponen una plataforma inestimable para aquellos que por cuestiones privadas, comerciales, o de otro tipo, deseen realmente conocer la mentalidad del pueblo palestino.<\/p>\n<p>&nbsp;<\/p>\n<h3>Datos acad\u00e9micos de la tesis doctoral \u00ab<strong>Estudio lingu\u00edstico cultural del \u00e1rabe palestino actual<\/strong>\u00ab<\/h3>\n<ul>\n<li><strong>T\u00edtulo de la tesis:<\/strong>\u00a0 Estudio lingu\u00edstico cultural del \u00e1rabe palestino actual <\/li>\n<li><strong>Autor:<\/strong>\u00a0 Sharab Moayad Naeem Hamid <\/li>\n<li><strong>Universidad:<\/strong>\u00a0 Granada<\/li>\n<li><strong>Fecha de lectura de la tesis:<\/strong>\u00a0 22\/05\/2010<\/li>\n<\/ul>\n<p>&nbsp;<\/p>\n<h3>Direcci\u00f3n y tribunal<\/h3>\n<ul>\n<li><strong>Director de la tesis<\/strong>\n<ul>\n<li>Juan  De Dios Luque Duran<\/li>\n<\/ul>\n<\/li>\n<li><strong>Tribunal<\/strong>\n<ul>\n<li>Presidente del tribunal: Antonio Pamies bertran <\/li>\n<li>sharif Kanaaneh (vocal)<\/li>\n<li>Emilio Ortega arjonilla (vocal)<\/li>\n<li>lucia Luque nadal (vocal)<\/li>\n<\/ul>\n<\/li>\n<\/ul>\n<p>&nbsp;<\/p>\n","protected":false},"excerpt":{"rendered":"<p>Tesis doctoral de Sharab Moayad Naeem Hamid El presente trabajo se ha realizado en el marco de las investigaciones del [&hellip;]<\/p>\n","protected":false},"author":1,"featured_media":0,"comment_status":"open","ping_status":"open","sticky":false,"template":"","format":"standard","meta":{"site-sidebar-layout":"default","site-content-layout":"","ast-site-content-layout":"","site-content-style":"default","site-sidebar-style":"default","ast-global-header-display":"","ast-banner-title-visibility":"","ast-main-header-display":"","ast-hfb-above-header-display":"","ast-hfb-below-header-display":"","ast-hfb-mobile-header-display":"","site-post-title":"","ast-breadcrumbs-content":"","ast-featured-img":"","footer-sml-layout":"","theme-transparent-header-meta":"","adv-header-id-meta":"","stick-header-meta":"","header-above-stick-meta":"","header-main-stick-meta":"","header-below-stick-meta":"","astra-migrate-meta-layouts":"default","ast-page-background-enabled":"default","ast-page-background-meta":{"desktop":{"background-color":"var(--ast-global-color-4)","background-image":"","background-repeat":"repeat","background-position":"center center","background-size":"auto","background-attachment":"scroll","background-type":"","background-media":"","overlay-type":"","overlay-color":"","overlay-gradient":""},"tablet":{"background-color":"","background-image":"","background-repeat":"repeat","background-position":"center center","background-size":"auto","background-attachment":"scroll","background-type":"","background-media":"","overlay-type":"","overlay-color":"","overlay-gradient":""},"mobile":{"background-color":"","background-image":"","background-repeat":"repeat","background-position":"center center","background-size":"auto","background-attachment":"scroll","background-type":"","background-media":"","overlay-type":"","overlay-color":"","overlay-gradient":""}},"ast-content-background-meta":{"desktop":{"background-color":"var(--ast-global-color-5)","background-image":"","background-repeat":"repeat","background-position":"center center","background-size":"auto","background-attachment":"scroll","background-type":"","background-media":"","overlay-type":"","overlay-color":"","overlay-gradient":""},"tablet":{"background-color":"var(--ast-global-color-5)","background-image":"","background-repeat":"repeat","background-position":"center center","background-size":"auto","background-attachment":"scroll","background-type":"","background-media":"","overlay-type":"","overlay-color":"","overlay-gradient":""},"mobile":{"background-color":"var(--ast-global-color-5)","background-image":"","background-repeat":"repeat","background-position":"center center","background-size":"auto","background-attachment":"scroll","background-type":"","background-media":"","overlay-type":"","overlay-color":"","overlay-gradient":""}},"footnotes":""},"categories":[636,59],"tags":[4140,22236,3521,199243,205563,205564],"class_list":["post-101062","post","type-post","status-publish","format-standard","hentry","category-lengua-y-literatura","category-linguistica","tag-antonio-pamies-bertran","tag-emilio-ortega-arjonilla","tag-juan-de-dios-luque-duran","tag-lucia-luque-nadal","tag-sharab-moayad-naeem-hamid","tag-sharif-kanaaneh"],"_links":{"self":[{"href":"https:\/\/www.deberes.net\/tesis\/wp-json\/wp\/v2\/posts\/101062","targetHints":{"allow":["GET"]}}],"collection":[{"href":"https:\/\/www.deberes.net\/tesis\/wp-json\/wp\/v2\/posts"}],"about":[{"href":"https:\/\/www.deberes.net\/tesis\/wp-json\/wp\/v2\/types\/post"}],"author":[{"embeddable":true,"href":"https:\/\/www.deberes.net\/tesis\/wp-json\/wp\/v2\/users\/1"}],"replies":[{"embeddable":true,"href":"https:\/\/www.deberes.net\/tesis\/wp-json\/wp\/v2\/comments?post=101062"}],"version-history":[{"count":0,"href":"https:\/\/www.deberes.net\/tesis\/wp-json\/wp\/v2\/posts\/101062\/revisions"}],"wp:attachment":[{"href":"https:\/\/www.deberes.net\/tesis\/wp-json\/wp\/v2\/media?parent=101062"}],"wp:term":[{"taxonomy":"category","embeddable":true,"href":"https:\/\/www.deberes.net\/tesis\/wp-json\/wp\/v2\/categories?post=101062"},{"taxonomy":"post_tag","embeddable":true,"href":"https:\/\/www.deberes.net\/tesis\/wp-json\/wp\/v2\/tags?post=101062"}],"curies":[{"name":"wp","href":"https:\/\/api.w.org\/{rel}","templated":true}]}}