{"id":101075,"date":"2018-03-11T10:22:43","date_gmt":"2018-03-11T10:22:43","guid":{"rendered":"https:\/\/www.deberes.net\/tesis\/sin-categoria\/riesgo-cultura-y-trabajo-un-estudio-de-caso-de-la-pesca-en-galicia\/"},"modified":"2018-03-11T10:22:43","modified_gmt":"2018-03-11T10:22:43","slug":"riesgo-cultura-y-trabajo-un-estudio-de-caso-de-la-pesca-en-galicia","status":"publish","type":"post","link":"https:\/\/www.deberes.net\/tesis\/antropologia\/riesgo-cultura-y-trabajo-un-estudio-de-caso-de-la-pesca-en-galicia\/","title":{"rendered":"Riesgo, cultura y trabajo. un estudio de caso de la pesca en galicia"},"content":{"rendered":"<h2>Tesis doctoral de <strong> Enrique Ferm\u00edn Alonso Poblaci\u00f3n <\/strong><\/h2>\n<p>Esta tesis se centra en el estudio del riesgo en los procesos laborales y la vida cotidiana de una sociedad pesquera. Para ello aborda un an\u00e1lisis te\u00f3rico sobre el concepto riesgo, as\u00ed como un an\u00e1lisis cr\u00edtico de las implicaciones del uso que las ciencias sociales han hecho del riesgo y la contingencia . A trav\u00e9s de la discusi\u00f3n te\u00f3rica aborda la construcci\u00f3n de una definici\u00f3n transculturalmente aplicable y sim\u00e9trica de riesgo, al entenderlo como una relaci\u00f3n entre entidades. Una vez acotado el concepto, el an\u00e1lisis de los procesos laborales y las pr\u00e1cticas habituales es abordado a trav\u00e9s de la etnograf\u00eda desarrollada en el sector pesquero de una villa costera del noroeste de galicia llamada savi\u00f1o. A trav\u00e9s del estudio de caso se analizan los discursos y pr\u00e1cticas de la sociedad pesquera, las estimaciones de riesgos, los esquemas de causalidad local, as\u00ed como el papel de las regulaciones y de la ciencia en la pesquer\u00edas y su raigambre hist\u00f3rica, sus consecuencias e implicaciones.<\/p>\n<p>&nbsp;<\/p>\n<h3>Datos acad\u00e9micos de la tesis doctoral \u00ab<strong>Riesgo, cultura y trabajo. un estudio de caso de la pesca en galicia<\/strong>\u00ab<\/h3>\n<ul>\n<li><strong>T\u00edtulo de la tesis:<\/strong>\u00a0 Riesgo, cultura y trabajo. un estudio de caso de la pesca en galicia <\/li>\n<li><strong>Autor:<\/strong>\u00a0 Enrique Ferm\u00edn Alonso Poblaci\u00f3n <\/li>\n<li><strong>Universidad:<\/strong>\u00a0 A coru\u00f1a<\/li>\n<li><strong>Fecha de lectura de la tesis:<\/strong>\u00a0 24\/05\/2010<\/li>\n<\/ul>\n<p>&nbsp;<\/p>\n<h3>Direcci\u00f3n y tribunal<\/h3>\n<ul>\n<li><strong>Director de la tesis<\/strong>\n<ul>\n<li>Enrique Couceiro Dom\u00ednguez<\/li>\n<\/ul>\n<\/li>\n<li><strong>Tribunal<\/strong>\n<ul>\n<li>Presidente del tribunal: lu\u00eds \u00e1lvarez munarriz <\/li>\n<li>eloy G\u00f3mez pell\u00f3n (vocal)<\/li>\n<li>Juan  de dios Ruano g\u00f3mez (vocal)<\/li>\n<li>benjam\u00edn Garc\u00eda  sanz (vocal)<\/li>\n<\/ul>\n<\/li>\n<\/ul>\n<p>&nbsp;<\/p>\n","protected":false},"excerpt":{"rendered":"<p>Tesis doctoral de Enrique Ferm\u00edn Alonso Poblaci\u00f3n Esta tesis se centra en el estudio del riesgo en los procesos laborales [&hellip;]<\/p>\n","protected":false},"author":1,"featured_media":0,"comment_status":"open","ping_status":"open","sticky":false,"template":"","format":"standard","meta":{"site-sidebar-layout":"default","site-content-layout":"","ast-site-content-layout":"","site-content-style":"default","site-sidebar-style":"default","ast-global-header-display":"","ast-banner-title-visibility":"","ast-main-header-display":"","ast-hfb-above-header-display":"","ast-hfb-below-header-display":"","ast-hfb-mobile-header-display":"","site-post-title":"","ast-breadcrumbs-content":"","ast-featured-img":"","footer-sml-layout":"","theme-transparent-header-meta":"","adv-header-id-meta":"","stick-header-meta":"","header-above-stick-meta":"","header-main-stick-meta":"","header-below-stick-meta":"","astra-migrate-meta-layouts":"default","ast-page-background-enabled":"default","ast-page-background-meta":{"desktop":{"background-color":"var(--ast-global-color-4)","background-image":"","background-repeat":"repeat","background-position":"center center","background-size":"auto","background-attachment":"scroll","background-type":"","background-media":"","overlay-type":"","overlay-color":"","overlay-gradient":""},"tablet":{"background-color":"","background-image":"","background-repeat":"repeat","background-position":"center center","background-size":"auto","background-attachment":"scroll","background-type":"","background-media":"","overlay-type":"","overlay-color":"","overlay-gradient":""},"mobile":{"background-color":"","background-image":"","background-repeat":"repeat","background-position":"center center","background-size":"auto","background-attachment":"scroll","background-type":"","background-media":"","overlay-type":"","overlay-color":"","overlay-gradient":""}},"ast-content-background-meta":{"desktop":{"background-color":"var(--ast-global-color-5)","background-image":"","background-repeat":"repeat","background-position":"center center","background-size":"auto","background-attachment":"scroll","background-type":"","background-media":"","overlay-type":"","overlay-color":"","overlay-gradient":""},"tablet":{"background-color":"var(--ast-global-color-5)","background-image":"","background-repeat":"repeat","background-position":"center center","background-size":"auto","background-attachment":"scroll","background-type":"","background-media":"","overlay-type":"","overlay-color":"","overlay-gradient":""},"mobile":{"background-color":"var(--ast-global-color-5)","background-image":"","background-repeat":"repeat","background-position":"center center","background-size":"auto","background-attachment":"scroll","background-type":"","background-media":"","overlay-type":"","overlay-color":"","overlay-gradient":""}},"footnotes":""},"categories":[18576,681,983,2720,1496],"tags":[24580,6759,42046,205586,150208,8653],"class_list":["post-101075","post","type-post","status-publish","format-standard","hentry","category-a-coruna","category-antropologia","category-antropologia-cultural","category-antropologia-social","category-sociologia-del-trabajo","tag-benjamin-garcia-sanz","tag-eloy-gomez-pellon","tag-enrique-couceiro-dominguez","tag-enrique-fermin-alonso-poblacion","tag-juan-de-dios-ruano-gomez","tag-luis-alvarez-munarriz"],"_links":{"self":[{"href":"https:\/\/www.deberes.net\/tesis\/wp-json\/wp\/v2\/posts\/101075","targetHints":{"allow":["GET"]}}],"collection":[{"href":"https:\/\/www.deberes.net\/tesis\/wp-json\/wp\/v2\/posts"}],"about":[{"href":"https:\/\/www.deberes.net\/tesis\/wp-json\/wp\/v2\/types\/post"}],"author":[{"embeddable":true,"href":"https:\/\/www.deberes.net\/tesis\/wp-json\/wp\/v2\/users\/1"}],"replies":[{"embeddable":true,"href":"https:\/\/www.deberes.net\/tesis\/wp-json\/wp\/v2\/comments?post=101075"}],"version-history":[{"count":0,"href":"https:\/\/www.deberes.net\/tesis\/wp-json\/wp\/v2\/posts\/101075\/revisions"}],"wp:attachment":[{"href":"https:\/\/www.deberes.net\/tesis\/wp-json\/wp\/v2\/media?parent=101075"}],"wp:term":[{"taxonomy":"category","embeddable":true,"href":"https:\/\/www.deberes.net\/tesis\/wp-json\/wp\/v2\/categories?post=101075"},{"taxonomy":"post_tag","embeddable":true,"href":"https:\/\/www.deberes.net\/tesis\/wp-json\/wp\/v2\/tags?post=101075"}],"curies":[{"name":"wp","href":"https:\/\/api.w.org\/{rel}","templated":true}]}}