{"id":101077,"date":"2018-03-11T10:22:43","date_gmt":"2018-03-11T10:22:43","guid":{"rendered":"https:\/\/www.deberes.net\/tesis\/sin-categoria\/papel-del-linfocito-t-en-la-patogenesis-de-la-enfermedad-pulmonar-obstructiva-cronica\/"},"modified":"2018-03-11T10:22:43","modified_gmt":"2018-03-11T10:22:43","slug":"papel-del-linfocito-t-en-la-patogenesis-de-la-enfermedad-pulmonar-obstructiva-cronica","status":"publish","type":"post","link":"https:\/\/www.deberes.net\/tesis\/illes-balears\/papel-del-linfocito-t-en-la-patogenesis-de-la-enfermedad-pulmonar-obstructiva-cronica\/","title":{"rendered":"Papel del linfocito t en la patog\u00e9nesis de la enfermedad pulmonar obstructiva cr\u00f3nica"},"content":{"rendered":"<h2>Tesis doctoral de <strong> Bernardino Barcel\u00f3 Mart\u00edn <\/strong><\/h2>\n<p>La epoc se caracteriza por una limitaci\u00f3n progresiva y no totalmente reversible al flujo a\u00e9reo asociado a una respuesta inflamatoria anormal en las v\u00edas a\u00e9reas peque\u00f1as y los alv\u00e9olos.  La inflamaci\u00f3n mediada por los linfocitos t, estudiados en esta tesis doctoral, representan un elemento clave para explicar dicha respuesta inflamatoria anormal que se procede en los pacientes que desarrollan la enfermedad.  la epoc comparte muchas caracter\u00edsticas cl\u00ednicas y fisiopatol\u00f3gicas con varias enfermedades autoinmunes como, por ejemplo, la artritis reumatoide. Es por ello que esta tesis doctoral se centra en analizar si alteraciones de la respuesta inmune adquirida pueden jugar un papel patog\u00e9nico importante en la respuesta inflamatoria que caracteriza la epoc. M\u00e1s concretamente, esta tesis doctoral profundiza en el estudio de la inflamaci\u00f3n observada haciendo \u00e9nfasis en los mecanismos pro-inflamatorios conducidos por las subpoblaciones de linfocitos t efectores y en los mecanismos de control anti-inflamatorios controlados los linfocitos t reguladores.<\/p>\n<p>&nbsp;<\/p>\n<h3>Datos acad\u00e9micos de la tesis doctoral \u00ab<strong>Papel del linfocito t en la patog\u00e9nesis de la enfermedad pulmonar obstructiva cr\u00f3nica<\/strong>\u00ab<\/h3>\n<ul>\n<li><strong>T\u00edtulo de la tesis:<\/strong>\u00a0 Papel del linfocito t en la patog\u00e9nesis de la enfermedad pulmonar obstructiva cr\u00f3nica <\/li>\n<li><strong>Autor:<\/strong>\u00a0 Bernardino Barcel\u00f3 Mart\u00edn <\/li>\n<li><strong>Universidad:<\/strong>\u00a0 Illes balears<\/li>\n<li><strong>Fecha de lectura de la tesis:<\/strong>\u00a0 24\/05\/2010<\/li>\n<\/ul>\n<p>&nbsp;<\/p>\n<h3>Direcci\u00f3n y tribunal<\/h3>\n<ul>\n<li><strong>Director de la tesis<\/strong>\n<ul>\n<li>Alvaro Agusti Garcia Navarro<\/li>\n<\/ul>\n<\/li>\n<li><strong>Tribunal<\/strong>\n<ul>\n<li>Presidente del tribunal: felix Grases freixedas <\/li>\n<li>joan Bargay lleonart (vocal)<\/li>\n<li>joaquin Gea guiral (vocal)<\/li>\n<li>robert Rodr\u00edguez roisin (vocal)<\/li>\n<\/ul>\n<\/li>\n<\/ul>\n<p>&nbsp;<\/p>\n","protected":false},"excerpt":{"rendered":"<p>Tesis doctoral de Bernardino Barcel\u00f3 Mart\u00edn La epoc se caracteriza por una limitaci\u00f3n progresiva y no totalmente reversible al flujo [&hellip;]<\/p>\n","protected":false},"author":1,"featured_media":0,"comment_status":"open","ping_status":"open","sticky":false,"template":"","format":"standard","meta":{"site-sidebar-layout":"default","site-content-layout":"","ast-site-content-layout":"","site-content-style":"default","site-sidebar-style":"default","ast-global-header-display":"","ast-banner-title-visibility":"","ast-main-header-display":"","ast-hfb-above-header-display":"","ast-hfb-below-header-display":"","ast-hfb-mobile-header-display":"","site-post-title":"","ast-breadcrumbs-content":"","ast-featured-img":"","footer-sml-layout":"","theme-transparent-header-meta":"","adv-header-id-meta":"","stick-header-meta":"","header-above-stick-meta":"","header-main-stick-meta":"","header-below-stick-meta":"","astra-migrate-meta-layouts":"default","ast-page-background-enabled":"default","ast-page-background-meta":{"desktop":{"background-color":"var(--ast-global-color-4)","background-image":"","background-repeat":"repeat","background-position":"center center","background-size":"auto","background-attachment":"scroll","background-type":"","background-media":"","overlay-type":"","overlay-color":"","overlay-gradient":""},"tablet":{"background-color":"","background-image":"","background-repeat":"repeat","background-position":"center center","background-size":"auto","background-attachment":"scroll","background-type":"","background-media":"","overlay-type":"","overlay-color":"","overlay-gradient":""},"mobile":{"background-color":"","background-image":"","background-repeat":"repeat","background-position":"center center","background-size":"auto","background-attachment":"scroll","background-type":"","background-media":"","overlay-type":"","overlay-color":"","overlay-gradient":""}},"ast-content-background-meta":{"desktop":{"background-color":"var(--ast-global-color-5)","background-image":"","background-repeat":"repeat","background-position":"center center","background-size":"auto","background-attachment":"scroll","background-type":"","background-media":"","overlay-type":"","overlay-color":"","overlay-gradient":""},"tablet":{"background-color":"var(--ast-global-color-5)","background-image":"","background-repeat":"repeat","background-position":"center center","background-size":"auto","background-attachment":"scroll","background-type":"","background-media":"","overlay-type":"","overlay-color":"","overlay-gradient":""},"mobile":{"background-color":"var(--ast-global-color-5)","background-image":"","background-repeat":"repeat","background-position":"center center","background-size":"auto","background-attachment":"scroll","background-type":"","background-media":"","overlay-type":"","overlay-color":"","overlay-gradient":""}},"footnotes":""},"categories":[19034],"tags":[29462,205589,2082,139479,29460,29463],"class_list":["post-101077","post","type-post","status-publish","format-standard","hentry","category-illes-balears","tag-alvaro-agusti-garcia-navarro","tag-bernardino-barcelo-martin","tag-felix-grases-freixedas","tag-joan-bargay-lleonart","tag-joaquin-gea-guiral","tag-robert-rodriguez-roisin"],"_links":{"self":[{"href":"https:\/\/www.deberes.net\/tesis\/wp-json\/wp\/v2\/posts\/101077","targetHints":{"allow":["GET"]}}],"collection":[{"href":"https:\/\/www.deberes.net\/tesis\/wp-json\/wp\/v2\/posts"}],"about":[{"href":"https:\/\/www.deberes.net\/tesis\/wp-json\/wp\/v2\/types\/post"}],"author":[{"embeddable":true,"href":"https:\/\/www.deberes.net\/tesis\/wp-json\/wp\/v2\/users\/1"}],"replies":[{"embeddable":true,"href":"https:\/\/www.deberes.net\/tesis\/wp-json\/wp\/v2\/comments?post=101077"}],"version-history":[{"count":0,"href":"https:\/\/www.deberes.net\/tesis\/wp-json\/wp\/v2\/posts\/101077\/revisions"}],"wp:attachment":[{"href":"https:\/\/www.deberes.net\/tesis\/wp-json\/wp\/v2\/media?parent=101077"}],"wp:term":[{"taxonomy":"category","embeddable":true,"href":"https:\/\/www.deberes.net\/tesis\/wp-json\/wp\/v2\/categories?post=101077"},{"taxonomy":"post_tag","embeddable":true,"href":"https:\/\/www.deberes.net\/tesis\/wp-json\/wp\/v2\/tags?post=101077"}],"curies":[{"name":"wp","href":"https:\/\/api.w.org\/{rel}","templated":true}]}}