{"id":101132,"date":"2018-03-11T10:22:47","date_gmt":"2018-03-11T10:22:47","guid":{"rendered":"https:\/\/www.deberes.net\/tesis\/sin-categoria\/park-ga%c2%bcell-el-hombre-y-la-arquitectura\/"},"modified":"2018-03-11T10:22:47","modified_gmt":"2018-03-11T10:22:47","slug":"park-ga%c2%bcell-el-hombre-y-la-arquitectura","status":"publish","type":"post","link":"https:\/\/www.deberes.net\/tesis\/teoria-analisis-y-critica-de-las-bellas-artes\/park-ga%c2%bcell-el-hombre-y-la-arquitectura\/","title":{"rendered":"Park guell: el hombre y la arquitectura"},"content":{"rendered":"<h2>Tesis doctoral de <strong> Daniella Favilla <\/strong><\/h2>\n<p>La presente tesis se apropia del t\u00e9rmino dialog\u00eda prestado del contexto de la literatura para investigar las cualidades dial\u00f3gicas del park g\u00ed\u00bcell, deteni\u00e9ndose en un relevante aspecto carente de estudio de la obra de antoni gaud\u00ed. la dialog\u00eda es originalmente utilizada por el te\u00f3rico mihkail bahktin para designar la relaci\u00f3n autor-lector en el acto de la lectura, momento en el que el texto efectivamente gana vida. En una obra arquitect\u00f3nica, la calidad dial\u00f3gica est\u00e1 en su relaci\u00f3n con el usuario, en la dimensi\u00f3n del uso de la arquitectura. La dialog\u00eda en arquitectura revela la triada fundamental de proyecto-construcci\u00f3n-uso; donde adem\u00e1s del proyecto y la obra material, la dimensi\u00f3n del uso a lo largo del tiempo y la figura del usuario son indisociables de la idea de la arquitectura per se.  en un primer momento, planteamos la base te\u00f3rica del trabajo que sostendr\u00e1 consecuentemente el an\u00e1lisis abierto y dial\u00f3gico. son estudiados conceptos de distintas \u00e1reas del conocimiento, como de la teor\u00eda de arquitectura, de la teor\u00eda del arte y de la semi\u00f3tica conceptos literarios traducidos al universo de la arquitectura, y aportes de la filosof\u00eda y filosof\u00eda de la ciencia acogidos desde una metodolog\u00eda fenomenol\u00f3gica.  la segunda parte del trabajo es una la lectura dial\u00f3gica del park g\u00ed\u00bcell. Est\u00e1 organizada a trav\u00e9s de la hermen\u00e9utica de paul ricoeur, donde las categor\u00edas de prefiguraci\u00f3n, configuraci\u00f3n y refiguraci\u00f3n nos orientan en el estudio anal\u00edtico de la citada triada proyecto-construcci\u00f3n-uso. Un abordaje dial\u00f3gico por naturaleza, donde complejidad, ambig\u00ed\u00bcedad, multiplicidad e intertextualidad caracterizan tanto al objeto como al m\u00e9todo de estudio elegido. la metodolog\u00eda empleada nos conduce a la realizaci\u00f3n de entrevistas a usuarios del parque, analizadas en la parte final del trabajo. Las muchas voces, de distintos usuarios del park g\u00ed\u00bcell, han sido escuchadas en busca de descubrir la arquitectura que est\u00e1 en la encrucijada de los diferentes puntos de vista, el parque que surge a trav\u00e9s de las construcciones de distintos usuarios. es una tesis que busca, dentro de sus limitaciones, otorgar protagonismo a las distintas piezas del juego arquitect\u00f3nico: el espacio sensible, polisensorial, polis\u00e9mico, y  la significaci\u00f3n, cognici\u00f3n o comprensi\u00f3n; el arquitecto y el usuario; el individuo y el colectivo social; el territorio y la historia; la est\u00e9tica, tanto como la \u00e9tica, la ciencia y la t\u00e9cnica.<\/p>\n<p>&nbsp;<\/p>\n<h3>Datos acad\u00e9micos de la tesis doctoral \u00ab<strong>Park guell: el hombre y la arquitectura<\/strong>\u00ab<\/h3>\n<ul>\n<li><strong>T\u00edtulo de la tesis:<\/strong>\u00a0 Park guell: el hombre y la arquitectura <\/li>\n<li><strong>Autor:<\/strong>\u00a0 Daniella Favilla <\/li>\n<li><strong>Universidad:<\/strong>\u00a0 Polit\u00e9cnica de catalunya<\/li>\n<li><strong>Fecha de lectura de la tesis:<\/strong>\u00a0 27\/05\/2010<\/li>\n<\/ul>\n<p>&nbsp;<\/p>\n<h3>Direcci\u00f3n y tribunal<\/h3>\n<ul>\n<li><strong>Director de la tesis<\/strong>\n<ul>\n<li>Blanca Sala Llopart<\/li>\n<\/ul>\n<\/li>\n<li><strong>Tribunal<\/strong>\n<ul>\n<li>Presidente del tribunal: alfredo Linares soler <\/li>\n<li>alessia De biase (vocal)<\/li>\n<li>Luis Antonio Jorge (vocal)<\/li>\n<li>danielle Provansal felix (vocal)<\/li>\n<\/ul>\n<\/li>\n<\/ul>\n<p>&nbsp;<\/p>\n","protected":false},"excerpt":{"rendered":"<p>Tesis doctoral de Daniella Favilla La presente tesis se apropia del t\u00e9rmino dialog\u00eda prestado del contexto de la literatura para [&hellip;]<\/p>\n","protected":false},"author":1,"featured_media":0,"comment_status":"open","ping_status":"open","sticky":false,"template":"","format":"standard","meta":{"site-sidebar-layout":"default","site-content-layout":"","ast-site-content-layout":"","site-content-style":"default","site-sidebar-style":"default","ast-global-header-display":"","ast-banner-title-visibility":"","ast-main-header-display":"","ast-hfb-above-header-display":"","ast-hfb-below-header-display":"","ast-hfb-mobile-header-display":"","site-post-title":"","ast-breadcrumbs-content":"","ast-featured-img":"","footer-sml-layout":"","theme-transparent-header-meta":"","adv-header-id-meta":"","stick-header-meta":"","header-above-stick-meta":"","header-main-stick-meta":"","header-below-stick-meta":"","astra-migrate-meta-layouts":"default","ast-page-background-enabled":"default","ast-page-background-meta":{"desktop":{"background-color":"var(--ast-global-color-4)","background-image":"","background-repeat":"repeat","background-position":"center center","background-size":"auto","background-attachment":"scroll","background-type":"","background-media":"","overlay-type":"","overlay-color":"","overlay-gradient":""},"tablet":{"background-color":"","background-image":"","background-repeat":"repeat","background-position":"center center","background-size":"auto","background-attachment":"scroll","background-type":"","background-media":"","overlay-type":"","overlay-color":"","overlay-gradient":""},"mobile":{"background-color":"","background-image":"","background-repeat":"repeat","background-position":"center center","background-size":"auto","background-attachment":"scroll","background-type":"","background-media":"","overlay-type":"","overlay-color":"","overlay-gradient":""}},"ast-content-background-meta":{"desktop":{"background-color":"var(--ast-global-color-5)","background-image":"","background-repeat":"repeat","background-position":"center center","background-size":"auto","background-attachment":"scroll","background-type":"","background-media":"","overlay-type":"","overlay-color":"","overlay-gradient":""},"tablet":{"background-color":"var(--ast-global-color-5)","background-image":"","background-repeat":"repeat","background-position":"center center","background-size":"auto","background-attachment":"scroll","background-type":"","background-media":"","overlay-type":"","overlay-color":"","overlay-gradient":""},"mobile":{"background-color":"var(--ast-global-color-5)","background-image":"","background-repeat":"repeat","background-position":"center center","background-size":"auto","background-attachment":"scroll","background-type":"","background-media":"","overlay-type":"","overlay-color":"","overlay-gradient":""}},"footnotes":""},"categories":[4509,17906,16072,15596,1111],"tags":[129154,15880,205690,205689,1246,205691],"class_list":["post-101132","post","type-post","status-publish","format-standard","hentry","category-arquitectura","category-hermeneutica","category-jardines-y-parques","category-politecnica-de-catalunya","category-teoria-analisis-y-critica-de-las-bellas-artes","tag-alessia-de-biase","tag-alfredo-linares-soler","tag-blanca-sala-llopart","tag-daniella-favilla","tag-danielle-provansal-felix","tag-luis-antonio-jorge"],"_links":{"self":[{"href":"https:\/\/www.deberes.net\/tesis\/wp-json\/wp\/v2\/posts\/101132","targetHints":{"allow":["GET"]}}],"collection":[{"href":"https:\/\/www.deberes.net\/tesis\/wp-json\/wp\/v2\/posts"}],"about":[{"href":"https:\/\/www.deberes.net\/tesis\/wp-json\/wp\/v2\/types\/post"}],"author":[{"embeddable":true,"href":"https:\/\/www.deberes.net\/tesis\/wp-json\/wp\/v2\/users\/1"}],"replies":[{"embeddable":true,"href":"https:\/\/www.deberes.net\/tesis\/wp-json\/wp\/v2\/comments?post=101132"}],"version-history":[{"count":0,"href":"https:\/\/www.deberes.net\/tesis\/wp-json\/wp\/v2\/posts\/101132\/revisions"}],"wp:attachment":[{"href":"https:\/\/www.deberes.net\/tesis\/wp-json\/wp\/v2\/media?parent=101132"}],"wp:term":[{"taxonomy":"category","embeddable":true,"href":"https:\/\/www.deberes.net\/tesis\/wp-json\/wp\/v2\/categories?post=101132"},{"taxonomy":"post_tag","embeddable":true,"href":"https:\/\/www.deberes.net\/tesis\/wp-json\/wp\/v2\/tags?post=101132"}],"curies":[{"name":"wp","href":"https:\/\/api.w.org\/{rel}","templated":true}]}}