{"id":101142,"date":"2018-03-11T10:22:52","date_gmt":"2018-03-11T10:22:52","guid":{"rendered":"https:\/\/www.deberes.net\/tesis\/sin-categoria\/la-corona-de-castilla-vida-pola%c2%adtica-1406-1420-acontecimientos-tendencias-y-estructuras\/"},"modified":"2018-03-11T10:22:52","modified_gmt":"2018-03-11T10:22:52","slug":"la-corona-de-castilla-vida-pola%c2%adtica-1406-1420-acontecimientos-tendencias-y-estructuras","status":"publish","type":"post","link":"https:\/\/www.deberes.net\/tesis\/sin-categoria\/la-corona-de-castilla-vida-pola%c2%adtica-1406-1420-acontecimientos-tendencias-y-estructuras\/","title":{"rendered":"La corona de castilla: vida pol\u00edtica (1406-1420). acontecimientos, tendencias y estructuras."},"content":{"rendered":"<h2>Tesis doctoral de <strong> Santiago Gonzalez Sanchez <\/strong><\/h2>\n<p>Esta tesis doctoral tiene por objeto la investigaci\u00f3n de la minor\u00eda de juan ii de castilla (1406-1420), puesto que no hab\u00eda un estudio de conjunto que atendiese al devenir pol\u00edtico, a su imbricaci\u00f3n en los contextos peninsular y continental, a la org anizaci\u00f3n y gesti\u00f3n del poder regio y del reino, y a las relaciones que se establecieron entre la monarqu\u00eda y los distintos grupos sociales. De ah\u00ed que la tesis se articule alrededor de tres grandes partes: pol\u00edtica interior y exterior, normativa leg al, instituciones y recursos de gobierno, y las relaciones de poder que mantuvo la monarqu\u00eda. La pol\u00edtica interior se ha organizado siguiendo una secuencia cronol\u00f3gica, que hemos dividido en cuatro partes, prestando especial atenci\u00f3n a la etapa en qu e el reino estuvo gobernado por regentes. La correspondiente a la pol\u00edtica exterior diferencia las relaciones mantenidas con los reinos peninsulares: granada, arag\u00f3n, portugal y navarra, de las que se establecieron con francia, inglaterra y el \u00e1mbito  atl\u00e1ntico, as\u00ed como el papado. El segundo gran bloque de la tesis abarca desde la normativa legal promulgada en estos a\u00f1os, pasando por el estudio de siete instituciones de gobierno, hasta concluir con el an\u00e1lisis de los recursos empleados por la mo narqu\u00eda: poder militar, diplomacia, y econom\u00eda, fiscalidad y moneda. Las relaciones de poder giran alrededor de las que mantuvo la monarqu\u00eda con la nobleza, los municipios y la iglesia. Por lo tanto, la minor\u00eda de juan ii, aunque se articula como una  especie de bisagra entre el reinado de su padre y el que ser\u00e1 despu\u00e9s el efectivo del monarca, fue una \u00e9poca de gran trascedencia en varios sentidos. As\u00ed, por ejemplo, anticipa caracteres del resto del per\u00edodo bajomedieval castellano en el plano pol \u00edtico, incrementa el potencial econ\u00f3mico y militar de castilla en el atl\u00e1ntico, y profundiza la preponderancia castellana en los asuntos peninsulares y europeos.<\/p>\n<p>&nbsp;<\/p>\n<h3>Datos acad\u00e9micos de la tesis doctoral \u00ab<strong>La corona de castilla: vida pol\u00edtica (1406-1420). acontecimientos, tendencias y estructuras.<\/strong>\u00ab<\/h3>\n<ul>\n<li><strong>T\u00edtulo de la tesis:<\/strong>\u00a0 La corona de castilla: vida pol\u00edtica (1406-1420). acontecimientos, tendencias y estructuras. <\/li>\n<li><strong>Autor:<\/strong>\u00a0 Santiago Gonzalez Sanchez <\/li>\n<li><strong>Universidad:<\/strong>\u00a0 Complutense de Madrid<\/li>\n<li><strong>Fecha de lectura de la tesis:<\/strong>\u00a0 27\/05\/2010<\/li>\n<\/ul>\n<p>&nbsp;<\/p>\n<h3>Direcci\u00f3n y tribunal<\/h3>\n<ul>\n<li><strong>Director de la tesis<\/strong>\n<ul>\n<li>Miguel \u00e1ngel Ladero Quesada<\/li>\n<\/ul>\n<\/li>\n<li><strong>Tribunal<\/strong>\n<ul>\n<li>Presidente del tribunal: Jos\u00e9 manuel Nieto soria <\/li>\n<li>vicente \u00e1ngel \u00e1lvarez palenzuela (vocal)<\/li>\n<li>isabel Beceiro pita (vocal)<\/li>\n<li>c\u00e9sar Olivera serrano (vocal)<\/li>\n<\/ul>\n<\/li>\n<\/ul>\n<p>&nbsp;<\/p>\n","protected":false},"excerpt":{"rendered":"<p>Tesis doctoral de Santiago Gonzalez Sanchez Esta tesis doctoral tiene por objeto la investigaci\u00f3n de la minor\u00eda de juan ii [&hellip;]<\/p>\n","protected":false},"author":1,"featured_media":0,"comment_status":"open","ping_status":"open","sticky":false,"template":"","format":"standard","meta":{"site-sidebar-layout":"default","site-content-layout":"","ast-site-content-layout":"","site-content-style":"default","site-sidebar-style":"default","ast-global-header-display":"","ast-banner-title-visibility":"","ast-main-header-display":"","ast-hfb-above-header-display":"","ast-hfb-below-header-display":"","ast-hfb-mobile-header-display":"","site-post-title":"","ast-breadcrumbs-content":"","ast-featured-img":"","footer-sml-layout":"","theme-transparent-header-meta":"","adv-header-id-meta":"","stick-header-meta":"","header-above-stick-meta":"","header-main-stick-meta":"","header-below-stick-meta":"","astra-migrate-meta-layouts":"default","ast-page-background-enabled":"default","ast-page-background-meta":{"desktop":{"background-color":"var(--ast-global-color-4)","background-image":"","background-repeat":"repeat","background-position":"center center","background-size":"auto","background-attachment":"scroll","background-type":"","background-media":"","overlay-type":"","overlay-color":"","overlay-gradient":""},"tablet":{"background-color":"","background-image":"","background-repeat":"repeat","background-position":"center center","background-size":"auto","background-attachment":"scroll","background-type":"","background-media":"","overlay-type":"","overlay-color":"","overlay-gradient":""},"mobile":{"background-color":"","background-image":"","background-repeat":"repeat","background-position":"center center","background-size":"auto","background-attachment":"scroll","background-type":"","background-media":"","overlay-type":"","overlay-color":"","overlay-gradient":""}},"ast-content-background-meta":{"desktop":{"background-color":"var(--ast-global-color-5)","background-image":"","background-repeat":"repeat","background-position":"center center","background-size":"auto","background-attachment":"scroll","background-type":"","background-media":"","overlay-type":"","overlay-color":"","overlay-gradient":""},"tablet":{"background-color":"var(--ast-global-color-5)","background-image":"","background-repeat":"repeat","background-position":"center center","background-size":"auto","background-attachment":"scroll","background-type":"","background-media":"","overlay-type":"","overlay-color":"","overlay-gradient":""},"mobile":{"background-color":"var(--ast-global-color-5)","background-image":"","background-repeat":"repeat","background-position":"center center","background-size":"auto","background-attachment":"scroll","background-type":"","background-media":"","overlay-type":"","overlay-color":"","overlay-gradient":""}},"footnotes":""},"categories":[1],"tags":[129227,112832,5297,5296,205705,205706],"class_list":["post-101142","post","type-post","status-publish","format-standard","hentry","category-sin-categoria","tag-cesar-olivera-serrano","tag-isabel-beceiro-pita","tag-jose-manuel-nieto-soria","tag-miguel-angel-ladero-quesada","tag-santiago-gonzalez-sanchez","tag-vicente-angel-alvarez-palenzuela"],"_links":{"self":[{"href":"https:\/\/www.deberes.net\/tesis\/wp-json\/wp\/v2\/posts\/101142","targetHints":{"allow":["GET"]}}],"collection":[{"href":"https:\/\/www.deberes.net\/tesis\/wp-json\/wp\/v2\/posts"}],"about":[{"href":"https:\/\/www.deberes.net\/tesis\/wp-json\/wp\/v2\/types\/post"}],"author":[{"embeddable":true,"href":"https:\/\/www.deberes.net\/tesis\/wp-json\/wp\/v2\/users\/1"}],"replies":[{"embeddable":true,"href":"https:\/\/www.deberes.net\/tesis\/wp-json\/wp\/v2\/comments?post=101142"}],"version-history":[{"count":0,"href":"https:\/\/www.deberes.net\/tesis\/wp-json\/wp\/v2\/posts\/101142\/revisions"}],"wp:attachment":[{"href":"https:\/\/www.deberes.net\/tesis\/wp-json\/wp\/v2\/media?parent=101142"}],"wp:term":[{"taxonomy":"category","embeddable":true,"href":"https:\/\/www.deberes.net\/tesis\/wp-json\/wp\/v2\/categories?post=101142"},{"taxonomy":"post_tag","embeddable":true,"href":"https:\/\/www.deberes.net\/tesis\/wp-json\/wp\/v2\/tags?post=101142"}],"curies":[{"name":"wp","href":"https:\/\/api.w.org\/{rel}","templated":true}]}}