{"id":10115,"date":"1996-01-01T00:00:00","date_gmt":"1996-01-01T00:00:00","guid":{"rendered":"https:\/\/www.deberes.net\/tesis\/1996\/01\/01\/el-truncado-proceso-de-la-integracion-latinoamericana-y-factores-que-obstaculizan-su-desarrollo-y-progreso\/"},"modified":"1996-01-01T00:00:00","modified_gmt":"1996-01-01T00:00:00","slug":"el-truncado-proceso-de-la-integracion-latinoamericana-y-factores-que-obstaculizan-su-desarrollo-y-progreso","status":"publish","type":"post","link":"https:\/\/www.deberes.net\/tesis\/historia\/el-truncado-proceso-de-la-integracion-latinoamericana-y-factores-que-obstaculizan-su-desarrollo-y-progreso\/","title":{"rendered":"El truncado proceso de la integracion latinoamericana y factores que obstaculizan su desarrollo y progreso."},"content":{"rendered":"<h2>Tesis doctoral de <strong>  Nu\u00f1ez Jimenez Fernando Edgar <\/strong><\/h2>\n<p>La presente tesis doctoral se enmarca en el objetivo de delimitar los factores de caracter endogeno como de caracter exogeno de orden economico, politico y social de las causas que determinaron la crisis del proceso de integracion economica latinoamericana. Definido el objetivo, la metodolog\u00eda empleada en la elaboracion del trabajo ha sido seleccionada a partir de la base del estudio del tratamiento teorico de la integracion economica en la literatura del comercio internacional.  explicitados los objetivos y metodolog\u00eda a utilizar en la investigacion corresponde ahora exponer la presentacion sistematica de la tesis. El trabajo de investigacion se divide en tres partes principales: la primera parte esta destinada al analisis de la tematica de la integracion economica. En la segunda parte, se desarrollan y evaluan en todo su contexto los tratados y acuerdos establecidos en la region, es decir, se incide en mayor medida en el estudio del intercambio comercial de los paises miembros, asi como en las estructuras comerciales de los grupos. Y finalmente se identifican de forma detallada los factores que obstaculizaron el proceso de integracion economica.<\/p>\n<p>&nbsp;<\/p>\n<h3>Datos acad\u00e9micos de la tesis doctoral \u00ab<strong>El truncado proceso de la integracion latinoamericana y factores que obstaculizan su desarrollo y progreso.<\/strong>\u00ab<\/h3>\n<ul>\n<li><strong>T\u00edtulo de la tesis:<\/strong>\u00a0 El truncado proceso de la integracion latinoamericana y factores que obstaculizan su desarrollo y progreso. <\/li>\n<li><strong>Autor:<\/strong>\u00a0  Nu\u00f1ez Jimenez Fernando Edgar <\/li>\n<li><strong>Universidad:<\/strong>\u00a0 Barcelona<\/li>\n<li><strong>Fecha de lectura de la tesis:<\/strong>\u00a0 01\/01\/1996<\/li>\n<\/ul>\n<p>&nbsp;<\/p>\n<h3>Direcci\u00f3n y tribunal<\/h3>\n<ul>\n<li><strong>Director de la tesis<\/strong>\n<ul>\n<li> Muns I Albuixech Joaquim<\/li>\n<\/ul>\n<\/li>\n<li><strong>Tribunal<\/strong>\n<ul>\n<li>Presidente del tribunal: Victoria Abellan Honrubia <\/li>\n<li>Jos\u00e9 Antonio Garc\u00eda Dur\u00e1n De Lara (vocal)<\/li>\n<li>Juan Ortega Galan (vocal)<\/li>\n<li>Joan LLuis Pi\u00f1ol Rull (vocal)<\/li>\n<\/ul>\n<\/li>\n<\/ul>\n<p>&nbsp;<\/p>\n","protected":false},"excerpt":{"rendered":"<p>Tesis doctoral de Nu\u00f1ez Jimenez Fernando Edgar La presente tesis doctoral se enmarca en el objetivo de delimitar los factores [&hellip;]<\/p>\n","protected":false},"author":1,"featured_media":0,"comment_status":"open","ping_status":"open","sticky":false,"template":"","format":"standard","meta":{"site-sidebar-layout":"default","site-content-layout":"","ast-site-content-layout":"","site-content-style":"default","site-sidebar-style":"default","ast-global-header-display":"","ast-banner-title-visibility":"","ast-main-header-display":"","ast-hfb-above-header-display":"","ast-hfb-below-header-display":"","ast-hfb-mobile-header-display":"","site-post-title":"","ast-breadcrumbs-content":"","ast-featured-img":"","footer-sml-layout":"","theme-transparent-header-meta":"","adv-header-id-meta":"","stick-header-meta":"","header-above-stick-meta":"","header-main-stick-meta":"","header-below-stick-meta":"","astra-migrate-meta-layouts":"default","ast-page-background-enabled":"default","ast-page-background-meta":{"desktop":{"background-color":"var(--ast-global-color-4)","background-image":"","background-repeat":"repeat","background-position":"center center","background-size":"auto","background-attachment":"scroll","background-type":"","background-media":"","overlay-type":"","overlay-color":"","overlay-gradient":""},"tablet":{"background-color":"","background-image":"","background-repeat":"repeat","background-position":"center center","background-size":"auto","background-attachment":"scroll","background-type":"","background-media":"","overlay-type":"","overlay-color":"","overlay-gradient":""},"mobile":{"background-color":"","background-image":"","background-repeat":"repeat","background-position":"center center","background-size":"auto","background-attachment":"scroll","background-type":"","background-media":"","overlay-type":"","overlay-color":"","overlay-gradient":""}},"ast-content-background-meta":{"desktop":{"background-color":"var(--ast-global-color-5)","background-image":"","background-repeat":"repeat","background-position":"center center","background-size":"auto","background-attachment":"scroll","background-type":"","background-media":"","overlay-type":"","overlay-color":"","overlay-gradient":""},"tablet":{"background-color":"var(--ast-global-color-5)","background-image":"","background-repeat":"repeat","background-position":"center center","background-size":"auto","background-attachment":"scroll","background-type":"","background-media":"","overlay-type":"","overlay-color":"","overlay-gradient":""},"mobile":{"background-color":"var(--ast-global-color-5)","background-image":"","background-repeat":"repeat","background-position":"center center","background-size":"auto","background-attachment":"scroll","background-type":"","background-media":"","overlay-type":"","overlay-color":"","overlay-gradient":""}},"footnotes":""},"categories":[951,612,1211,104,15343,222],"tags":[34101,12680,34100,19728,34099,1213],"class_list":["post-10115","post","type-post","status-publish","format-standard","hentry","category-barcelona","category-ciencias-juridicas-y-derecho","category-derecho-internacional","category-historia","category-historia-de-las-relaciones-internacionales","category-historias-especializadas","tag-joan-lluis-pinol-rull","tag-jose-antonio-garcia-duran-de-lara","tag-juan-ortega-galan","tag-muns-i-albuixech-joaquim","tag-nunez-jimenez-fernando-edgar","tag-victoria-abellan-honrubia"],"_links":{"self":[{"href":"https:\/\/www.deberes.net\/tesis\/wp-json\/wp\/v2\/posts\/10115","targetHints":{"allow":["GET"]}}],"collection":[{"href":"https:\/\/www.deberes.net\/tesis\/wp-json\/wp\/v2\/posts"}],"about":[{"href":"https:\/\/www.deberes.net\/tesis\/wp-json\/wp\/v2\/types\/post"}],"author":[{"embeddable":true,"href":"https:\/\/www.deberes.net\/tesis\/wp-json\/wp\/v2\/users\/1"}],"replies":[{"embeddable":true,"href":"https:\/\/www.deberes.net\/tesis\/wp-json\/wp\/v2\/comments?post=10115"}],"version-history":[{"count":0,"href":"https:\/\/www.deberes.net\/tesis\/wp-json\/wp\/v2\/posts\/10115\/revisions"}],"wp:attachment":[{"href":"https:\/\/www.deberes.net\/tesis\/wp-json\/wp\/v2\/media?parent=10115"}],"wp:term":[{"taxonomy":"category","embeddable":true,"href":"https:\/\/www.deberes.net\/tesis\/wp-json\/wp\/v2\/categories?post=10115"},{"taxonomy":"post_tag","embeddable":true,"href":"https:\/\/www.deberes.net\/tesis\/wp-json\/wp\/v2\/tags?post=10115"}],"curies":[{"name":"wp","href":"https:\/\/api.w.org\/{rel}","templated":true}]}}