{"id":101160,"date":"2018-03-11T10:22:52","date_gmt":"2018-03-11T10:22:52","guid":{"rendered":"https:\/\/www.deberes.net\/tesis\/sin-categoria\/la-obra-narrativa-de-fernando-alonso-una-propuesta-de-renovacion-narrativa-en-la-literatura-infantil-y-juvenil-espanola\/"},"modified":"2018-03-11T10:22:52","modified_gmt":"2018-03-11T10:22:52","slug":"la-obra-narrativa-de-fernando-alonso-una-propuesta-de-renovacion-narrativa-en-la-literatura-infantil-y-juvenil-espanola","status":"publish","type":"post","link":"https:\/\/www.deberes.net\/tesis\/analisis-literario\/la-obra-narrativa-de-fernando-alonso-una-propuesta-de-renovacion-narrativa-en-la-literatura-infantil-y-juvenil-espanola\/","title":{"rendered":"La obra narrativa de fernando alonso: una propuesta de renovaci\u00f3n narrativa en la literatura infantil y juvenil espa\u00f1ola"},"content":{"rendered":"<h2>Tesis doctoral de <strong> Sandra S\u00e1nchez Garc\u00eda <\/strong><\/h2>\n<p>Esta tesis doctoral presenta el estudio de la obra narrativa del escritor fernando alonso, una de las figuras literarias que m\u00e1s han ayudado a renovar, dignificar y elevar el nivel art\u00edstico de la literatura infantil y juvenil espa\u00f1ola actual.  el estudio de la obra de este autor se ha realizado aplicando un m\u00e9todo de an\u00e1lisis mixto en el que se han tenido en cuenta aspectos y elementos propios del  an\u00e1lisis del discurso, de la est\u00e9tica de la recepci\u00f3n y t\u00e9cnicas de an\u00e1lisis de contenido. Este modelo permite profundizar en los elementos m\u00e1s significativos y relevantes de la obra de fernando alonso a partir de  los m\u00e9todos aplicados a la literatura general, sin olvidar las particularidades y la complejidad de la narrativa infantil.<\/p>\n<p>&nbsp;<\/p>\n<h3>Datos acad\u00e9micos de la tesis doctoral \u00ab<strong>La obra narrativa de fernando alonso: una propuesta de renovaci\u00f3n narrativa en la literatura infantil y juvenil espa\u00f1ola<\/strong>\u00ab<\/h3>\n<ul>\n<li><strong>T\u00edtulo de la tesis:<\/strong>\u00a0 La obra narrativa de fernando alonso: una propuesta de renovaci\u00f3n narrativa en la literatura infantil y juvenil espa\u00f1ola <\/li>\n<li><strong>Autor:<\/strong>\u00a0 Sandra S\u00e1nchez Garc\u00eda <\/li>\n<li><strong>Universidad:<\/strong>\u00a0 Castilla-la mancha<\/li>\n<li><strong>Fecha de lectura de la tesis:<\/strong>\u00a0 27\/05\/2010<\/li>\n<\/ul>\n<p>&nbsp;<\/p>\n<h3>Direcci\u00f3n y tribunal<\/h3>\n<ul>\n<li><strong>Director de la tesis<\/strong>\n<ul>\n<li>Pedro C\u00e9sar Cerrillo Torremocha<\/li>\n<\/ul>\n<\/li>\n<li><strong>Tribunal<\/strong>\n<ul>\n<li>Presidente del tribunal: amando L\u00f3pez valero <\/li>\n<li>gemma Lluch crespo (vocal)<\/li>\n<li>pascuala Morote mag\u00e1n (vocal)<\/li>\n<li>carmen Utanda higueras (vocal)<\/li>\n<\/ul>\n<\/li>\n<\/ul>\n<p>&nbsp;<\/p>\n","protected":false},"excerpt":{"rendered":"<p>Tesis doctoral de Sandra S\u00e1nchez Garc\u00eda Esta tesis doctoral presenta el estudio de la obra narrativa del escritor fernando alonso, [&hellip;]<\/p>\n","protected":false},"author":1,"featured_media":0,"comment_status":"open","ping_status":"open","sticky":false,"template":"","format":"standard","meta":{"site-sidebar-layout":"default","site-content-layout":"","ast-site-content-layout":"","site-content-style":"default","site-sidebar-style":"default","ast-global-header-display":"","ast-banner-title-visibility":"","ast-main-header-display":"","ast-hfb-above-header-display":"","ast-hfb-below-header-display":"","ast-hfb-mobile-header-display":"","site-post-title":"","ast-breadcrumbs-content":"","ast-featured-img":"","footer-sml-layout":"","theme-transparent-header-meta":"","adv-header-id-meta":"","stick-header-meta":"","header-above-stick-meta":"","header-main-stick-meta":"","header-below-stick-meta":"","astra-migrate-meta-layouts":"default","ast-page-background-enabled":"default","ast-page-background-meta":{"desktop":{"background-color":"var(--ast-global-color-4)","background-image":"","background-repeat":"repeat","background-position":"center center","background-size":"auto","background-attachment":"scroll","background-type":"","background-media":"","overlay-type":"","overlay-color":"","overlay-gradient":""},"tablet":{"background-color":"","background-image":"","background-repeat":"repeat","background-position":"center center","background-size":"auto","background-attachment":"scroll","background-type":"","background-media":"","overlay-type":"","overlay-color":"","overlay-gradient":""},"mobile":{"background-color":"","background-image":"","background-repeat":"repeat","background-position":"center center","background-size":"auto","background-attachment":"scroll","background-type":"","background-media":"","overlay-type":"","overlay-color":"","overlay-gradient":""}},"ast-content-background-meta":{"desktop":{"background-color":"var(--ast-global-color-5)","background-image":"","background-repeat":"repeat","background-position":"center center","background-size":"auto","background-attachment":"scroll","background-type":"","background-media":"","overlay-type":"","overlay-color":"","overlay-gradient":""},"tablet":{"background-color":"var(--ast-global-color-5)","background-image":"","background-repeat":"repeat","background-position":"center center","background-size":"auto","background-attachment":"scroll","background-type":"","background-media":"","overlay-type":"","overlay-color":"","overlay-gradient":""},"mobile":{"background-color":"var(--ast-global-color-5)","background-image":"","background-repeat":"repeat","background-position":"center center","background-size":"auto","background-attachment":"scroll","background-type":"","background-media":"","overlay-type":"","overlay-color":"","overlay-gradient":""}},"footnotes":""},"categories":[148,18451,1867,628],"tags":[23666,205732,32925,2235,44925,205731],"class_list":["post-101160","post","type-post","status-publish","format-standard","hentry","category-analisis-literario","category-castilla-la-mancha","category-historia-de-la-literatura-espanola","category-teoria-analisis-y-critica-literarios","tag-amando-lopez-valero","tag-carmen-utanda-higueras","tag-gemma-lluch-crespo","tag-pascuala-morote-magan","tag-pedro-cesar-cerrillo-torremocha","tag-sandra-sanchez-garcia"],"_links":{"self":[{"href":"https:\/\/www.deberes.net\/tesis\/wp-json\/wp\/v2\/posts\/101160","targetHints":{"allow":["GET"]}}],"collection":[{"href":"https:\/\/www.deberes.net\/tesis\/wp-json\/wp\/v2\/posts"}],"about":[{"href":"https:\/\/www.deberes.net\/tesis\/wp-json\/wp\/v2\/types\/post"}],"author":[{"embeddable":true,"href":"https:\/\/www.deberes.net\/tesis\/wp-json\/wp\/v2\/users\/1"}],"replies":[{"embeddable":true,"href":"https:\/\/www.deberes.net\/tesis\/wp-json\/wp\/v2\/comments?post=101160"}],"version-history":[{"count":0,"href":"https:\/\/www.deberes.net\/tesis\/wp-json\/wp\/v2\/posts\/101160\/revisions"}],"wp:attachment":[{"href":"https:\/\/www.deberes.net\/tesis\/wp-json\/wp\/v2\/media?parent=101160"}],"wp:term":[{"taxonomy":"category","embeddable":true,"href":"https:\/\/www.deberes.net\/tesis\/wp-json\/wp\/v2\/categories?post=101160"},{"taxonomy":"post_tag","embeddable":true,"href":"https:\/\/www.deberes.net\/tesis\/wp-json\/wp\/v2\/tags?post=101160"}],"curies":[{"name":"wp","href":"https:\/\/api.w.org\/{rel}","templated":true}]}}