{"id":101180,"date":"2018-03-11T10:22:52","date_gmt":"2018-03-11T10:22:52","guid":{"rendered":"https:\/\/www.deberes.net\/tesis\/sin-categoria\/escepticismo-ironia-y-subjetividad-en-los-essais-de-michel-de-montaigne\/"},"modified":"2018-03-11T10:22:52","modified_gmt":"2018-03-11T10:22:52","slug":"escepticismo-ironia-y-subjetividad-en-los-essais-de-michel-de-montaigne","status":"publish","type":"post","link":"https:\/\/www.deberes.net\/tesis\/filosofia\/escepticismo-ironia-y-subjetividad-en-los-essais-de-michel-de-montaigne\/","title":{"rendered":"Escepticismo, ironia y subjetividad en los \u00abessais\u00bb de michel de montaigne"},"content":{"rendered":"<h2>Tesis doctoral de <strong> Vicente Raga Rosaleny <\/strong><\/h2>\n<p>Los tres conceptos nodales y estrechamente entrelazados en la escritura montaniana de escepticismo, iron\u00eda y subjetividad constituyen el motivo central de nuestra tesis doctoral. Cada uno de ellos ilumina diversos aspectos de la escritura poli\u00e9drica del autor franc\u00e9s y, al mismo tiempo, los pone en relaci\u00f3n.  con esta tr\u00edada de conceptos hemos pretendido, por un lado, reivindicar la importancia filos\u00f3fica del di\u00e1logo con michel de montaigne, entendido habitualmente como mero precedente o simple diletante comparado con los supuesto padres de la filosof\u00eda moderna. Por otro lado, mediante tal conjunci\u00f3n de nociones, muchas veces, en concreto en cuanto a la iron\u00eda y secundariamente al escepticismo, poco valoradas en cuanto a sus cualidades filos\u00f3ficas, hemos querido reivindicar una ampliaci\u00f3n del marco del pensamiento, de aquello que podemos valorar como filos\u00f3fico. Por \u00faltimo, la uni\u00f3n de tales nociones, en primera instancia aparentemente heterog\u00e9neas, obedecer\u00eda a la estrecha interrelaci\u00f3n que guardan en la din\u00e1mica del pensamiento montaniano, ya que es dif\u00edcil entender plenamente lo que constituye el centro de las preocupaciones de los essais, sin tener un conocimiento m\u00ednimamente detallado de ellas.  de esta manera, en la primera secci\u00f3n de nuestra tesis, consagrada a la \u00abskepsis\u00bb en los essais de michel de montaigne, tratamos, en primer lugar de establecer un breve esquema de la transmisi\u00f3n de la tradici\u00f3n esc\u00e9ptica antigua a la modernidad temprana o renacimiento, al tiempo que dibujamos en esbozo un sucinto panorama de esta misma tradici\u00f3n cl\u00e1sica y sus alegadas diferencias con la moderna recepci\u00f3n o supuesta recuperaci\u00f3n del escepticismo. Tras esto nos centramos en los t\u00f3picos que han guiado la lectura m\u00e1s filos\u00f3fica del escepticismo montaniano; a la par, tratamos de poner en cuesti\u00f3n y dejar en epoche la mayor parte de las aseveraciones vertidas y hoy en d\u00eda generalmente aceptadas sobre el pensamiento del autor franc\u00e9s por lo que respecta a tal noci\u00f3n. Por \u00faltimo, desarrollamos nuestra propuesta de lectura del escepticismo en los essais como una suerte de pirronismo remozado.  esto nos permite pasar a la segunda secci\u00f3n de nuestro trabajo doctoral, donde el estilo dial\u00f3gico del ensayo montaniano en general y de su escepticismo en particular, deja ver la influencia de la manera socr\u00e1tica en los essais, reforzada por la importancia creciente de la figura de s\u00f3crates en su obra, personaje clave en la historia y en el propio concepto de la iron\u00eda. As\u00ed, y partiendo de un breve an\u00e1lisis contextual que ubicar\u00eda la relevancia de la noci\u00f3n de autorretrato en el renacimiento, as\u00ed como las diversas reflexiones fision\u00f3micas que despertar\u00eda la cuesti\u00f3n de la naturalidad o artificiosidad del rostro y costumbres socr\u00e1ticas y montanianas, ser\u00eda al hilo del car\u00e1cter sil\u00e9nico, encubierto o indirecto, del personaje de s\u00f3crates, as\u00ed como de los ensayos y pasajes a \u00e9l consagrados en los essais, como desembocar\u00edamos en el concepto de iron\u00eda. Aqu\u00ed, siguiendo una distinci\u00f3n elaborada por nosotros entre interpretaciones sem\u00e1nticas y pragm\u00e1ticas de la iron\u00eda caracterizamos tanto el estilo, como el pensamiento, esc\u00e9ptico y di\u00e1logico de montaigne, as\u00ed como a la noci\u00f3n pragm\u00e1tica de sujeto que albergar\u00eda en su seno.  con ello avanzamos hasta la tercera y \u00faltima secci\u00f3n de nuestra tesis, dedicada a la subjetividad esc\u00e9ptica e ir\u00f3nica que propone montaigne en los essais. Aqu\u00ed, tras una breve enumeraci\u00f3n de las posiciones cl\u00e1sicas sobre el sujeto en la obra del autor franc\u00e9s, uno de los temas m\u00e1s estudiados por los especialistas, procedemos a distinguir la propuesta de los ensayos de otras filos\u00f3ficamente m\u00e1s conocidas y luego, aprovechando las nociones que hemos puesto en juego en las dos secciones anteriores elaboramos nuestra propuesta de lectura del sujeto en esta obra, defendiendo su relevancia. Concluimos esta parte y con ella nuestro estudio apuntando algunos de los desarrollos posibles de este concepto, tal y como aparecer\u00eda en los essais, en relaci\u00f3n con los otros estudiados y atendiendo al panorama actual de los estudios filos\u00f3ficos.<\/p>\n<p>&nbsp;<\/p>\n<h3>Datos acad\u00e9micos de la tesis doctoral \u00ab<strong>Escepticismo, ironia y subjetividad en los \u00abessais\u00bb de michel de montaigne<\/strong>\u00ab<\/h3>\n<ul>\n<li><strong>T\u00edtulo de la tesis:<\/strong>\u00a0 Escepticismo, ironia y subjetividad en los \u00abessais\u00bb de michel de montaigne <\/li>\n<li><strong>Autor:<\/strong>\u00a0 Vicente Raga Rosaleny <\/li>\n<li><strong>Universidad:<\/strong>\u00a0 Universitat de val\u00e9ncia (estudi general)<\/li>\n<li><strong>Fecha de lectura de la tesis:<\/strong>\u00a0 28\/05\/2010<\/li>\n<\/ul>\n<p>&nbsp;<\/p>\n<h3>Direcci\u00f3n y tribunal<\/h3>\n<ul>\n<li><strong>Director de la tesis<\/strong>\n<ul>\n<li>Vicente Sanfelix Vidarte<\/li>\n<\/ul>\n<\/li>\n<li><strong>Tribunal<\/strong>\n<ul>\n<li>Presidente del tribunal: julian Pacho garcia <\/li>\n<li>luigi Perissinotto (vocal)<\/li>\n<li>gerardo Lopez sastre (vocal)<\/li>\n<li>  (vocal)<\/li>\n<\/ul>\n<\/li>\n<\/ul>\n<p>&nbsp;<\/p>\n","protected":false},"excerpt":{"rendered":"<p>Tesis doctoral de Vicente Raga Rosaleny Los tres conceptos nodales y estrechamente entrelazados en la escritura montaniana de escepticismo, iron\u00eda [&hellip;]<\/p>\n","protected":false},"author":1,"featured_media":0,"comment_status":"open","ping_status":"open","sticky":false,"template":"","format":"standard","meta":{"site-sidebar-layout":"default","site-content-layout":"","ast-site-content-layout":"","site-content-style":"default","site-sidebar-style":"default","ast-global-header-display":"","ast-banner-title-visibility":"","ast-main-header-display":"","ast-hfb-above-header-display":"","ast-hfb-below-header-display":"","ast-hfb-mobile-header-display":"","site-post-title":"","ast-breadcrumbs-content":"","ast-featured-img":"","footer-sml-layout":"","theme-transparent-header-meta":"","adv-header-id-meta":"","stick-header-meta":"","header-above-stick-meta":"","header-main-stick-meta":"","header-below-stick-meta":"","astra-migrate-meta-layouts":"default","ast-page-background-enabled":"default","ast-page-background-meta":{"desktop":{"background-color":"var(--ast-global-color-4)","background-image":"","background-repeat":"repeat","background-position":"center center","background-size":"auto","background-attachment":"scroll","background-type":"","background-media":"","overlay-type":"","overlay-color":"","overlay-gradient":""},"tablet":{"background-color":"","background-image":"","background-repeat":"repeat","background-position":"center center","background-size":"auto","background-attachment":"scroll","background-type":"","background-media":"","overlay-type":"","overlay-color":"","overlay-gradient":""},"mobile":{"background-color":"","background-image":"","background-repeat":"repeat","background-position":"center center","background-size":"auto","background-attachment":"scroll","background-type":"","background-media":"","overlay-type":"","overlay-color":"","overlay-gradient":""}},"ast-content-background-meta":{"desktop":{"background-color":"var(--ast-global-color-5)","background-image":"","background-repeat":"repeat","background-position":"center center","background-size":"auto","background-attachment":"scroll","background-type":"","background-media":"","overlay-type":"","overlay-color":"","overlay-gradient":""},"tablet":{"background-color":"var(--ast-global-color-5)","background-image":"","background-repeat":"repeat","background-position":"center center","background-size":"auto","background-attachment":"scroll","background-type":"","background-media":"","overlay-type":"","overlay-color":"","overlay-gradient":""},"mobile":{"background-color":"var(--ast-global-color-5)","background-image":"","background-repeat":"repeat","background-position":"center center","background-size":"auto","background-attachment":"scroll","background-type":"","background-media":"","overlay-type":"","overlay-color":"","overlay-gradient":""}},"footnotes":""},"categories":[960,165,5342,1058],"tags":[88025,19757,205762,205761,60241],"class_list":["post-101180","post","type-post","status-publish","format-standard","hentry","category-antropologia-filosofica","category-filosofia","category-filosofia-general","category-filosofia-moderna","tag-gerardo-lopez-sastre","tag-julian-pacho-garcia","tag-luigi-perissinotto","tag-vicente-raga-rosaleny","tag-vicente-sanfelix-vidarte"],"_links":{"self":[{"href":"https:\/\/www.deberes.net\/tesis\/wp-json\/wp\/v2\/posts\/101180","targetHints":{"allow":["GET"]}}],"collection":[{"href":"https:\/\/www.deberes.net\/tesis\/wp-json\/wp\/v2\/posts"}],"about":[{"href":"https:\/\/www.deberes.net\/tesis\/wp-json\/wp\/v2\/types\/post"}],"author":[{"embeddable":true,"href":"https:\/\/www.deberes.net\/tesis\/wp-json\/wp\/v2\/users\/1"}],"replies":[{"embeddable":true,"href":"https:\/\/www.deberes.net\/tesis\/wp-json\/wp\/v2\/comments?post=101180"}],"version-history":[{"count":0,"href":"https:\/\/www.deberes.net\/tesis\/wp-json\/wp\/v2\/posts\/101180\/revisions"}],"wp:attachment":[{"href":"https:\/\/www.deberes.net\/tesis\/wp-json\/wp\/v2\/media?parent=101180"}],"wp:term":[{"taxonomy":"category","embeddable":true,"href":"https:\/\/www.deberes.net\/tesis\/wp-json\/wp\/v2\/categories?post=101180"},{"taxonomy":"post_tag","embeddable":true,"href":"https:\/\/www.deberes.net\/tesis\/wp-json\/wp\/v2\/tags?post=101180"}],"curies":[{"name":"wp","href":"https:\/\/api.w.org\/{rel}","templated":true}]}}