{"id":101185,"date":"2018-03-11T10:22:52","date_gmt":"2018-03-11T10:22:52","guid":{"rendered":"https:\/\/www.deberes.net\/tesis\/sin-categoria\/contribucion-a-la-puesta-en-valor-del-patrimonio-etnologico-del-valle-de-gistain\/"},"modified":"2018-03-11T10:22:52","modified_gmt":"2018-03-11T10:22:52","slug":"contribucion-a-la-puesta-en-valor-del-patrimonio-etnologico-del-valle-de-gistain","status":"publish","type":"post","link":"https:\/\/www.deberes.net\/tesis\/etnografia-y-etnologia\/contribucion-a-la-puesta-en-valor-del-patrimonio-etnologico-del-valle-de-gistain\/","title":{"rendered":"Contribuci\u00f3n a la puesta en valor del patrimonio etnol\u00f3gico del valle de gistain"},"content":{"rendered":"<h2>Tesis doctoral de <strong> Pedro Jes\u00fas Perez Soler <\/strong><\/h2>\n<p>El valle de gistain, situado al norte de la provincia de huesca, es uno de los m\u00e1s rec\u00f3nditos del pirineo. Las deficientes comunicaciones con la zona prepirenaica, han determinado que la relaci\u00f3n haya sido m\u00e1s intensa con las localidades situadas al sur de francia, en los valles de aure y louron, que con las ubicadas en los valles espa\u00f1oles m\u00e1s pr\u00f3ximos. estos contactos han influido en la adopci\u00f3n de pautas culturales compartidas que afectan a las construcciones, objetos de uso cotidiano, a la m\u00fasica, al dance e incluso a amplios sectores de la tradici\u00f3n oral, aspectos que por resultar desconocidos para los chistavinos, son poco valorados, hall\u00e1ndose en la actualidad en serio riesgo; las amenazas surgen de los sectores m\u00e1s diversos, desde los movimientos especulativos que atentan contra el medio natural hasta las tendencias globalizadoras que desvirt\u00faan las particularidades de la poblaci\u00f3n, minimizando sus se\u00f1as de identidad e integr\u00e1ndolas en la masa, f\u00e1cilmente manipulable y desprovista de pensamiento individual. la ganader\u00eda ha sido el medio de vida tradicional del valle, algunas t\u00edmidas iniciativas han tratado de promocionar un turismo estacional que, limitado a los meses veraniegos, no garantiza una fuente de ingresos suficiente para asegurar el mantenimiento de la actividad. como f\u00f3rmula para conciliar la preservaci\u00f3n del patrimonio con actividades alternativas que complementen la actividad ganadera, propongo el fomento de un turismo cultural, no sujeto a la estacionalidad y que aprovechando buena parte de la infraestructura existente, pudiese atraer un mayor n\u00famero de visitantes, al tiempo que prolongar la estancia de \u00e9stos en los centros hosteleros del valle. para ello, sugiero la creaci\u00f3n de un ecomuseo en el que el n\u00facleo central podr\u00eda ser el actual museo etnol\u00f3gico de san juan de plan, contando tambi\u00e9n con centros de interpretaci\u00f3n perif\u00e9ricos, uno dedicado a la vida pastoril en la zona de bordas de san mam\u00e9s y otro a los glaciares pirenaicos en viad\u00f3s, frente al glaciar del posets, uno de los pocos que quedan todav\u00eda en la pen\u00ednsula, aunque en la actualidad se encuentra en franca regresi\u00f3n. Con unos costes m\u00ednimos, dado su buen estado de conservaci\u00f3n, ser\u00eda factible rehabilitar los molinos de gistain y san juan de plan, la serrer\u00eda de gistain y el telar de san juan de plan a fin de permitir su visita, integr\u00e1ndolos en las rutas culturales del ecomuseo. un hallazgo casual cuando me encontraba en la localidad francesa de cad\u00e9ac les bains investigando las relaciones habituales entre los habitantes de ambas vertientes de la cordillera, me llev\u00f3 a descubrir una variante del camino de santiago que desde 1562, a fin de evitar el arriesgado paso por el bearn, arrasado por las guerras de religi\u00f3n entre cat\u00f3licos y protestantes, partiendo de saint bertrand de comminges, ascend\u00eda por el valle de aure, introduci\u00e9ndose en espa\u00f1a por dos puntos, el puerto de ordiceto y el puerto viejo de plan, atravesaba el valle de gistain, saliendo del mismo por el collado de san miguel, por donde se alcanzaba el valle del cinca y por trayectos hoy desconocidos, empalmaba en jaca con el camino cl\u00e1sico. Los chistavinos no son conocedores de este hecho ni de que durante m\u00e1s de 400 a\u00f1os, los peregrinos hubiesen realizado este recorrido, perdi\u00e9ndose por tanto la posibilidad de promoci\u00f3n que este hecho hubiese originado. Los actuales caminantes que realizan esta ruta en la actualidad, evitan el valle de gistain (tambi\u00e9n ellos ignoran la continuidad del recorrido) y en numerosas ocasiones, toman autobuses para realizar una visita al templo de el pilar en zaragoza, desde donde se dirigen a jaca para continuar con su particular peregrinaci\u00f3n. Sacar a la luz este hecho, puede significar una importante promoci\u00f3n tur\u00edstica del valle, por lo que entre mis propuestas, incluyo la apertura de un centro de interpretaci\u00f3n del camino de santiago, en el que, adem\u00e1s de en las parroquias, pudiese obtenerse el sello para el carnet de peregrino. analizo tambi\u00e9n en esta tesis las amenazas a que se ha visto sometido el medio natural, desde el proyecto, actualmente paralizado pero no descartado, de una l\u00ednea el\u00e9ctrica de alta tensi\u00f3n, que atraviesa algunas de las zonas m\u00e1s bellas del parque natural posets-maladeta, hasta el proyecto de apertura de una estaci\u00f3n de esqu\u00ed, de cuya planificaci\u00f3n depender\u00eda la desaparici\u00f3n de una de las zonas menos contaminadas del pirineo, sin olvidar algunas actuaciones medioambientales irreflexivas, como la apertura de pistas o la creaci\u00f3n de minicentrales, que han hecho peligrar algunos fr\u00e1giles ecosistemas dif\u00edcilmente recuperables.<\/p>\n<p>&nbsp;<\/p>\n<h3>Datos acad\u00e9micos de la tesis doctoral \u00ab<strong>Contribuci\u00f3n a la puesta en valor del patrimonio etnol\u00f3gico del valle de gistain<\/strong>\u00ab<\/h3>\n<ul>\n<li><strong>T\u00edtulo de la tesis:<\/strong>\u00a0 Contribuci\u00f3n a la puesta en valor del patrimonio etnol\u00f3gico del valle de gistain <\/li>\n<li><strong>Autor:<\/strong>\u00a0 Pedro Jes\u00fas Perez Soler <\/li>\n<li><strong>Universidad:<\/strong>\u00a0 Zaragoza<\/li>\n<li><strong>Fecha de lectura de la tesis:<\/strong>\u00a0 28\/05\/2010<\/li>\n<\/ul>\n<p>&nbsp;<\/p>\n<h3>Direcci\u00f3n y tribunal<\/h3>\n<ul>\n<li><strong>Director de la tesis<\/strong>\n<ul>\n<li>Elisa Sanchez Sanz<\/li>\n<\/ul>\n<\/li>\n<li><strong>Tribunal<\/strong>\n<ul>\n<li>Presidente del tribunal: Carlos G\u00f3mez bahillo <\/li>\n<li>Jorge Sanchez-lafuente perez (vocal)<\/li>\n<li>Jos\u00e9 fidel Molina luque (vocal)<\/li>\n<li>m. josepa Roma riu (vocal)<\/li>\n<\/ul>\n<\/li>\n<\/ul>\n<p>&nbsp;<\/p>\n","protected":false},"excerpt":{"rendered":"<p>Tesis doctoral de Pedro Jes\u00fas Perez Soler El valle de gistain, situado al norte de la provincia de huesca, es [&hellip;]<\/p>\n","protected":false},"author":1,"featured_media":0,"comment_status":"open","ping_status":"open","sticky":false,"template":"","format":"standard","meta":{"site-sidebar-layout":"default","site-content-layout":"","ast-site-content-layout":"","site-content-style":"default","site-sidebar-style":"default","ast-global-header-display":"","ast-banner-title-visibility":"","ast-main-header-display":"","ast-hfb-above-header-display":"","ast-hfb-below-header-display":"","ast-hfb-mobile-header-display":"","site-post-title":"","ast-breadcrumbs-content":"","ast-featured-img":"","footer-sml-layout":"","theme-transparent-header-meta":"","adv-header-id-meta":"","stick-header-meta":"","header-above-stick-meta":"","header-main-stick-meta":"","header-below-stick-meta":"","astra-migrate-meta-layouts":"default","ast-page-background-enabled":"default","ast-page-background-meta":{"desktop":{"background-color":"var(--ast-global-color-4)","background-image":"","background-repeat":"repeat","background-position":"center center","background-size":"auto","background-attachment":"scroll","background-type":"","background-media":"","overlay-type":"","overlay-color":"","overlay-gradient":""},"tablet":{"background-color":"","background-image":"","background-repeat":"repeat","background-position":"center center","background-size":"auto","background-attachment":"scroll","background-type":"","background-media":"","overlay-type":"","overlay-color":"","overlay-gradient":""},"mobile":{"background-color":"","background-image":"","background-repeat":"repeat","background-position":"center center","background-size":"auto","background-attachment":"scroll","background-type":"","background-media":"","overlay-type":"","overlay-color":"","overlay-gradient":""}},"ast-content-background-meta":{"desktop":{"background-color":"var(--ast-global-color-5)","background-image":"","background-repeat":"repeat","background-position":"center center","background-size":"auto","background-attachment":"scroll","background-type":"","background-media":"","overlay-type":"","overlay-color":"","overlay-gradient":""},"tablet":{"background-color":"var(--ast-global-color-5)","background-image":"","background-repeat":"repeat","background-position":"center center","background-size":"auto","background-attachment":"scroll","background-type":"","background-media":"","overlay-type":"","overlay-color":"","overlay-gradient":""},"mobile":{"background-color":"var(--ast-global-color-5)","background-image":"","background-repeat":"repeat","background-position":"center center","background-size":"auto","background-attachment":"scroll","background-type":"","background-media":"","overlay-type":"","overlay-color":"","overlay-gradient":""}},"footnotes":""},"categories":[983,726,2224,13610],"tags":[42208,205771,171340,50540,200271,205770],"class_list":["post-101185","post","type-post","status-publish","format-standard","hentry","category-antropologia-cultural","category-etnografia-y-etnologia","category-historia-local","category-zaragoza","tag-carlos-gomez-bahillo","tag-elisa-sanchez-sanz","tag-jorge-sanchez-lafuente-perez","tag-jose-fidel-molina-luque","tag-m-josepa-roma-riu","tag-pedro-jesus-perez-soler"],"_links":{"self":[{"href":"https:\/\/www.deberes.net\/tesis\/wp-json\/wp\/v2\/posts\/101185","targetHints":{"allow":["GET"]}}],"collection":[{"href":"https:\/\/www.deberes.net\/tesis\/wp-json\/wp\/v2\/posts"}],"about":[{"href":"https:\/\/www.deberes.net\/tesis\/wp-json\/wp\/v2\/types\/post"}],"author":[{"embeddable":true,"href":"https:\/\/www.deberes.net\/tesis\/wp-json\/wp\/v2\/users\/1"}],"replies":[{"embeddable":true,"href":"https:\/\/www.deberes.net\/tesis\/wp-json\/wp\/v2\/comments?post=101185"}],"version-history":[{"count":0,"href":"https:\/\/www.deberes.net\/tesis\/wp-json\/wp\/v2\/posts\/101185\/revisions"}],"wp:attachment":[{"href":"https:\/\/www.deberes.net\/tesis\/wp-json\/wp\/v2\/media?parent=101185"}],"wp:term":[{"taxonomy":"category","embeddable":true,"href":"https:\/\/www.deberes.net\/tesis\/wp-json\/wp\/v2\/categories?post=101185"},{"taxonomy":"post_tag","embeddable":true,"href":"https:\/\/www.deberes.net\/tesis\/wp-json\/wp\/v2\/tags?post=101185"}],"curies":[{"name":"wp","href":"https:\/\/api.w.org\/{rel}","templated":true}]}}