{"id":101197,"date":"2018-03-11T10:22:52","date_gmt":"2018-03-11T10:22:52","guid":{"rendered":"https:\/\/www.deberes.net\/tesis\/sin-categoria\/falange-i-poder-lleida-durant-la-dictadura-franquista\/"},"modified":"2018-03-11T10:22:52","modified_gmt":"2018-03-11T10:22:52","slug":"falange-i-poder-lleida-durant-la-dictadura-franquista","status":"publish","type":"post","link":"https:\/\/www.deberes.net\/tesis\/historia-regional\/falange-i-poder-lleida-durant-la-dictadura-franquista\/","title":{"rendered":"Falange i poder. lleida durant la dictadura franquista."},"content":{"rendered":"<h2>Tesis doctoral de <strong> Josep Gelonch Sol\u00e9 <\/strong><\/h2>\n<p>El trabajo profundiza en el estudio de la institucionalizaci\u00f3n y consolidaci\u00f3n del r\u00e9gimen franquista en el contexto de la europa de los totalitarismos y toma como marco de estudio la ciudad de lleida y su provincia. Centra el an\u00e1lisis en el partido \u00fanico fet y de las jons y su papel en la configuraci\u00f3n institucional de la dictadura. La falange (el movimiento nacional) fue uno de los pilares centrales de la vida pol\u00edtica durante los cuarenta a\u00f1os de franquismo. Definido como un instrumento totalitario al servicio del estado, le fueron atribuidas unas tareas ampl\u00edsimas en la captaci\u00f3n y movilizaci\u00f3n de los apoyos sociales del r\u00e9gimen, en la socializaci\u00f3n de la poblaci\u00f3n espa\u00f1ola en los valores del nuevo estado, en la construcci\u00f3n de una nueva legitimidad, as\u00ed como en la instauraci\u00f3n de un nuevo estilo pol\u00edtico. La posici\u00f3n del partido \u00fanico en el sistema de distribuci\u00f3n del poder franquista, des del centro a la periferia y de arriba abajo, era central. De aqu\u00ed que el estudio de fet y de las jons se nos muestre como fundamental en la comprensi\u00f3n de la naturaleza, la construcci\u00f3n y el funcionamiento pol\u00edtico de la dictadura, tanto a nivel nacional como local o provincial. metodol\u00f3gicamente, el estudio combina los instrumentos de la historia local o microhistoria &#8211; para profundizar en una realidad hist\u00f3rica geogr\u00e1ficamente limitada- con las de la historia comparada &#8211; que nos permiten enmarcar la trayectoria del r\u00e9gimen franquista en el contexto de la europa del momento-. Los distintos tipos de fuentes hist\u00f3ricas utilizadas han sido b\u00e1sicamente de archivo (\u00e1mbito estatal, provincial, comarcal y local), hemerogr\u00e1ficas, bibliogr\u00e1ficas y, en muy menor medida, orales. el an\u00e1lisis del papel de fet y de las jons a la luz de los modelos europeos fascista y nazi, en clave comparada, nos sirve para establecer las coordenadas hist\u00f3ricas y pol\u00edticas en que se desarrolla el trabajo. En una primera parte se estudia la aparici\u00f3n del primer n\u00facleo falangista (siempre marginal en el escenario pol\u00edtico local) en la ciudad antes de la guerra y su participaci\u00f3n en la preparaci\u00f3n y consecuci\u00f3n del golpe de estado militar de julio de 1936. Se analiza el desplegamiento, el funcionamiento y la evoluci\u00f3n de fet y de las jons en la provincia de lleida, desde la ocupaci\u00f3n el abril de 1938 hasta los a\u00f1os cincuenta. Se dedica un cap\u00edtulo a estudiar la integraci\u00f3n de los carlistas al nuevo partido \u00fanico, y las dificultades y oposiciones que comport\u00f3 el hecho de verse marginados en la distribuci\u00f3n de poder en el partido, pese a partir de unas posiciones claramente hegem\u00f3nicas entre las fuerzas pol\u00edticas derechistas de antes de la guerra. en la segunda parte se analizan las principales secciones de fet y de las jons, cuyos objetivos responden a la voluntad de encuadrar, controlar, movilizar y socializar la poblaci\u00f3n espa\u00f1ola, con especial atenci\u00f3n a los j\u00f3venes, las mujeres y los trabajadores. Se estudia, por lo tanto, la actuaci\u00f3n del frente de juventudes, el sindicato espa\u00f1ol universitario, auxilio social, secci\u00f3n femenina y el sindicato vertical en la provincia de lleida, que fueron todos ellos instrumentos de capilarizaci\u00f3n social en manos del partido \u00fanico franquista y que dejaron una huella diversa en las generaciones que vivieron en tiempos de la dictadura. finalmente, el trabajo se aproxima a las instituciones pol\u00edticas provinciales y de la capital, fij\u00e1ndose en el repartimiento de poder y el personal pol\u00edtico que ocup\u00f3 los cargos. Se siguen las l\u00edneas de continuidad o fractura respecto a los mecanismos de dominio social y pol\u00edtico anterior a la guerra, formales e informales, as\u00ed como nos proponemos delimitar cu\u00e1les eran los principales apoyos sociales del r\u00e9gimen franquista en nuestras tierras. la investigaci\u00f3n realizada llena un vac\u00edo historiogr\u00e1fico en las comarcas leridanas, como es el del an\u00e1lisis del r\u00e9gimen franquista desde su interior, a trav\u00e9s de fet y de las jons, las instituciones pol\u00edticas principales (gobierno civil, diputaci\u00f3n provincial y ayuntamiento de lleida) y otros espacios informales de poder.<\/p>\n<p>&nbsp;<\/p>\n<h3>Datos acad\u00e9micos de la tesis doctoral \u00ab<strong>Falange i poder. lleida durant la dictadura franquista.<\/strong>\u00ab<\/h3>\n<ul>\n<li><strong>T\u00edtulo de la tesis:<\/strong>\u00a0 Falange i poder. lleida durant la dictadura franquista. <\/li>\n<li><strong>Autor:<\/strong>\u00a0 Josep Gelonch Sol\u00e9 <\/li>\n<li><strong>Universidad:<\/strong>\u00a0 Lleida<\/li>\n<li><strong>Fecha de lectura de la tesis:<\/strong>\u00a0 28\/05\/2010<\/li>\n<\/ul>\n<p>&nbsp;<\/p>\n<h3>Direcci\u00f3n y tribunal<\/h3>\n<ul>\n<li><strong>Director de la tesis<\/strong>\n<ul>\n<li>Concepci\u00f3n Mir Curc\u00f3<\/li>\n<\/ul>\n<\/li>\n<li><strong>Tribunal<\/strong>\n<ul>\n<li>Presidente del tribunal: manuel Lladonosa vall-llebrera <\/li>\n<li>francesc Vilanova vila-abadal (vocal)<\/li>\n<li>joan Mar\u00eda Thomas andreu (vocal)<\/li>\n<li>angela Cenarro lagunas (vocal)<\/li>\n<\/ul>\n<\/li>\n<\/ul>\n<p>&nbsp;<\/p>\n","protected":false},"excerpt":{"rendered":"<p>Tesis doctoral de Josep Gelonch Sol\u00e9 El trabajo profundiza en el estudio de la institucionalizaci\u00f3n y consolidaci\u00f3n del r\u00e9gimen franquista [&hellip;]<\/p>\n","protected":false},"author":1,"featured_media":0,"comment_status":"open","ping_status":"open","sticky":false,"template":"","format":"standard","meta":{"site-sidebar-layout":"default","site-content-layout":"","ast-site-content-layout":"","site-content-style":"default","site-sidebar-style":"default","ast-global-header-display":"","ast-banner-title-visibility":"","ast-main-header-display":"","ast-hfb-above-header-display":"","ast-hfb-below-header-display":"","ast-hfb-mobile-header-display":"","site-post-title":"","ast-breadcrumbs-content":"","ast-featured-img":"","footer-sml-layout":"","theme-transparent-header-meta":"","adv-header-id-meta":"","stick-header-meta":"","header-above-stick-meta":"","header-main-stick-meta":"","header-below-stick-meta":"","astra-migrate-meta-layouts":"default","ast-page-background-enabled":"default","ast-page-background-meta":{"desktop":{"background-color":"var(--ast-global-color-4)","background-image":"","background-repeat":"repeat","background-position":"center center","background-size":"auto","background-attachment":"scroll","background-type":"","background-media":"","overlay-type":"","overlay-color":"","overlay-gradient":""},"tablet":{"background-color":"","background-image":"","background-repeat":"repeat","background-position":"center center","background-size":"auto","background-attachment":"scroll","background-type":"","background-media":"","overlay-type":"","overlay-color":"","overlay-gradient":""},"mobile":{"background-color":"","background-image":"","background-repeat":"repeat","background-position":"center center","background-size":"auto","background-attachment":"scroll","background-type":"","background-media":"","overlay-type":"","overlay-color":"","overlay-gradient":""}},"ast-content-background-meta":{"desktop":{"background-color":"var(--ast-global-color-5)","background-image":"","background-repeat":"repeat","background-position":"center center","background-size":"auto","background-attachment":"scroll","background-type":"","background-media":"","overlay-type":"","overlay-color":"","overlay-gradient":""},"tablet":{"background-color":"var(--ast-global-color-5)","background-image":"","background-repeat":"repeat","background-position":"center center","background-size":"auto","background-attachment":"scroll","background-type":"","background-media":"","overlay-type":"","overlay-color":"","overlay-gradient":""},"mobile":{"background-color":"var(--ast-global-color-5)","background-image":"","background-repeat":"repeat","background-position":"center center","background-size":"auto","background-attachment":"scroll","background-type":"","background-media":"","overlay-type":"","overlay-color":"","overlay-gradient":""}},"footnotes":""},"categories":[17859,2224,981,18842,2635],"tags":[28706,9704,124078,164930,205790,37823],"class_list":["post-101197","post","type-post","status-publish","format-standard","hentry","category-historia-comparada","category-historia-local","category-historia-regional","category-lleida","category-prehistoria","tag-angela-cenarro-lagunas","tag-concepcion-mir-curco","tag-francesc-vilanova-vila-abadal","tag-joan-maria-thomas-andreu","tag-josep-gelonch-sole","tag-manuel-lladonosa-vall-llebrera"],"_links":{"self":[{"href":"https:\/\/www.deberes.net\/tesis\/wp-json\/wp\/v2\/posts\/101197","targetHints":{"allow":["GET"]}}],"collection":[{"href":"https:\/\/www.deberes.net\/tesis\/wp-json\/wp\/v2\/posts"}],"about":[{"href":"https:\/\/www.deberes.net\/tesis\/wp-json\/wp\/v2\/types\/post"}],"author":[{"embeddable":true,"href":"https:\/\/www.deberes.net\/tesis\/wp-json\/wp\/v2\/users\/1"}],"replies":[{"embeddable":true,"href":"https:\/\/www.deberes.net\/tesis\/wp-json\/wp\/v2\/comments?post=101197"}],"version-history":[{"count":0,"href":"https:\/\/www.deberes.net\/tesis\/wp-json\/wp\/v2\/posts\/101197\/revisions"}],"wp:attachment":[{"href":"https:\/\/www.deberes.net\/tesis\/wp-json\/wp\/v2\/media?parent=101197"}],"wp:term":[{"taxonomy":"category","embeddable":true,"href":"https:\/\/www.deberes.net\/tesis\/wp-json\/wp\/v2\/categories?post=101197"},{"taxonomy":"post_tag","embeddable":true,"href":"https:\/\/www.deberes.net\/tesis\/wp-json\/wp\/v2\/tags?post=101197"}],"curies":[{"name":"wp","href":"https:\/\/api.w.org\/{rel}","templated":true}]}}