{"id":101202,"date":"2018-03-11T10:22:58","date_gmt":"2018-03-11T10:22:58","guid":{"rendered":"https:\/\/www.deberes.net\/tesis\/sin-categoria\/contribucion-de-la-comision-de-compensacion-de-las-naciones-unidas-al-mecanismo-de-responsabilidad-internacional-por-danos-al-medio-ambiente-y-al-patrimonio-cultural\/"},"modified":"2018-03-11T10:22:58","modified_gmt":"2018-03-11T10:22:58","slug":"contribucion-de-la-comision-de-compensacion-de-las-naciones-unidas-al-mecanismo-de-responsabilidad-internacional-por-danos-al-medio-ambiente-y-al-patrimonio-cultural","status":"publish","type":"post","link":"https:\/\/www.deberes.net\/tesis\/derecho-internacional\/contribucion-de-la-comision-de-compensacion-de-las-naciones-unidas-al-mecanismo-de-responsabilidad-internacional-por-danos-al-medio-ambiente-y-al-patrimonio-cultural\/","title":{"rendered":"Contribucion de la comision de compensacion de las naciones unidas al mecanismo de responsabilidad internacional por da\u00f1os al medio ambiente y al patrimonio cultural"},"content":{"rendered":"<h2>Tesis doctoral de <strong> Maximiliano Koch <\/strong><\/h2>\n<p>Contribuci\u00f3n de la comisi\u00f3n de compensaci\u00f3n de las naciones unidas al mecanismo de responsabilidad internacional por da\u00f1os al medio ambiente y del patrimonio cultural  la comisi\u00f3n de compensaci\u00f3n de las naciones unidas es un organismo pol\u00edtico dependiente del consejo de seguridad, con competencias para determinar los montos compensatorios de las reclamaciones presentadas por las v\u00edctimas de los da\u00f1os ocasionados durante la invasi\u00f3n y ocupaci\u00f3n de irak a kuwait, entre agosto de 1990 y marzo de 1991, y para administrar el fondo de compensaci\u00f3n constituido por aportes efectuados por el estado agresor. las resoluciones 687 (1991) y 692 (1991), el informe del secretario general de 2 de mayo y las decisiones elaboradas por la propia comisi\u00f3n, han dado nacimiento a un procedimiento sin precedentes en el ordenamiento jur\u00eddico internacional y que se caracteriza por: a) irak es declarado \u00fanico responsable por todos los da\u00f1os ocasionados durante el tiempo que se prolong\u00f3 la ocupaci\u00f3n en el estado de kuwait; b) se limita el ejercicio de las tradicionales garant\u00edas procesales; y c) no existe obligaci\u00f3n de que la comisi\u00f3n de compensaci\u00f3n motive las decisiones por las que se conceden compensaciones. El procedimiento no tiene naturaleza judicial sino cuasi-judicial. Se ha pretendido conseguir una justicia pr\u00e1ctica y expedita para que los da\u00f1os ocasionados en este per\u00edodo fuesen resarcidos. las reclamaciones por da\u00f1os al medio ambiente ocasionados durante este conflicto armado, se vieron sometidas a la competencia de esta comisi\u00f3n, lo que ha representado un serio desaf\u00edo al organismo de naciones unidas: al tiempo de producirse la invasi\u00f3n y ocupaci\u00f3n de kuwait, irak no hab\u00eda ratificado ning\u00fan acuerdo internacional de protecci\u00f3n del medio ambiente contenido en el derecho internacional humanitario. sin embargo, la comisi\u00f3n de compensaci\u00f3n aplic\u00f3 principios propios del derecho ambiental internacional, como los de prevenci\u00f3n, mitigaci\u00f3n y restauraci\u00f3n, avanzando de este modo en la protecci\u00f3n integral de los recursos naturales. As\u00ed mismo, ha aplicado id\u00e9nticos principios para los da\u00f1os ocasionados al patrimonio cultural, por lo que parecer\u00eda que ha integrado ambos conceptos. la aplicaci\u00f3n de estos principios, junto a otros analizados en el trabajo de tesis doctoral que se presenta, no s\u00f3lo ha posibilitado la resoluci\u00f3n de las reclamaciones por da\u00f1os ocasionados durante el conflicto del golfo p\u00e9rsico, sino que abre nuevas perspectivas para la adecuada protecci\u00f3n y reparaci\u00f3n del medio ambiente y el patrimonio cultural en el marco del derecho internacional humanitario.<\/p>\n<p>&nbsp;<\/p>\n<h3>Datos acad\u00e9micos de la tesis doctoral \u00ab<strong>Contribucion de la comision de compensacion de las naciones unidas al mecanismo de responsabilidad internacional por da\u00f1os al medio ambiente y al patrimonio cultural<\/strong>\u00ab<\/h3>\n<ul>\n<li><strong>T\u00edtulo de la tesis:<\/strong>\u00a0 Contribucion de la comision de compensacion de las naciones unidas al mecanismo de responsabilidad internacional por da\u00f1os al medio ambiente y al patrimonio cultural <\/li>\n<li><strong>Autor:<\/strong>\u00a0 Maximiliano Koch <\/li>\n<li><strong>Universidad:<\/strong>\u00a0 Pontificia comillas<\/li>\n<li><strong>Fecha de lectura de la tesis:<\/strong>\u00a0 28\/05\/2010<\/li>\n<\/ul>\n<p>&nbsp;<\/p>\n<h3>Direcci\u00f3n y tribunal<\/h3>\n<ul>\n<li><strong>Director de la tesis<\/strong>\n<ul>\n<li>Susana De Tomas Morales<\/li>\n<\/ul>\n<\/li>\n<li><strong>Tribunal<\/strong>\n<ul>\n<li>Presidente del tribunal: Jorge Cardona llorens <\/li>\n<li>montserrat Abad castelos (vocal)<\/li>\n<li>rosa Giles carnero (vocal)<\/li>\n<li>cristina Gort\u00e1zar rotaeche (vocal)<\/li>\n<\/ul>\n<\/li>\n<\/ul>\n<p>&nbsp;<\/p>\n","protected":false},"excerpt":{"rendered":"<p>Tesis doctoral de Maximiliano Koch Contribuci\u00f3n de la comisi\u00f3n de compensaci\u00f3n de las naciones unidas al mecanismo de responsabilidad internacional [&hellip;]<\/p>\n","protected":false},"author":1,"featured_media":0,"comment_status":"open","ping_status":"open","sticky":false,"template":"","format":"standard","meta":{"site-sidebar-layout":"default","site-content-layout":"","ast-site-content-layout":"","site-content-style":"default","site-sidebar-style":"default","ast-global-header-display":"","ast-banner-title-visibility":"","ast-main-header-display":"","ast-hfb-above-header-display":"","ast-hfb-below-header-display":"","ast-hfb-mobile-header-display":"","site-post-title":"","ast-breadcrumbs-content":"","ast-featured-img":"","footer-sml-layout":"","theme-transparent-header-meta":"","adv-header-id-meta":"","stick-header-meta":"","header-above-stick-meta":"","header-main-stick-meta":"","header-below-stick-meta":"","astra-migrate-meta-layouts":"default","ast-page-background-enabled":"default","ast-page-background-meta":{"desktop":{"background-color":"var(--ast-global-color-4)","background-image":"","background-repeat":"repeat","background-position":"center center","background-size":"auto","background-attachment":"scroll","background-type":"","background-media":"","overlay-type":"","overlay-color":"","overlay-gradient":""},"tablet":{"background-color":"","background-image":"","background-repeat":"repeat","background-position":"center center","background-size":"auto","background-attachment":"scroll","background-type":"","background-media":"","overlay-type":"","overlay-color":"","overlay-gradient":""},"mobile":{"background-color":"","background-image":"","background-repeat":"repeat","background-position":"center center","background-size":"auto","background-attachment":"scroll","background-type":"","background-media":"","overlay-type":"","overlay-color":"","overlay-gradient":""}},"ast-content-background-meta":{"desktop":{"background-color":"var(--ast-global-color-5)","background-image":"","background-repeat":"repeat","background-position":"center center","background-size":"auto","background-attachment":"scroll","background-type":"","background-media":"","overlay-type":"","overlay-color":"","overlay-gradient":""},"tablet":{"background-color":"var(--ast-global-color-5)","background-image":"","background-repeat":"repeat","background-position":"center center","background-size":"auto","background-attachment":"scroll","background-type":"","background-media":"","overlay-type":"","overlay-color":"","overlay-gradient":""},"mobile":{"background-color":"var(--ast-global-color-5)","background-image":"","background-repeat":"repeat","background-position":"center center","background-size":"auto","background-attachment":"scroll","background-type":"","background-media":"","overlay-type":"","overlay-color":"","overlay-gradient":""}},"footnotes":""},"categories":[1211,37684,18397],"tags":[68682,11448,205798,163454,205800,205799],"class_list":["post-101202","post","type-post","status-publish","format-standard","hentry","category-derecho-internacional","category-politica-del-medio-ambiente","category-pontificia-comillas","tag-cristina-gortazar-rotaeche","tag-jorge-cardona-llorens","tag-maximiliano-koch","tag-montserrat-abad-castelos","tag-rosa-giles-carnero","tag-susana-de-tomas-morales"],"_links":{"self":[{"href":"https:\/\/www.deberes.net\/tesis\/wp-json\/wp\/v2\/posts\/101202","targetHints":{"allow":["GET"]}}],"collection":[{"href":"https:\/\/www.deberes.net\/tesis\/wp-json\/wp\/v2\/posts"}],"about":[{"href":"https:\/\/www.deberes.net\/tesis\/wp-json\/wp\/v2\/types\/post"}],"author":[{"embeddable":true,"href":"https:\/\/www.deberes.net\/tesis\/wp-json\/wp\/v2\/users\/1"}],"replies":[{"embeddable":true,"href":"https:\/\/www.deberes.net\/tesis\/wp-json\/wp\/v2\/comments?post=101202"}],"version-history":[{"count":0,"href":"https:\/\/www.deberes.net\/tesis\/wp-json\/wp\/v2\/posts\/101202\/revisions"}],"wp:attachment":[{"href":"https:\/\/www.deberes.net\/tesis\/wp-json\/wp\/v2\/media?parent=101202"}],"wp:term":[{"taxonomy":"category","embeddable":true,"href":"https:\/\/www.deberes.net\/tesis\/wp-json\/wp\/v2\/categories?post=101202"},{"taxonomy":"post_tag","embeddable":true,"href":"https:\/\/www.deberes.net\/tesis\/wp-json\/wp\/v2\/tags?post=101202"}],"curies":[{"name":"wp","href":"https:\/\/api.w.org\/{rel}","templated":true}]}}