{"id":101273,"date":"2010-01-06T00:00:00","date_gmt":"2010-01-06T00:00:00","guid":{"rendered":"https:\/\/www.deberes.net\/tesis\/sin-categoria\/arquitectura-de-la-posguerra-en-barcelona-1939-1952\/"},"modified":"2010-01-06T00:00:00","modified_gmt":"2010-01-06T00:00:00","slug":"arquitectura-de-la-posguerra-en-barcelona-1939-1952","status":"publish","type":"post","link":"https:\/\/www.deberes.net\/tesis\/historia-del-arte\/arquitectura-de-la-posguerra-en-barcelona-1939-1952\/","title":{"rendered":"Arquitectura de la posguerra en barcelona (1939-1952)"},"content":{"rendered":"<h2>Tesis doctoral de <strong> Yara Maite Col\u00f3n Rodr\u00edguez <\/strong><\/h2>\n<p>Esta tesis presenta una visi\u00f3n del conjunto de la arquitectura producida en la ciudad de barcelona durante la posguerra, teniendo como t\u00e9rminos cronol\u00f3gicos el a\u00f1o de 1939, con el final de la guerra civil espa\u00f1ola, y el a\u00f1o de 1952, con la celebraci\u00f3n del trig\u00e9simo quinto congreso eucar\u00edstico internacional. La conclusi\u00f3n del conflicto representa uno de los primeros pasos hacia la suspensi\u00f3n y el repliegue del proyecto de modernizaci\u00f3n avalado por el gobierno republicano, mientras que el evento religioso representa el ajuste y la integraci\u00f3n del nuevo r\u00e9gimen dictatorial al \u00e1mbito internacional. Se trata de un lapso ante el cual la historiograf\u00eda precedente ha prestado atenci\u00f3n, si bien pasando por alto algunos aspectos relevantes y algunas condiciones particulares de la \u00e9poca, las instituciones, los personajes y las obras producidas. El objetivo que se plantea la tesis es, por tanto, hacer una lectura del conjunto, construir una interpretaci\u00f3n, versi\u00f3n, relato o narraci\u00f3n del legado de posguerra en su complejidad y extensi\u00f3n, entendiendo la arquitectura como documento de una \u00e9poca y como indubitable testimonio del poder. La intenci\u00f3n es identificar c\u00f3mo se somete a un proceso de resignificaci\u00f3n a la arquitectura y la ciudad de barcelona durante la inmediata posguerra, mientras se descubren la voluntad y las necesidades del franquismo. la primera parte de la tesis constar\u00e1 de una revisi\u00f3n del contexto general de preguerra, un contexto que ganar\u00e1 profundidad en la medida en que se aproxime a la trama de la posguerra, con el fin de registrar las diversas condiciones que incidir\u00e1n en la producci\u00f3n arquitect\u00f3nica hasta abordar las depuraciones profesionales. De ah\u00ed, en lo que ser\u00e1 en definitiva un marco de pobreza, escasez, represi\u00f3n y falta de libertad, se pondr\u00e1n de relieve en la segunda parte los criterios arquitect\u00f3nicos y est\u00e9ticos presentes en la \u00e9poca, entre cuyos m\u00e1rgenes operar\u00e1n los arquitectos de la ciudad.  en la tercera y \u00faltima parte de la tesis, compuesta por siete cap\u00edtulos, se centrar\u00e1 la atenci\u00f3n sobre las obras arquitect\u00f3nicas, partiendo de su agrupaci\u00f3n seg\u00fan el car\u00e1cter y destino de los edificios. Es desde la referencia a dichos conjuntos cuando se advertir\u00e1 la cristalizaci\u00f3n de nuevos significados a trav\u00e9s de diversos procesos. Al respecto, los primeros cap\u00edtulos tendr\u00e1n por objeto: la deliberada creaci\u00f3n de una nueva memoria del conflicto; la formaci\u00f3n involuntaria de otra memoria con la construcci\u00f3n de refugios antia\u00e9reos que prolongan el estado de guerra; la toma del centro de la ciudad por la banca; la redistribuci\u00f3n de parroquias a lo largo y ancho del medio urbano; y la instrumentalizaci\u00f3n del problema de la vivienda. As\u00ed, a trav\u00e9s de los monumentos, los edificios con refugio, los bancos, las iglesias y la vivienda oficial se captar\u00e1 c\u00f3mo el proyecto responde a la voluntad y las necesidades reales y simb\u00f3licas de la dictadura, mientras la vivienda, los servicios y la industria terminar\u00e1n de conformar el cuadro de lo que era una ciudad resignada al dejar hacer del r\u00e9gimen.  a pesar de la apariencia de continuidad, quedar\u00e1 establecido que la arquitectura de posguerra en la ciudad de barcelona implic\u00f3 la incorporaci\u00f3n de importantes cambios en la articulaci\u00f3n y distribuci\u00f3n del proyecto. La tesis, en conclusi\u00f3n, abre una nueva v\u00eda interpretativa para generar m\u00e1s y mejores interpelaciones al pasado desde un presente desbordado por otros intereses.<\/p>\n<p>&nbsp;<\/p>\n<h3>Datos acad\u00e9micos de la tesis doctoral \u00ab<strong>Arquitectura de la posguerra en barcelona (1939-1952)<\/strong>\u00ab<\/h3>\n<ul>\n<li><strong>T\u00edtulo de la tesis:<\/strong>\u00a0 Arquitectura de la posguerra en barcelona (1939-1952) <\/li>\n<li><strong>Autor:<\/strong>\u00a0 Yara Maite Col\u00f3n Rodr\u00edguez <\/li>\n<li><strong>Universidad:<\/strong>\u00a0 Polit\u00e9cnica de catalunya<\/li>\n<li><strong>Fecha de lectura de la tesis:<\/strong>\u00a0 01\/06\/2010<\/li>\n<\/ul>\n<p>&nbsp;<\/p>\n<h3>Direcci\u00f3n y tribunal<\/h3>\n<ul>\n<li><strong>Director de la tesis<\/strong>\n<ul>\n<li>Jos\u00e9 Mar\u00eda Rovira  Gimeno<\/li>\n<\/ul>\n<\/li>\n<li><strong>Tribunal<\/strong>\n<ul>\n<li>Presidente del tribunal: victor Perez escolano <\/li>\n<li>M\u00aa isabel Cabrera Garc\u00eda (vocal)<\/li>\n<li>pere Ys\u00ed\u00a0s solanes (vocal)<\/li>\n<li>lLuis Dom\u00e9nech i girbau (vocal)<\/li>\n<\/ul>\n<\/li>\n<\/ul>\n<p>&nbsp;<\/p>\n","protected":false},"excerpt":{"rendered":"<p>Tesis doctoral de Yara Maite Col\u00f3n Rodr\u00edguez Esta tesis presenta una visi\u00f3n del conjunto de la arquitectura producida en la [&hellip;]<\/p>\n","protected":false},"author":1,"featured_media":0,"comment_status":"open","ping_status":"open","sticky":false,"template":"","format":"standard","meta":{"site-sidebar-layout":"default","site-content-layout":"","ast-site-content-layout":"","site-content-style":"default","site-sidebar-style":"default","ast-global-header-display":"","ast-banner-title-visibility":"","ast-main-header-display":"","ast-hfb-above-header-display":"","ast-hfb-below-header-display":"","ast-hfb-mobile-header-display":"","site-post-title":"","ast-breadcrumbs-content":"","ast-featured-img":"","footer-sml-layout":"","theme-transparent-header-meta":"","adv-header-id-meta":"","stick-header-meta":"","header-above-stick-meta":"","header-main-stick-meta":"","header-below-stick-meta":"","astra-migrate-meta-layouts":"default","ast-page-background-enabled":"default","ast-page-background-meta":{"desktop":{"background-color":"var(--ast-global-color-4)","background-image":"","background-repeat":"repeat","background-position":"center center","background-size":"auto","background-attachment":"scroll","background-type":"","background-media":"","overlay-type":"","overlay-color":"","overlay-gradient":""},"tablet":{"background-color":"","background-image":"","background-repeat":"repeat","background-position":"center center","background-size":"auto","background-attachment":"scroll","background-type":"","background-media":"","overlay-type":"","overlay-color":"","overlay-gradient":""},"mobile":{"background-color":"","background-image":"","background-repeat":"repeat","background-position":"center center","background-size":"auto","background-attachment":"scroll","background-type":"","background-media":"","overlay-type":"","overlay-color":"","overlay-gradient":""}},"ast-content-background-meta":{"desktop":{"background-color":"var(--ast-global-color-5)","background-image":"","background-repeat":"repeat","background-position":"center center","background-size":"auto","background-attachment":"scroll","background-type":"","background-media":"","overlay-type":"","overlay-color":"","overlay-gradient":""},"tablet":{"background-color":"var(--ast-global-color-5)","background-image":"","background-repeat":"repeat","background-position":"center center","background-size":"auto","background-attachment":"scroll","background-type":"","background-media":"","overlay-type":"","overlay-color":"","overlay-gradient":""},"mobile":{"background-color":"var(--ast-global-color-5)","background-image":"","background-repeat":"repeat","background-position":"center center","background-size":"auto","background-attachment":"scroll","background-type":"","background-media":"","overlay-type":"","overlay-color":"","overlay-gradient":""}},"footnotes":""},"categories":[4509,1745,1014,15596,17329],"tags":[201653,205916,205915,165932,11230,205914],"class_list":["post-101273","post","type-post","status-publish","format-standard","hentry","category-arquitectura","category-historia-de-la-arquitectura","category-historia-del-arte","category-politecnica-de-catalunya","category-teoria-sociologica","tag-jose-maria-rovira-gimeno","tag-lluis-domenech-i-girbau","tag-ma-isabel-cabrera-garcia","tag-pere-ysi-s-solanes","tag-victor-perez-escolano","tag-yara-maite-colon-rodriguez"],"_links":{"self":[{"href":"https:\/\/www.deberes.net\/tesis\/wp-json\/wp\/v2\/posts\/101273","targetHints":{"allow":["GET"]}}],"collection":[{"href":"https:\/\/www.deberes.net\/tesis\/wp-json\/wp\/v2\/posts"}],"about":[{"href":"https:\/\/www.deberes.net\/tesis\/wp-json\/wp\/v2\/types\/post"}],"author":[{"embeddable":true,"href":"https:\/\/www.deberes.net\/tesis\/wp-json\/wp\/v2\/users\/1"}],"replies":[{"embeddable":true,"href":"https:\/\/www.deberes.net\/tesis\/wp-json\/wp\/v2\/comments?post=101273"}],"version-history":[{"count":0,"href":"https:\/\/www.deberes.net\/tesis\/wp-json\/wp\/v2\/posts\/101273\/revisions"}],"wp:attachment":[{"href":"https:\/\/www.deberes.net\/tesis\/wp-json\/wp\/v2\/media?parent=101273"}],"wp:term":[{"taxonomy":"category","embeddable":true,"href":"https:\/\/www.deberes.net\/tesis\/wp-json\/wp\/v2\/categories?post=101273"},{"taxonomy":"post_tag","embeddable":true,"href":"https:\/\/www.deberes.net\/tesis\/wp-json\/wp\/v2\/tags?post=101273"}],"curies":[{"name":"wp","href":"https:\/\/api.w.org\/{rel}","templated":true}]}}