{"id":101311,"date":"2010-02-06T00:00:00","date_gmt":"2010-02-06T00:00:00","guid":{"rendered":"https:\/\/www.deberes.net\/tesis\/sin-categoria\/los-modelos-asociativos-del-deporte-en-espana\/"},"modified":"2010-02-06T00:00:00","modified_gmt":"2010-02-06T00:00:00","slug":"los-modelos-asociativos-del-deporte-en-espana","status":"publish","type":"post","link":"https:\/\/www.deberes.net\/tesis\/derecho-civil\/los-modelos-asociativos-del-deporte-en-espana\/","title":{"rendered":"Los modelos asociativos del deporte en espa\u00f1a"},"content":{"rendered":"<h2>Tesis doctoral de <strong> Eduardo Blanco Pereira <\/strong><\/h2>\n<p>Esta tesis contiene un trabajo reflexivo a partir de un estudio descriptivo de los modelos asociativos del deporte estatal y auton\u00f3mico, que resulta novedoso por cuanto que hasta ahora no se hab\u00eda analizado de manera completa en el \u00e1mbito doctrinal. Se realiza un tratamiento conceptual de cada una de las figuras asociativas que forman o han formado parte del modelo deportivo de \u00e1mbito estatal en las diferentes etapas legislativas, y de las correspondientes a los modelos deportivos de \u00e1mbito auton\u00f3mico que se han configurado en cada una de las cc. Aa., A lo largo de los \u00faltimos 20 a\u00f1os.   se pretende identificar en esta investigaci\u00f3n, adem\u00e1s de los cambios m\u00e1s significativos que se han producido en el proceso evolutivo del tejido asociativo, las caracter\u00edsticas de los modelos asociativos del deporte en el \u00e1mbito estatal y auton\u00f3mico, para poder determinar si existe m\u00e1s de un modelo deportivo diferenciado desde la perspectiva asociativa.  se aborda, finalmente, como parte del objeto de la tesis, una problem\u00e1tica que pone al descubierto los vac\u00edos y disfunciones que se han generado en el modelo asociativo del deporte en espa\u00f1a y, respetando el \u00abhecho diferencial\u00bb y las competencias auton\u00f3micas, consecuentemente se proponen los cambios que se entienden como indispensables para una ordenaci\u00f3n coherente del tejido asociativo en los diferentes \u00e1mbitos territoriales de espa\u00f1a, contribuyendo a una mejor vertebraci\u00f3n, organizaci\u00f3n y desarrollo del deporte en cualquiera de sus diversas manifestaciones.<\/p>\n<p>&nbsp;<\/p>\n<h3>Datos acad\u00e9micos de la tesis doctoral \u00ab<strong>Los modelos asociativos del deporte en espa\u00f1a<\/strong>\u00ab<\/h3>\n<ul>\n<li><strong>T\u00edtulo de la tesis:<\/strong>\u00a0 Los modelos asociativos del deporte en espa\u00f1a <\/li>\n<li><strong>Autor:<\/strong>\u00a0 Eduardo Blanco Pereira <\/li>\n<li><strong>Universidad:<\/strong>\u00a0 Lleida<\/li>\n<li><strong>Fecha de lectura de la tesis:<\/strong>\u00a0 02\/06\/2010<\/li>\n<\/ul>\n<p>&nbsp;<\/p>\n<h3>Direcci\u00f3n y tribunal<\/h3>\n<ul>\n<li><strong>Director de la tesis<\/strong>\n<ul>\n<li>Andreu Camps Povill<\/li>\n<\/ul>\n<\/li>\n<li><strong>Tribunal<\/strong>\n<ul>\n<li>Presidente del tribunal: Jos\u00e9 Luis Meilan gil <\/li>\n<li>Jos\u00e9 Manuel Otero lastres (vocal)<\/li>\n<li>susana Mar\u00eda Monserrat revillo (vocal)<\/li>\n<li>vicente Gambau pinasa (vocal)<\/li>\n<\/ul>\n<\/li>\n<\/ul>\n<p>&nbsp;<\/p>\n","protected":false},"excerpt":{"rendered":"<p>Tesis doctoral de Eduardo Blanco Pereira Esta tesis contiene un trabajo reflexivo a partir de un estudio descriptivo de los [&hellip;]<\/p>\n","protected":false},"author":1,"featured_media":0,"comment_status":"open","ping_status":"open","sticky":false,"template":"","format":"standard","meta":{"site-sidebar-layout":"default","site-content-layout":"","ast-site-content-layout":"","site-content-style":"default","site-sidebar-style":"default","ast-global-header-display":"","ast-banner-title-visibility":"","ast-main-header-display":"","ast-hfb-above-header-display":"","ast-hfb-below-header-display":"","ast-hfb-mobile-header-display":"","site-post-title":"","ast-breadcrumbs-content":"","ast-featured-img":"","footer-sml-layout":"","theme-transparent-header-meta":"","adv-header-id-meta":"","stick-header-meta":"","header-above-stick-meta":"","header-main-stick-meta":"","header-below-stick-meta":"","astra-migrate-meta-layouts":"default","ast-page-background-enabled":"default","ast-page-background-meta":{"desktop":{"background-color":"var(--ast-global-color-4)","background-image":"","background-repeat":"repeat","background-position":"center center","background-size":"auto","background-attachment":"scroll","background-type":"","background-media":"","overlay-type":"","overlay-color":"","overlay-gradient":""},"tablet":{"background-color":"","background-image":"","background-repeat":"repeat","background-position":"center center","background-size":"auto","background-attachment":"scroll","background-type":"","background-media":"","overlay-type":"","overlay-color":"","overlay-gradient":""},"mobile":{"background-color":"","background-image":"","background-repeat":"repeat","background-position":"center center","background-size":"auto","background-attachment":"scroll","background-type":"","background-media":"","overlay-type":"","overlay-color":"","overlay-gradient":""}},"ast-content-background-meta":{"desktop":{"background-color":"var(--ast-global-color-5)","background-image":"","background-repeat":"repeat","background-position":"center center","background-size":"auto","background-attachment":"scroll","background-type":"","background-media":"","overlay-type":"","overlay-color":"","overlay-gradient":""},"tablet":{"background-color":"var(--ast-global-color-5)","background-image":"","background-repeat":"repeat","background-position":"center center","background-size":"auto","background-attachment":"scroll","background-type":"","background-media":"","overlay-type":"","overlay-color":"","overlay-gradient":""},"mobile":{"background-color":"var(--ast-global-color-5)","background-image":"","background-repeat":"repeat","background-position":"center center","background-size":"auto","background-attachment":"scroll","background-type":"","background-media":"","overlay-type":"","overlay-color":"","overlay-gradient":""}},"footnotes":""},"categories":[1442,1251,18842],"tags":[31085,205976,11039,4991,123505,61043],"class_list":["post-101311","post","type-post","status-publish","format-standard","hentry","category-derecho-administrativo","category-derecho-civil","category-lleida","tag-andreu-camps-povill","tag-eduardo-blanco-pereira","tag-jose-luis-meilan-gil","tag-jose-manuel-otero-lastres","tag-susana-maria-monserrat-revillo","tag-vicente-gambau-pinasa"],"_links":{"self":[{"href":"https:\/\/www.deberes.net\/tesis\/wp-json\/wp\/v2\/posts\/101311","targetHints":{"allow":["GET"]}}],"collection":[{"href":"https:\/\/www.deberes.net\/tesis\/wp-json\/wp\/v2\/posts"}],"about":[{"href":"https:\/\/www.deberes.net\/tesis\/wp-json\/wp\/v2\/types\/post"}],"author":[{"embeddable":true,"href":"https:\/\/www.deberes.net\/tesis\/wp-json\/wp\/v2\/users\/1"}],"replies":[{"embeddable":true,"href":"https:\/\/www.deberes.net\/tesis\/wp-json\/wp\/v2\/comments?post=101311"}],"version-history":[{"count":0,"href":"https:\/\/www.deberes.net\/tesis\/wp-json\/wp\/v2\/posts\/101311\/revisions"}],"wp:attachment":[{"href":"https:\/\/www.deberes.net\/tesis\/wp-json\/wp\/v2\/media?parent=101311"}],"wp:term":[{"taxonomy":"category","embeddable":true,"href":"https:\/\/www.deberes.net\/tesis\/wp-json\/wp\/v2\/categories?post=101311"},{"taxonomy":"post_tag","embeddable":true,"href":"https:\/\/www.deberes.net\/tesis\/wp-json\/wp\/v2\/tags?post=101311"}],"curies":[{"name":"wp","href":"https:\/\/api.w.org\/{rel}","templated":true}]}}