{"id":101339,"date":"2010-03-06T00:00:00","date_gmt":"2010-03-06T00:00:00","guid":{"rendered":"https:\/\/www.deberes.net\/tesis\/sin-categoria\/estereotipos-y-perjuicios-hacia-las-personas-de-procedencia-inda%c2%adgena-en-estudiantes-de-ensenanza-media-de-distintos-niveles-socioeconomicos-de-la-region-metropolitana\/"},"modified":"2010-03-06T00:00:00","modified_gmt":"2010-03-06T00:00:00","slug":"estereotipos-y-perjuicios-hacia-las-personas-de-procedencia-inda%c2%adgena-en-estudiantes-de-ensenanza-media-de-distintos-niveles-socioeconomicos-de-la-region-metropolitana","status":"publish","type":"post","link":"https:\/\/www.deberes.net\/tesis\/evaluacion-y-diagnostico-en-psicologia\/estereotipos-y-perjuicios-hacia-las-personas-de-procedencia-inda%c2%adgena-en-estudiantes-de-ensenanza-media-de-distintos-niveles-socioeconomicos-de-la-region-metropolitana\/","title":{"rendered":"Estereotipos y perjuicios hacia las personas de procedencia ind\u00edgena en estudiantes de ense\u00f1anza media de distintos niveles socioecon\u00f3micos de la regi\u00f3n metropolitana"},"content":{"rendered":"<h2>Tesis doctoral de <strong> Ruben Droguett Maturana <\/strong><\/h2>\n<p>Diversos autores en psicolog\u00eda social, sociolog\u00eda, antropolog\u00eda, plantean que en chile existen atribuciones de prejuicios y estereotipos negativos, entre otros, hacia los pueblos originarios de nuestro pa\u00eds a los que se les atribuyen disposiciones internas a la pobreza, flojera y falta de inteligencia, sin tomar en cuenta la fuerza desde las situaciones externas del medio sociocultural, lo que crea prejuicios y estereotipos de valores negativos hacia los miembros pertenecientes a esos grupos y con ello un trato o conducta estigmatizadora (larra\u00edn, 2001) en este trabajo se describe en una muestra de alumnos\/as de distintos niveles socioec\u00f3micos de colegios de ense\u00f1anza media de stgo. De chile, la existencia de prejuicios o estereotipos hacia las personas descendientes de pueblos originarios de chile.  En entendiendo por origen, patria, lugar donde se ha nacido o desde donde proviene la familia.<\/p>\n<p>&nbsp;<\/p>\n<h3>Datos acad\u00e9micos de la tesis doctoral \u00ab<strong>Estereotipos y perjuicios hacia las personas de procedencia ind\u00edgena en estudiantes de ense\u00f1anza media de distintos niveles socioecon\u00f3micos de la regi\u00f3n metropolitana<\/strong>\u00ab<\/h3>\n<ul>\n<li><strong>T\u00edtulo de la tesis:<\/strong>\u00a0 Estereotipos y perjuicios hacia las personas de procedencia ind\u00edgena en estudiantes de ense\u00f1anza media de distintos niveles socioecon\u00f3micos de la regi\u00f3n metropolitana <\/li>\n<li><strong>Autor:<\/strong>\u00a0 Ruben Droguett Maturana <\/li>\n<li><strong>Universidad:<\/strong>\u00a0 Granada<\/li>\n<li><strong>Fecha de lectura de la tesis:<\/strong>\u00a0 03\/06\/2010<\/li>\n<\/ul>\n<p>&nbsp;<\/p>\n<h3>Direcci\u00f3n y tribunal<\/h3>\n<ul>\n<li><strong>Director de la tesis<\/strong>\n<ul>\n<li>Marcelo Carmona Fernandez<\/li>\n<\/ul>\n<\/li>\n<li><strong>Tribunal<\/strong>\n<ul>\n<li>Presidente del tribunal: leonor Buendia eisman <\/li>\n<li>victoria Peralta espinosa (vocal)<\/li>\n<li>Jos\u00e9 lu\u00eds Reyes fuentes (vocal)<\/li>\n<li>  (vocal)<\/li>\n<\/ul>\n<\/li>\n<\/ul>\n<p>&nbsp;<\/p>\n","protected":false},"excerpt":{"rendered":"<p>Tesis doctoral de Ruben Droguett Maturana Diversos autores en psicolog\u00eda social, sociolog\u00eda, antropolog\u00eda, plantean que en chile existen atribuciones de [&hellip;]<\/p>\n","protected":false},"author":1,"featured_media":0,"comment_status":"open","ping_status":"open","sticky":false,"template":"","format":"standard","meta":{"site-sidebar-layout":"default","site-content-layout":"","ast-site-content-layout":"","site-content-style":"default","site-sidebar-style":"default","ast-global-header-display":"","ast-banner-title-visibility":"","ast-main-header-display":"","ast-hfb-above-header-display":"","ast-hfb-below-header-display":"","ast-hfb-mobile-header-display":"","site-post-title":"","ast-breadcrumbs-content":"","ast-featured-img":"","footer-sml-layout":"","theme-transparent-header-meta":"","adv-header-id-meta":"","stick-header-meta":"","header-above-stick-meta":"","header-main-stick-meta":"","header-below-stick-meta":"","astra-migrate-meta-layouts":"default","ast-page-background-enabled":"default","ast-page-background-meta":{"desktop":{"background-color":"var(--ast-global-color-4)","background-image":"","background-repeat":"repeat","background-position":"center center","background-size":"auto","background-attachment":"scroll","background-type":"","background-media":"","overlay-type":"","overlay-color":"","overlay-gradient":""},"tablet":{"background-color":"","background-image":"","background-repeat":"repeat","background-position":"center center","background-size":"auto","background-attachment":"scroll","background-type":"","background-media":"","overlay-type":"","overlay-color":"","overlay-gradient":""},"mobile":{"background-color":"","background-image":"","background-repeat":"repeat","background-position":"center center","background-size":"auto","background-attachment":"scroll","background-type":"","background-media":"","overlay-type":"","overlay-color":"","overlay-gradient":""}},"ast-content-background-meta":{"desktop":{"background-color":"var(--ast-global-color-5)","background-image":"","background-repeat":"repeat","background-position":"center center","background-size":"auto","background-attachment":"scroll","background-type":"","background-media":"","overlay-type":"","overlay-color":"","overlay-gradient":""},"tablet":{"background-color":"var(--ast-global-color-5)","background-image":"","background-repeat":"repeat","background-position":"center center","background-size":"auto","background-attachment":"scroll","background-type":"","background-media":"","overlay-type":"","overlay-color":"","overlay-gradient":""},"mobile":{"background-color":"var(--ast-global-color-5)","background-image":"","background-repeat":"repeat","background-position":"center center","background-size":"auto","background-attachment":"scroll","background-type":"","background-media":"","overlay-type":"","overlay-color":"","overlay-gradient":""}},"footnotes":""},"categories":[1175],"tags":[205884,8811,45457,206010,205885],"class_list":["post-101339","post","type-post","status-publish","format-standard","hentry","category-evaluacion-y-diagnostico-en-psicologia","tag-jose-luis-reyes-fuentes","tag-leonor-buendia-eisman","tag-marcelo-carmona-fernandez","tag-ruben-droguett-maturana","tag-victoria-peralta-espinosa"],"_links":{"self":[{"href":"https:\/\/www.deberes.net\/tesis\/wp-json\/wp\/v2\/posts\/101339","targetHints":{"allow":["GET"]}}],"collection":[{"href":"https:\/\/www.deberes.net\/tesis\/wp-json\/wp\/v2\/posts"}],"about":[{"href":"https:\/\/www.deberes.net\/tesis\/wp-json\/wp\/v2\/types\/post"}],"author":[{"embeddable":true,"href":"https:\/\/www.deberes.net\/tesis\/wp-json\/wp\/v2\/users\/1"}],"replies":[{"embeddable":true,"href":"https:\/\/www.deberes.net\/tesis\/wp-json\/wp\/v2\/comments?post=101339"}],"version-history":[{"count":0,"href":"https:\/\/www.deberes.net\/tesis\/wp-json\/wp\/v2\/posts\/101339\/revisions"}],"wp:attachment":[{"href":"https:\/\/www.deberes.net\/tesis\/wp-json\/wp\/v2\/media?parent=101339"}],"wp:term":[{"taxonomy":"category","embeddable":true,"href":"https:\/\/www.deberes.net\/tesis\/wp-json\/wp\/v2\/categories?post=101339"},{"taxonomy":"post_tag","embeddable":true,"href":"https:\/\/www.deberes.net\/tesis\/wp-json\/wp\/v2\/tags?post=101339"}],"curies":[{"name":"wp","href":"https:\/\/api.w.org\/{rel}","templated":true}]}}