{"id":101414,"date":"2010-07-06T00:00:00","date_gmt":"2010-07-06T00:00:00","guid":{"rendered":"https:\/\/www.deberes.net\/tesis\/sin-categoria\/la-estetica-de-la-obra-sinfonica-de-manuel-berna-garca%c2%ada\/"},"modified":"2010-07-06T00:00:00","modified_gmt":"2010-07-06T00:00:00","slug":"la-estetica-de-la-obra-sinfonica-de-manuel-berna-garca%c2%ada","status":"publish","type":"post","link":"https:\/\/www.deberes.net\/tesis\/historia-de-la-musica\/la-estetica-de-la-obra-sinfonica-de-manuel-berna-garca%c2%ada\/","title":{"rendered":"La est\u00e9tica de la obra sinf\u00f3nica de manuel bern\u00e1 garc\u00eda"},"content":{"rendered":"<h2>Tesis doctoral de <strong> Mar\u00eda  Consuelo Giner Tormo <\/strong><\/h2>\n<p>Esta tesis doctoral tiene como objetivo principal el estudio de la obra sinf\u00f3nica del compositor manuel bern\u00e1 garc\u00eda, nacido en albatera (alicante-espa\u00f1a), el 22 de agosto de 1915. La obra sinf\u00f3nica del compositor comprende 22 sinfon\u00edas: sinfon\u00eda primaveral, 1951; el miserere, 1957; suite de concierto, apuntes de viaje, 1964; mironianas, 1972; suite sinf\u00f3nica &quot;maestro serrano&quot;, 1973; im\u00e1genes, 1974; tres preludios alicantinos, 1978; impromptu, 1982; r\u00e9quiem, 1987; a miguel hern\u00e1ndez, 1989; concierto cl\u00e1sico, 1991; federaci\u00f3n 1968-1993, 1993; spanis motiv, 1996; lucentum, 1997; fin de milenio, 1999; en la tierra como en el cielo, 1999; r\u00edo abajo, 2001; homenaje a gin\u00e9s p\u00e9rez, 2001; ecclesiam, 2003; tres grandes amores, 2005; bocetos sinf\u00f3nicos, 2006; fantas\u00eda eleg\u00edaca, 2009. la tesis comienza con una exposici\u00f3n de la vida del autor, que indudablemente ha influido en sus composiciones, destacando las personas y valores relevantes en sus composiciones. A pesar de haber sido militar, su vida ha estado siempre vinculada a la m\u00fasica. Ha sido int\u00e9rprete, director de bandas y orquestas, profesor, organizador de cert\u00e1menes de bandas, ha intervenido en la difusi\u00f3n y consolidaci\u00f3n de los encuentros de auroros, ha sido miembro de jurado en concursos de m\u00fasica, creador del certamen de pasodobles de albatera, director del conservatorio profesional de orihuela, compositor de m\u00fasica ligera y de m\u00fasica culta. Ha querido que su vida est\u00e9 siempre ligada a albatera,  acu\u00f1ando  los t\u00e9rminos de &quot;albaterear&quot; y &quot;albatereando&quot;, lo que \u00e9l dice que ha ido haciendo por todo el mundo, dirigiendo su pasodoble albatera siempre que le ha sido posible. en el an\u00e1lisis de las composiciones del maestro ben\u00e1, se subraya la importancia de su estilo propio, que se encuadra dentro de la armon\u00eda tonal alterada, que huye de la duplicaci\u00f3n de la octava y la sustituye por otros intervalos m\u00e1s atractivos para \u00e9l, como las sextas y s\u00e9ptimas alteradas. Por otra parte, la obra sinf\u00f3nica de bern\u00e1 asume a la perfecci\u00f3n el impresionismo, con un gran dominio del color de la orquesta; el puntillismo, donde tienen valor las notas individualmente, fragmentando mucho las melod\u00edas; y el  simbolismo, buscando la representaci\u00f3n de la esencia del objeto que est\u00e1 describiendo, o la psicolog\u00eda del personaje. Pero, todo esto unido a una mentalidad contempor\u00e1nea donde va a sumar la idea de elevar la m\u00fasica popular a la categor\u00eda de sinf\u00f3nica, predominando, adem\u00e1s, en su m\u00fasica el tono sobre el modo. Aunque tiene obras atonales, el maestro bern\u00e1 prefiere moverse dentro de la tonalidad o, mejor, de la politonalidad, ya que, en la mayor parte de sus obras, superpone dos o m\u00e1s tonalidades y, a veces, se puede hablar, tambi\u00e9n, de una pantonalidad. en suma, bern\u00e1 es un compositor estudioso y atento a las nuevas corrientes de su \u00e9poca, vivo ejemplo de tenacidad, que ha sabido evolucionar y aportar su est\u00e9tica compositiva a las futuras generaciones, dentro de la m\u00fasica cl\u00e1sica, sin necesidad de tener que recurrir a la m\u00fasica electr\u00f3nica.<\/p>\n<p>&nbsp;<\/p>\n<h3>Datos acad\u00e9micos de la tesis doctoral \u00ab<strong>La est\u00e9tica de la obra sinf\u00f3nica de manuel bern\u00e1 garc\u00eda<\/strong>\u00ab<\/h3>\n<ul>\n<li><strong>T\u00edtulo de la tesis:<\/strong>\u00a0 La est\u00e9tica de la obra sinf\u00f3nica de manuel bern\u00e1 garc\u00eda<\/li>\n<li><strong>Autor:<\/strong>\u00a0 Mar\u00eda  Consuelo Giner Tormo <\/li>\n<li><strong>Universidad:<\/strong>\u00a0 Murcia<\/li>\n<li><strong>Fecha de lectura de la tesis:<\/strong>\u00a0 07\/06\/2010<\/li>\n<\/ul>\n<p>&nbsp;<\/p>\n<h3>Direcci\u00f3n y tribunal<\/h3>\n<ul>\n<li><strong>Director de la tesis<\/strong>\n<ul>\n<li>Alfonso Garcia Marques<\/li>\n<\/ul>\n<\/li>\n<li><strong>Tribunal<\/strong>\n<ul>\n<li>Presidente del tribunal: jos\u00e9 Villalobos dom\u00ednguez <\/li>\n<li>vicente Perell\u00f3 dom\u00e9nech (vocal)<\/li>\n<li>Jos\u00e9 Mar\u00eda Vives ramiro (vocal)<\/li>\n<li>lu\u00eds \u00e1lvarez munarriz (vocal)<\/li>\n<\/ul>\n<\/li>\n<\/ul>\n<p>&nbsp;<\/p>\n","protected":false},"excerpt":{"rendered":"<p>Tesis doctoral de Mar\u00eda Consuelo Giner Tormo Esta tesis doctoral tiene como objetivo principal el estudio de la obra sinf\u00f3nica [&hellip;]<\/p>\n","protected":false},"author":1,"featured_media":0,"comment_status":"open","ping_status":"open","sticky":false,"template":"","format":"standard","meta":{"site-sidebar-layout":"default","site-content-layout":"","ast-site-content-layout":"","site-content-style":"default","site-sidebar-style":"default","ast-global-header-display":"","ast-banner-title-visibility":"","ast-main-header-display":"","ast-hfb-above-header-display":"","ast-hfb-below-header-display":"","ast-hfb-mobile-header-display":"","site-post-title":"","ast-breadcrumbs-content":"","ast-featured-img":"","footer-sml-layout":"","theme-transparent-header-meta":"","adv-header-id-meta":"","stick-header-meta":"","header-above-stick-meta":"","header-main-stick-meta":"","header-below-stick-meta":"","astra-migrate-meta-layouts":"default","ast-page-background-enabled":"default","ast-page-background-meta":{"desktop":{"background-color":"var(--ast-global-color-4)","background-image":"","background-repeat":"repeat","background-position":"center center","background-size":"auto","background-attachment":"scroll","background-type":"","background-media":"","overlay-type":"","overlay-color":"","overlay-gradient":""},"tablet":{"background-color":"","background-image":"","background-repeat":"repeat","background-position":"center center","background-size":"auto","background-attachment":"scroll","background-type":"","background-media":"","overlay-type":"","overlay-color":"","overlay-gradient":""},"mobile":{"background-color":"","background-image":"","background-repeat":"repeat","background-position":"center center","background-size":"auto","background-attachment":"scroll","background-type":"","background-media":"","overlay-type":"","overlay-color":"","overlay-gradient":""}},"ast-content-background-meta":{"desktop":{"background-color":"var(--ast-global-color-5)","background-image":"","background-repeat":"repeat","background-position":"center center","background-size":"auto","background-attachment":"scroll","background-type":"","background-media":"","overlay-type":"","overlay-color":"","overlay-gradient":""},"tablet":{"background-color":"var(--ast-global-color-5)","background-image":"","background-repeat":"repeat","background-position":"center center","background-size":"auto","background-attachment":"scroll","background-type":"","background-media":"","overlay-type":"","overlay-color":"","overlay-gradient":""},"mobile":{"background-color":"var(--ast-global-color-5)","background-image":"","background-repeat":"repeat","background-position":"center center","background-size":"auto","background-attachment":"scroll","background-type":"","background-media":"","overlay-type":"","overlay-color":"","overlay-gradient":""}},"footnotes":""},"categories":[10452,7632,8235,9132],"tags":[25211,206132,11172,8653,206131,52605],"class_list":["post-101414","post","type-post","status-publish","format-standard","hentry","category-estetica","category-historia-de-la-musica","category-murcia","category-musica-y-musicologia","tag-alfonso-garcia-marques","tag-jose-maria-vives-ramiro","tag-jose-villalobos-dominguez","tag-luis-alvarez-munarriz","tag-maria-consuelo-giner-tormo","tag-vicente-perello-domenech"],"_links":{"self":[{"href":"https:\/\/www.deberes.net\/tesis\/wp-json\/wp\/v2\/posts\/101414","targetHints":{"allow":["GET"]}}],"collection":[{"href":"https:\/\/www.deberes.net\/tesis\/wp-json\/wp\/v2\/posts"}],"about":[{"href":"https:\/\/www.deberes.net\/tesis\/wp-json\/wp\/v2\/types\/post"}],"author":[{"embeddable":true,"href":"https:\/\/www.deberes.net\/tesis\/wp-json\/wp\/v2\/users\/1"}],"replies":[{"embeddable":true,"href":"https:\/\/www.deberes.net\/tesis\/wp-json\/wp\/v2\/comments?post=101414"}],"version-history":[{"count":0,"href":"https:\/\/www.deberes.net\/tesis\/wp-json\/wp\/v2\/posts\/101414\/revisions"}],"wp:attachment":[{"href":"https:\/\/www.deberes.net\/tesis\/wp-json\/wp\/v2\/media?parent=101414"}],"wp:term":[{"taxonomy":"category","embeddable":true,"href":"https:\/\/www.deberes.net\/tesis\/wp-json\/wp\/v2\/categories?post=101414"},{"taxonomy":"post_tag","embeddable":true,"href":"https:\/\/www.deberes.net\/tesis\/wp-json\/wp\/v2\/tags?post=101414"}],"curies":[{"name":"wp","href":"https:\/\/api.w.org\/{rel}","templated":true}]}}