{"id":101444,"date":"2010-08-06T00:00:00","date_gmt":"2010-08-06T00:00:00","guid":{"rendered":"https:\/\/www.deberes.net\/tesis\/sin-categoria\/vivienda-ma%c2%adnima-sostenible-de-bajo-coste-en-climas-templados-el-caso-de-la-vivienda-social-dinamica-sin-deuda-en-chile\/"},"modified":"2010-08-06T00:00:00","modified_gmt":"2010-08-06T00:00:00","slug":"vivienda-ma%c2%adnima-sostenible-de-bajo-coste-en-climas-templados-el-caso-de-la-vivienda-social-dinamica-sin-deuda-en-chile","status":"publish","type":"post","link":"https:\/\/www.deberes.net\/tesis\/arquitectura\/vivienda-ma%c2%adnima-sostenible-de-bajo-coste-en-climas-templados-el-caso-de-la-vivienda-social-dinamica-sin-deuda-en-chile\/","title":{"rendered":"Vivienda m\u00ednima sostenible de bajo coste en climas templados: el caso de la vivienda social din\u00e1mica sin deuda en chile"},"content":{"rendered":"<h2>Tesis doctoral de <strong> Alex Eugen Becker Ravest <\/strong><\/h2>\n<p>La vivienda m\u00ednima. La vivienda social din\u00e1mica sin deuda es un programa de la pol\u00edtica de vivienda social de la rep\u00fablica de chile. La tesis propone a partir del estudio de este programa, una metodolog\u00eda que permita elaborar este tipo de vivienda m\u00ednima de manera \u00f3ptima y considerando aquellos par\u00e1metros sostenibles de manera integral. Para ello se introduce en un comienzo, en la definici\u00f3n de vivienda m\u00ednima y el alcance del t\u00e9rmino as\u00ed como en el origen de la vivienda social en el modernismo y su implementaci\u00f3n a partir de los distintos programas de gobierno en chile. El estudio se realiza para climas templados debido a que las soluciones deben dar cuenta de una variedad de condiciones ambientales interesantes como son la presencia de estaciones marcadas y de caracter\u00edsticas clim\u00e1ticas bastante opuestas. Un punto importante en este estudio, es la puesta en valor de las soluciones no estandarizadas que responden a las necesidades del ser y axiol\u00f3gicas de los individuos. Para esto la tesis sondea y se sirve de la propuesta de mamfred max-neef respecto de las necesidades humanas proponiendo un m\u00e9todo para la determinaci\u00f3n del programa de vivienda social acorde con el grupo espec\u00edfico de habitantes estudiados. En el \u00e1mbito de la energ\u00eda y medioambiente se realiza un estudio de casos de conjuntos habitacionales que arroja ciertas conclusiones respecto de la eficiencia energ\u00e9tica y la calidad ambiental. Se propone un m\u00e9todo de an\u00e1lisis y elaboraci\u00f3n de proyectos de vivienda social, que adem\u00e1s de lo dicho respecto del programa, incorpora criterios de sostenibilidad. Una de las conclusiones de mayor relevancia para el autor de esta tesis es el hecho que para lograr los est\u00e1ndares de confort y de sostenibilidad planteados se tiene que modificar necesariamente la manera de realizar las pol\u00edticas habitacionales. Lo anterior resulta categ\u00f3rico no obstante, implic\u00f3 la necesidad de elaborar una estrategia de proyecto que se aplica en la etapa de dise\u00f1o y que permite integrar el factor social con fuerza a la toma de decisiones, actualmente estos procesos de interacci\u00f3n usuario, profesionales y gobierno se dan sin una estructura clara. En este sentido la intenci\u00f3n de la propuesta de la tesis es tener una herramienta metodol\u00f3gica que permita coordinar el proceso de manera eficiente. La comprobaci\u00f3n de estas afirmaciones vino del desarrollo de un encargo de este tipo. Primero se elabor\u00f3 una propuesta que reflejara de la mejor forma y de manera hipot\u00e9tica lo que debiera ser un conjunto residencial para 50 viviendas cuyos usuarios ten\u00edan caracter\u00edsticas similares a los de los casos estudiados. En segundo t\u00e9rmino y en paralelo al desarrollo de la tesis el autor tuvo la oportunidad de realizar un encargo profesional de similares condiciones. Es muy importante haber constatado que por mucho que se tenga el deseo y la vocaci\u00f3n de ayuda al pr\u00f3jimo por parte de los profesionales de diferentes disciplinas, la concreci\u00f3n del proyecto de viviendas es imposible en los t\u00e9rminos que idealmente propone la tesis en cuanto a eficiencia energ\u00e9tica y calidad espacial y ambiental, si no se modifican entre otros, los par\u00e1metros m\u00ednimos exigidos. Estos m\u00ednimos exigidos por el estamento gubernamental condicionan de manera absoluta y categ\u00f3rica el desempe\u00f1o de la empresa constructora, esto debido a que ninguna de estas empresas se encuentra en posici\u00f3n de implementar mejoras en los sistemas constructivos, en la distribuci\u00f3n y tama\u00f1o de los recintos as\u00ed como cualquier otra que implique una m\u00ednima alza de los costes debido principalmente al peque\u00f1o margen de utilidades con que se trabaja. Este hecho no s\u00f3lo afecta aspectos f\u00edsicos, espaciales, tambi\u00e9n lo hace en la contrataci\u00f3n de los servicios profesionales debido a que con m\u00e1rgenes de utilidades tan peque\u00f1os los profesionales tienden a realizar sus asesor\u00edas en corto per\u00edodo de tiempo situaci\u00f3n que redunda en la calidad de los proyectos y en las soluciones seriadas que se adoptan.<\/p>\n<p>&nbsp;<\/p>\n<h3>Datos acad\u00e9micos de la tesis doctoral \u00ab<strong>Vivienda m\u00ednima sostenible de bajo coste en climas templados: el caso de la vivienda social din\u00e1mica sin deuda en chile<\/strong>\u00ab<\/h3>\n<ul>\n<li><strong>T\u00edtulo de la tesis:<\/strong>\u00a0 Vivienda m\u00ednima sostenible de bajo coste en climas templados: el caso de la vivienda social din\u00e1mica sin deuda en chile <\/li>\n<li><strong>Autor:<\/strong>\u00a0 Alex Eugen Becker Ravest <\/li>\n<li><strong>Universidad:<\/strong>\u00a0 Polit\u00e9cnica de catalunya<\/li>\n<li><strong>Fecha de lectura de la tesis:<\/strong>\u00a0 08\/06\/2010<\/li>\n<\/ul>\n<p>&nbsp;<\/p>\n<h3>Direcci\u00f3n y tribunal<\/h3>\n<ul>\n<li><strong>Director de la tesis<\/strong>\n<ul>\n<li>Rafael Serra Florensa<\/li>\n<\/ul>\n<\/li>\n<li><strong>Tribunal<\/strong>\n<ul>\n<li>Presidente del tribunal: jaume Avellaneda diaz grande <\/li>\n<li>gianni Scudo (vocal)<\/li>\n<li>  (vocal)<\/li>\n<li>  (vocal)<\/li>\n<\/ul>\n<\/li>\n<\/ul>\n<p>&nbsp;<\/p>\n","protected":false},"excerpt":{"rendered":"<p>Tesis doctoral de Alex Eugen Becker Ravest La vivienda m\u00ednima. La vivienda social din\u00e1mica sin deuda es un programa de [&hellip;]<\/p>\n","protected":false},"author":1,"featured_media":0,"comment_status":"open","ping_status":"open","sticky":false,"template":"","format":"standard","meta":{"site-sidebar-layout":"default","site-content-layout":"","ast-site-content-layout":"","site-content-style":"default","site-sidebar-style":"default","ast-global-header-display":"","ast-banner-title-visibility":"","ast-main-header-display":"","ast-hfb-above-header-display":"","ast-hfb-below-header-display":"","ast-hfb-mobile-header-display":"","site-post-title":"","ast-breadcrumbs-content":"","ast-featured-img":"","footer-sml-layout":"","theme-transparent-header-meta":"","adv-header-id-meta":"","stick-header-meta":"","header-above-stick-meta":"","header-main-stick-meta":"","header-below-stick-meta":"","astra-migrate-meta-layouts":"default","ast-page-background-enabled":"default","ast-page-background-meta":{"desktop":{"background-color":"var(--ast-global-color-4)","background-image":"","background-repeat":"repeat","background-position":"center center","background-size":"auto","background-attachment":"scroll","background-type":"","background-media":"","overlay-type":"","overlay-color":"","overlay-gradient":""},"tablet":{"background-color":"","background-image":"","background-repeat":"repeat","background-position":"center center","background-size":"auto","background-attachment":"scroll","background-type":"","background-media":"","overlay-type":"","overlay-color":"","overlay-gradient":""},"mobile":{"background-color":"","background-image":"","background-repeat":"repeat","background-position":"center center","background-size":"auto","background-attachment":"scroll","background-type":"","background-media":"","overlay-type":"","overlay-color":"","overlay-gradient":""}},"ast-content-background-meta":{"desktop":{"background-color":"var(--ast-global-color-5)","background-image":"","background-repeat":"repeat","background-position":"center center","background-size":"auto","background-attachment":"scroll","background-type":"","background-media":"","overlay-type":"","overlay-color":"","overlay-gradient":""},"tablet":{"background-color":"var(--ast-global-color-5)","background-image":"","background-repeat":"repeat","background-position":"center center","background-size":"auto","background-attachment":"scroll","background-type":"","background-media":"","overlay-type":"","overlay-color":"","overlay-gradient":""},"mobile":{"background-color":"var(--ast-global-color-5)","background-image":"","background-repeat":"repeat","background-position":"center center","background-size":"auto","background-attachment":"scroll","background-type":"","background-media":"","overlay-type":"","overlay-color":"","overlay-gradient":""}},"footnotes":""},"categories":[4509,6354,15596,15699,15799],"tags":[206178,15673,26542,15671],"class_list":["post-101444","post","type-post","status-publish","format-standard","hentry","category-arquitectura","category-desarrollo-humano","category-politecnica-de-catalunya","category-tecnicas-de-diseno-arquitectonico","category-viviendas","tag-alex-eugen-becker-ravest","tag-gianni-scudo","tag-jaume-avellaneda-diaz-grande","tag-rafael-serra-florensa"],"_links":{"self":[{"href":"https:\/\/www.deberes.net\/tesis\/wp-json\/wp\/v2\/posts\/101444","targetHints":{"allow":["GET"]}}],"collection":[{"href":"https:\/\/www.deberes.net\/tesis\/wp-json\/wp\/v2\/posts"}],"about":[{"href":"https:\/\/www.deberes.net\/tesis\/wp-json\/wp\/v2\/types\/post"}],"author":[{"embeddable":true,"href":"https:\/\/www.deberes.net\/tesis\/wp-json\/wp\/v2\/users\/1"}],"replies":[{"embeddable":true,"href":"https:\/\/www.deberes.net\/tesis\/wp-json\/wp\/v2\/comments?post=101444"}],"version-history":[{"count":0,"href":"https:\/\/www.deberes.net\/tesis\/wp-json\/wp\/v2\/posts\/101444\/revisions"}],"wp:attachment":[{"href":"https:\/\/www.deberes.net\/tesis\/wp-json\/wp\/v2\/media?parent=101444"}],"wp:term":[{"taxonomy":"category","embeddable":true,"href":"https:\/\/www.deberes.net\/tesis\/wp-json\/wp\/v2\/categories?post=101444"},{"taxonomy":"post_tag","embeddable":true,"href":"https:\/\/www.deberes.net\/tesis\/wp-json\/wp\/v2\/tags?post=101444"}],"curies":[{"name":"wp","href":"https:\/\/api.w.org\/{rel}","templated":true}]}}