{"id":101465,"date":"2010-09-06T00:00:00","date_gmt":"2010-09-06T00:00:00","guid":{"rendered":"https:\/\/www.deberes.net\/tesis\/sin-categoria\/la-integracion-de-la-juventud-de-ora%c2%adgen-magreba%c2%ad-en-cataluna\/"},"modified":"2010-09-06T00:00:00","modified_gmt":"2010-09-06T00:00:00","slug":"la-integracion-de-la-juventud-de-ora%c2%adgen-magreba%c2%ad-en-cataluna","status":"publish","type":"post","link":"https:\/\/www.deberes.net\/tesis\/barcelona\/la-integracion-de-la-juventud-de-ora%c2%adgen-magreba%c2%ad-en-cataluna\/","title":{"rendered":"La integraci\u00f3n de la juventud de or\u00edgen magreb\u00ed en catalu\u00f1a"},"content":{"rendered":"<h2>Tesis doctoral de <strong> Berta Palou Julian <\/strong><\/h2>\n<p>En esta tesis se analiza el estado de integraci\u00f3n de la juventud de origen magreb\u00ed en catalu\u00f1a desde una doble perspectiva: la perspectiva de la juventud de origen magreb\u00ed y la del resto de j\u00f3venes. Se trata de una investigaci\u00f3n de corte diagn\u00f3stico que se centra en una tem\u00e1tica emergente en nuestra sociedad. Nuestra definici\u00f3n de integraci\u00f3n implica aceptar que no basta con un reconocimiento jur\u00eddico y legal de unos derechos que permitan desarrollarse en comunidad, sino que es preciso promover pol\u00edticas de inclusi\u00f3n que posibiliten el campo de interacci\u00f3n desde el que los individuos sean dotados de todas las dimensiones de la ciudadan\u00eda y abran todo el abanico de elementos personales dispuestos en positivo necesarios para comprender otras culturas. Encontramos la operativizaci\u00f3n de la integraci\u00f3n a trav\u00e9s de la adaptaci\u00f3n del modelo din\u00e1mico de ciudadan\u00eda desarrollado por el grupo gredi.<\/p>\n<p>&nbsp;<\/p>\n<h3>Datos acad\u00e9micos de la tesis doctoral \u00ab<strong>La integraci\u00f3n de la juventud de or\u00edgen magreb\u00ed en catalu\u00f1a<\/strong>\u00ab<\/h3>\n<ul>\n<li><strong>T\u00edtulo de la tesis:<\/strong>\u00a0 La integraci\u00f3n de la juventud de or\u00edgen magreb\u00ed en catalu\u00f1a <\/li>\n<li><strong>Autor:<\/strong>\u00a0 Berta Palou Julian <\/li>\n<li><strong>Universidad:<\/strong>\u00a0 Barcelona<\/li>\n<li><strong>Fecha de lectura de la tesis:<\/strong>\u00a0 09\/06\/2010<\/li>\n<\/ul>\n<p>&nbsp;<\/p>\n<h3>Direcci\u00f3n y tribunal<\/h3>\n<ul>\n<li><strong>Director de la tesis<\/strong>\n<ul>\n<li>Mar\u00eda \u00e1ngeles Mar\u00edn Gracia<\/li>\n<\/ul>\n<\/li>\n<li><strong>Tribunal<\/strong>\n<ul>\n<li>Presidente del tribunal: margarita Bartolom\u00e9 pina <\/li>\n<li>Mar\u00eda  margarida Marques (vocal)<\/li>\n<li>  (vocal)<\/li>\n<li>  (vocal)<\/li>\n<\/ul>\n<\/li>\n<\/ul>\n<p>&nbsp;<\/p>\n","protected":false},"excerpt":{"rendered":"<p>Tesis doctoral de Berta Palou Julian En esta tesis se analiza el estado de integraci\u00f3n de la juventud de origen [&hellip;]<\/p>\n","protected":false},"author":1,"featured_media":0,"comment_status":"open","ping_status":"open","sticky":false,"template":"","format":"standard","meta":{"site-sidebar-layout":"default","site-content-layout":"","ast-site-content-layout":"","site-content-style":"default","site-sidebar-style":"default","ast-global-header-display":"","ast-banner-title-visibility":"","ast-main-header-display":"","ast-hfb-above-header-display":"","ast-hfb-below-header-display":"","ast-hfb-mobile-header-display":"","site-post-title":"","ast-breadcrumbs-content":"","ast-featured-img":"","footer-sml-layout":"","theme-transparent-header-meta":"","adv-header-id-meta":"","stick-header-meta":"","header-above-stick-meta":"","header-main-stick-meta":"","header-below-stick-meta":"","astra-migrate-meta-layouts":"default","ast-page-background-enabled":"default","ast-page-background-meta":{"desktop":{"background-color":"var(--ast-global-color-4)","background-image":"","background-repeat":"repeat","background-position":"center center","background-size":"auto","background-attachment":"scroll","background-type":"","background-media":"","overlay-type":"","overlay-color":"","overlay-gradient":""},"tablet":{"background-color":"","background-image":"","background-repeat":"repeat","background-position":"center center","background-size":"auto","background-attachment":"scroll","background-type":"","background-media":"","overlay-type":"","overlay-color":"","overlay-gradient":""},"mobile":{"background-color":"","background-image":"","background-repeat":"repeat","background-position":"center center","background-size":"auto","background-attachment":"scroll","background-type":"","background-media":"","overlay-type":"","overlay-color":"","overlay-gradient":""}},"ast-content-background-meta":{"desktop":{"background-color":"var(--ast-global-color-5)","background-image":"","background-repeat":"repeat","background-position":"center center","background-size":"auto","background-attachment":"scroll","background-type":"","background-media":"","overlay-type":"","overlay-color":"","overlay-gradient":""},"tablet":{"background-color":"var(--ast-global-color-5)","background-image":"","background-repeat":"repeat","background-position":"center center","background-size":"auto","background-attachment":"scroll","background-type":"","background-media":"","overlay-type":"","overlay-color":"","overlay-gradient":""},"mobile":{"background-color":"var(--ast-global-color-5)","background-image":"","background-repeat":"repeat","background-position":"center center","background-size":"auto","background-attachment":"scroll","background-type":"","background-media":"","overlay-type":"","overlay-color":"","overlay-gradient":""}},"footnotes":""},"categories":[951,23723,1141,9284],"tags":[206209,13978,123510,206210],"class_list":["post-101465","post","type-post","status-publish","format-standard","hentry","category-barcelona","category-migraciones","category-pedagogia","category-politica-educativa","tag-berta-palou-julian","tag-margarita-bartolome-pina","tag-maria-angeles-marin-gracia","tag-maria-margarida-marques"],"_links":{"self":[{"href":"https:\/\/www.deberes.net\/tesis\/wp-json\/wp\/v2\/posts\/101465","targetHints":{"allow":["GET"]}}],"collection":[{"href":"https:\/\/www.deberes.net\/tesis\/wp-json\/wp\/v2\/posts"}],"about":[{"href":"https:\/\/www.deberes.net\/tesis\/wp-json\/wp\/v2\/types\/post"}],"author":[{"embeddable":true,"href":"https:\/\/www.deberes.net\/tesis\/wp-json\/wp\/v2\/users\/1"}],"replies":[{"embeddable":true,"href":"https:\/\/www.deberes.net\/tesis\/wp-json\/wp\/v2\/comments?post=101465"}],"version-history":[{"count":0,"href":"https:\/\/www.deberes.net\/tesis\/wp-json\/wp\/v2\/posts\/101465\/revisions"}],"wp:attachment":[{"href":"https:\/\/www.deberes.net\/tesis\/wp-json\/wp\/v2\/media?parent=101465"}],"wp:term":[{"taxonomy":"category","embeddable":true,"href":"https:\/\/www.deberes.net\/tesis\/wp-json\/wp\/v2\/categories?post=101465"},{"taxonomy":"post_tag","embeddable":true,"href":"https:\/\/www.deberes.net\/tesis\/wp-json\/wp\/v2\/tags?post=101465"}],"curies":[{"name":"wp","href":"https:\/\/api.w.org\/{rel}","templated":true}]}}