{"id":101470,"date":"2010-09-06T00:00:00","date_gmt":"2010-09-06T00:00:00","guid":{"rendered":"https:\/\/www.deberes.net\/tesis\/sin-categoria\/joan-rubio-i-bellver-en-mallorca-arquitectura-i-teoria\/"},"modified":"2010-09-06T00:00:00","modified_gmt":"2010-09-06T00:00:00","slug":"joan-rubio-i-bellver-en-mallorca-arquitectura-i-teoria","status":"publish","type":"post","link":"https:\/\/www.deberes.net\/tesis\/barcelona\/joan-rubio-i-bellver-en-mallorca-arquitectura-i-teoria\/","title":{"rendered":"Joan rubi\u00f3 i bellver en mallorca. arquitectura i teor\u00eda"},"content":{"rendered":"<h2>Tesis doctoral de <strong> Soledad Lia\u00f1o Gibert <\/strong><\/h2>\n<p>An\u00e1lisis de la presencia del arquitecto modernista joan rubi\u00f3 i bellver (reus 1870-barcelona 1852) en la isla de mallorca, desde el punto de vista te\u00f3rico i aqueitect\u00f3nico. Defender esa circunstancia no como un hecho puntual dentro del modernismo mallorqu\u00edn, sino como algo m\u00e1s amplio que interpreto como unaestrategia de renovaci\u00f3n cultural que el obispo pere joan campins y el vicario general antonio maria alcover llevan a cabo en el primer ciuarto de siglo xx. La voluntad de antonio maria alcover llevan a cabo en el primer cuarto del siglo xx. La voluntad de estos religiosos de renovar el panorama mallorqu\u00edn consist\u00eda en hacerse par\u00edcipe del nuevo contexto cultural, pol\u00edtico y social, con claros arraigos macionalistas, que para esos entonces estaba experimentando catalu\u00f1a. A trav\u00e9s de rubi\u00f3, y en menor medida de la fugaz presencia de gaud\u00ed, se aseguraban un puente con la metr\u00f3polis, participando indirectamente de esas nuevas circunstancias. el presente estudio tambi\u00e9n se plantea como una oportunidad para revisar el cat\u00e1logo del aquitecto en mallorca, as\u00ed como su importante legado te\u00f3rico, en gran medida in\u00e9dito hasta el momento<\/p>\n<p>&nbsp;<\/p>\n<h3>Datos acad\u00e9micos de la tesis doctoral \u00ab<strong>Joan rubi\u00f3 i bellver en mallorca. arquitectura i teor\u00eda<\/strong>\u00ab<\/h3>\n<ul>\n<li><strong>T\u00edtulo de la tesis:<\/strong>\u00a0 Joan rubi\u00f3 i bellver en mallorca. arquitectura i teor\u00eda <\/li>\n<li><strong>Autor:<\/strong>\u00a0 Soledad Lia\u00f1o Gibert <\/li>\n<li><strong>Universidad:<\/strong>\u00a0 Barcelona<\/li>\n<li><strong>Fecha de lectura de la tesis:<\/strong>\u00a0 09\/06\/2010<\/li>\n<\/ul>\n<p>&nbsp;<\/p>\n<h3>Direcci\u00f3n y tribunal<\/h3>\n<ul>\n<li><strong>Director de la tesis<\/strong>\n<ul>\n<li>Mar\u00eda  Del Ripoll Freixa Serra<\/li>\n<\/ul>\n<\/li>\n<li><strong>Tribunal<\/strong>\n<ul>\n<li>Presidente del tribunal: manuel De sola morales rubio <\/li>\n<li>pedro Navascues palacio (vocal)<\/li>\n<li>  (vocal)<\/li>\n<li>  (vocal)<\/li>\n<\/ul>\n<\/li>\n<\/ul>\n<p>&nbsp;<\/p>\n","protected":false},"excerpt":{"rendered":"<p>Tesis doctoral de Soledad Lia\u00f1o Gibert An\u00e1lisis de la presencia del arquitecto modernista joan rubi\u00f3 i bellver (reus 1870-barcelona 1852) [&hellip;]<\/p>\n","protected":false},"author":1,"featured_media":0,"comment_status":"open","ping_status":"open","sticky":false,"template":"","format":"standard","meta":{"site-sidebar-layout":"default","site-content-layout":"","ast-site-content-layout":"","site-content-style":"default","site-sidebar-style":"default","ast-global-header-display":"","ast-banner-title-visibility":"","ast-main-header-display":"","ast-hfb-above-header-display":"","ast-hfb-below-header-display":"","ast-hfb-mobile-header-display":"","site-post-title":"","ast-breadcrumbs-content":"","ast-featured-img":"","footer-sml-layout":"","theme-transparent-header-meta":"","adv-header-id-meta":"","stick-header-meta":"","header-above-stick-meta":"","header-main-stick-meta":"","header-below-stick-meta":"","astra-migrate-meta-layouts":"default","ast-page-background-enabled":"default","ast-page-background-meta":{"desktop":{"background-color":"var(--ast-global-color-4)","background-image":"","background-repeat":"repeat","background-position":"center center","background-size":"auto","background-attachment":"scroll","background-type":"","background-media":"","overlay-type":"","overlay-color":"","overlay-gradient":""},"tablet":{"background-color":"","background-image":"","background-repeat":"repeat","background-position":"center center","background-size":"auto","background-attachment":"scroll","background-type":"","background-media":"","overlay-type":"","overlay-color":"","overlay-gradient":""},"mobile":{"background-color":"","background-image":"","background-repeat":"repeat","background-position":"center center","background-size":"auto","background-attachment":"scroll","background-type":"","background-media":"","overlay-type":"","overlay-color":"","overlay-gradient":""}},"ast-content-background-meta":{"desktop":{"background-color":"var(--ast-global-color-5)","background-image":"","background-repeat":"repeat","background-position":"center center","background-size":"auto","background-attachment":"scroll","background-type":"","background-media":"","overlay-type":"","overlay-color":"","overlay-gradient":""},"tablet":{"background-color":"var(--ast-global-color-5)","background-image":"","background-repeat":"repeat","background-position":"center center","background-size":"auto","background-attachment":"scroll","background-type":"","background-media":"","overlay-type":"","overlay-color":"","overlay-gradient":""},"mobile":{"background-color":"var(--ast-global-color-5)","background-image":"","background-repeat":"repeat","background-position":"center center","background-size":"auto","background-attachment":"scroll","background-type":"","background-media":"","overlay-type":"","overlay-color":"","overlay-gradient":""}},"footnotes":""},"categories":[4509,951,2563],"tags":[15682,94145,12905,206220],"class_list":["post-101470","post","type-post","status-publish","format-standard","hentry","category-arquitectura","category-barcelona","category-historia-del-arte-de-los-siglos-xix-y-xx","tag-manuel-de-sola-morales-rubio","tag-maria-del-ripoll-freixa-serra","tag-pedro-navascues-palacio","tag-soledad-liano-gibert"],"_links":{"self":[{"href":"https:\/\/www.deberes.net\/tesis\/wp-json\/wp\/v2\/posts\/101470","targetHints":{"allow":["GET"]}}],"collection":[{"href":"https:\/\/www.deberes.net\/tesis\/wp-json\/wp\/v2\/posts"}],"about":[{"href":"https:\/\/www.deberes.net\/tesis\/wp-json\/wp\/v2\/types\/post"}],"author":[{"embeddable":true,"href":"https:\/\/www.deberes.net\/tesis\/wp-json\/wp\/v2\/users\/1"}],"replies":[{"embeddable":true,"href":"https:\/\/www.deberes.net\/tesis\/wp-json\/wp\/v2\/comments?post=101470"}],"version-history":[{"count":0,"href":"https:\/\/www.deberes.net\/tesis\/wp-json\/wp\/v2\/posts\/101470\/revisions"}],"wp:attachment":[{"href":"https:\/\/www.deberes.net\/tesis\/wp-json\/wp\/v2\/media?parent=101470"}],"wp:term":[{"taxonomy":"category","embeddable":true,"href":"https:\/\/www.deberes.net\/tesis\/wp-json\/wp\/v2\/categories?post=101470"},{"taxonomy":"post_tag","embeddable":true,"href":"https:\/\/www.deberes.net\/tesis\/wp-json\/wp\/v2\/tags?post=101470"}],"curies":[{"name":"wp","href":"https:\/\/api.w.org\/{rel}","templated":true}]}}